

{"id":73426,"date":"2024-09-05T17:23:32","date_gmt":"2024-09-05T20:23:32","guid":{"rendered":"https:\/\/goias.gov.br\/economia\/?p=73426"},"modified":"2024-09-05T17:23:43","modified_gmt":"2024-09-05T20:23:43","slug":"cat-suspende-atividades-em-alguns-setores-do-orgao-nesta-sexta-feira","status":"publish","type":"post","link":"https:\/\/goias.gov.br\/economia\/cat-suspende-atividades-em-alguns-setores-do-orgao-nesta-sexta-feira\/","title":{"rendered":"CAT suspende atividades em alguns setores do \u00f3rg\u00e3o nesta sexta-feira"},"content":{"rendered":"<p>O Conselho Administrativo Tribut\u00e1rio (CAT) da Economia informa que, nesta sexta-feira (6\/9), no per\u00edodo vespertino, ser\u00e1 realizada higieniza\u00e7\u00e3o em todas as salas do \u00f3rg\u00e3o localizadas no primeiro andar do Complexo Fazend\u00e1rio, em Goi\u00e2nia. Desse modo, o expediente ocorrer\u00e1, excepcionalmente, das 8h \u00e0s 12h nos seguintes locais: Gabinete da Presid\u00eancia, Ger\u00eancia Geral, C\u00e2maras Julgadoras, Apoio Jur\u00eddico, Primeira e Segunda Inst\u00e2ncia Julgadoras, al\u00e9m da sala do Corpo de Julgadores.<\/p>\n<p>Nas demais depend\u00eancias, o funcionamento segue normalmente. As atividades ser\u00e3o retomadas em hor\u00e1rio integral na segunda-feira\u00a0 (9\/9).<\/p>\n<p>Secretaria da Economia \u2013 Governo de Goi\u00e1s<\/p>\n","protected":false},"excerpt":{"rendered":"<p>O Conselho Administrativo Tribut\u00e1rio (CAT) da Economia informa que, nesta sexta-feira (6\/9), no per\u00edodo vespertino, ser\u00e1 realizada higieniza\u00e7\u00e3o em todas as salas do \u00f3rg\u00e3o localizadas no primeiro andar do Complexo Fazend\u00e1rio, em Goi\u00e2nia. Desse modo, o expediente ocorrer\u00e1, excepcionalmente, das 8h \u00e0s 12h nos seguintes locais: Gabinete da Presid\u00eancia, Ger\u00eancia Geral, C\u00e2maras Julgadoras, Apoio Jur\u00eddico, [&hellip;]<\/p>\n","protected":false},"author":365,"featured_media":0,"comment_status":"closed","ping_status":"open","sticky":false,"template":"","format":"standard","meta":{"footnotes":""},"categories":[239],"tags":[240],"class_list":["post-73426","post","type-post","status-publish","format-standard","hentry","category-aviso","tag-aviso"],"rttpg_featured_image_url":null,"rttpg_author":{"display_name":"noemiaataide","author_link":"https:\/\/goias.gov.br\/economia\/author\/noemiaataide\/"},"rttpg_comment":0,"rttpg_category":"<a href=\"https:\/\/goias.gov.br\/economia\/categoria\/avisos\/aviso\/\" rel=\"category tag\">Aviso<\/a>","rttpg_excerpt":"O Conselho Administrativo Tribut\u00e1rio (CAT) da Economia informa que, nesta sexta-feira (6\/9), no per\u00edodo vespertino, ser\u00e1 realizada higieniza\u00e7\u00e3o em todas as salas do \u00f3rg\u00e3o localizadas no primeiro andar do Complexo Fazend\u00e1rio, em Goi\u00e2nia. Desse modo, o expediente ocorrer\u00e1, excepcionalmente, das 8h \u00e0s 12h nos seguintes locais: Gabinete da Presid\u00eancia, Ger\u00eancia Geral, C\u00e2maras Julgadoras, Apoio Jur\u00eddico,&hellip;","_links":{"self":[{"href":"https:\/\/goias.gov.br\/economia\/wp-json\/wp\/v2\/posts\/73426","targetHints":{"allow":["GET"]}}],"collection":[{"href":"https:\/\/goias.gov.br\/economia\/wp-json\/wp\/v2\/posts"}],"about":[{"href":"https:\/\/goias.gov.br\/economia\/wp-json\/wp\/v2\/types\/post"}],"author":[{"embeddable":true,"href":"https:\/\/goias.gov.br\/economia\/wp-json\/wp\/v2\/users\/365"}],"replies":[{"embeddable":true,"href":"https:\/\/goias.gov.br\/economia\/wp-json\/wp\/v2\/comments?post=73426"}],"version-history":[{"count":1,"href":"https:\/\/goias.gov.br\/economia\/wp-json\/wp\/v2\/posts\/73426\/revisions"}],"predecessor-version":[{"id":73427,"href":"https:\/\/goias.gov.br\/economia\/wp-json\/wp\/v2\/posts\/73426\/revisions\/73427"}],"wp:attachment":[{"href":"https:\/\/goias.gov.br\/economia\/wp-json\/wp\/v2\/media?parent=73426"}],"wp:term":[{"taxonomy":"category","embeddable":true,"href":"https:\/\/goias.gov.br\/economia\/wp-json\/wp\/v2\/categories?post=73426"},{"taxonomy":"post_tag","embeddable":true,"href":"https:\/\/goias.gov.br\/economia\/wp-json\/wp\/v2\/tags?post=73426"}],"curies":[{"name":"wp","href":"https:\/\/api.w.org\/{rel}","templated":true}]}}