

{"id":448258,"date":"2026-04-17T14:53:12","date_gmt":"2026-04-17T17:53:12","guid":{"rendered":"https:\/\/goias.gov.br\/economia\/?p=448258"},"modified":"2026-04-17T14:53:12","modified_gmt":"2026-04-17T17:53:12","slug":"drf-de-catalao-esta-sem-acesso-a-internet","status":"publish","type":"post","link":"https:\/\/goias.gov.br\/economia\/drf-de-catalao-esta-sem-acesso-a-internet\/","title":{"rendered":"DRF de Catal\u00e3o est\u00e1 sem acesso \u00e0 internet"},"content":{"rendered":"\n<p>A Delegacia Regional de Fiscaliza\u00e7\u00e3o (DRF) de Catal\u00e3o est\u00e1 com o atendimento ao p\u00fablico comprometido por estar sem acesso \u00e0 internet. Foi constatado problema no servidor e ainda n\u00e3o h\u00e1 previs\u00e3o de retorno do servi\u00e7o.<\/p>\n\n\n\n<p><strong>Secretaria da Economia &#8211; Governo de Goias<\/strong><\/p>\n","protected":false},"excerpt":{"rendered":"<p>A Delegacia Regional de Fiscaliza\u00e7\u00e3o (DRF) de Catal\u00e3o est\u00e1 com o atendimento ao p\u00fablico comprometido por estar sem acesso \u00e0 internet. Foi constatado problema no servidor e ainda n\u00e3o h\u00e1 previs\u00e3o de retorno do servi\u00e7o. Secretaria da Economia &#8211; Governo de Goias<\/p>\n","protected":false},"author":839,"featured_media":0,"comment_status":"closed","ping_status":"open","sticky":false,"template":"","format":"standard","meta":{"footnotes":""},"categories":[239],"tags":[240],"class_list":["post-448258","post","type-post","status-publish","format-standard","hentry","category-aviso","tag-aviso"],"rttpg_featured_image_url":null,"rttpg_author":{"display_name":"luisamedeiros","author_link":"https:\/\/goias.gov.br\/economia\/author\/luisamedeiros\/"},"rttpg_comment":0,"rttpg_category":"<a href=\"https:\/\/goias.gov.br\/economia\/categoria\/avisos\/aviso\/\" rel=\"category tag\">Aviso<\/a>","rttpg_excerpt":"A Delegacia Regional de Fiscaliza\u00e7\u00e3o (DRF) de Catal\u00e3o est\u00e1 com o atendimento ao p\u00fablico comprometido por estar sem acesso \u00e0 internet. Foi constatado problema no servidor e ainda n\u00e3o h\u00e1 previs\u00e3o de retorno do servi\u00e7o. Secretaria da Economia &#8211; Governo de Goias","_links":{"self":[{"href":"https:\/\/goias.gov.br\/economia\/wp-json\/wp\/v2\/posts\/448258","targetHints":{"allow":["GET"]}}],"collection":[{"href":"https:\/\/goias.gov.br\/economia\/wp-json\/wp\/v2\/posts"}],"about":[{"href":"https:\/\/goias.gov.br\/economia\/wp-json\/wp\/v2\/types\/post"}],"author":[{"embeddable":true,"href":"https:\/\/goias.gov.br\/economia\/wp-json\/wp\/v2\/users\/839"}],"replies":[{"embeddable":true,"href":"https:\/\/goias.gov.br\/economia\/wp-json\/wp\/v2\/comments?post=448258"}],"version-history":[{"count":1,"href":"https:\/\/goias.gov.br\/economia\/wp-json\/wp\/v2\/posts\/448258\/revisions"}],"predecessor-version":[{"id":448259,"href":"https:\/\/goias.gov.br\/economia\/wp-json\/wp\/v2\/posts\/448258\/revisions\/448259"}],"wp:attachment":[{"href":"https:\/\/goias.gov.br\/economia\/wp-json\/wp\/v2\/media?parent=448258"}],"wp:term":[{"taxonomy":"category","embeddable":true,"href":"https:\/\/goias.gov.br\/economia\/wp-json\/wp\/v2\/categories?post=448258"},{"taxonomy":"post_tag","embeddable":true,"href":"https:\/\/goias.gov.br\/economia\/wp-json\/wp\/v2\/tags?post=448258"}],"curies":[{"name":"wp","href":"https:\/\/api.w.org\/{rel}","templated":true}]}}