

{"id":442669,"date":"2026-04-08T15:40:12","date_gmt":"2026-04-08T18:40:12","guid":{"rendered":"https:\/\/goias.gov.br\/economia\/?p=442669"},"modified":"2026-04-08T15:40:12","modified_gmt":"2026-04-08T18:40:12","slug":"goias-participa-de-debates-sobre-gestao-fiscal-e-inovacao-no-setor-publico","status":"publish","type":"post","link":"https:\/\/goias.gov.br\/economia\/goias-participa-de-debates-sobre-gestao-fiscal-e-inovacao-no-setor-publico\/","title":{"rendered":"Goi\u00e1s participa de debates sobre gest\u00e3o fiscal e inova\u00e7\u00e3o no setor p\u00fablico"},"content":{"rendered":"<div class=\"wp-block-image\">\n<figure class=\"aligncenter size-large\"><img fetchpriority=\"high\" decoding=\"async\" width=\"1024\" height=\"970\" src=\"https:\/\/goias.gov.br\/economia\/wp-content\/uploads\/sites\/45\/2026\/04\/WhatsApp-Image-2026-04-08-at-15.34.37-1-1024x970.jpeg\" alt=\"\" class=\"wp-image-442765\" srcset=\"https:\/\/goias.gov.br\/economia\/wp-content\/uploads\/sites\/45\/2026\/04\/WhatsApp-Image-2026-04-08-at-15.34.37-1-1024x970.jpeg 1024w, https:\/\/goias.gov.br\/economia\/wp-content\/uploads\/sites\/45\/2026\/04\/WhatsApp-Image-2026-04-08-at-15.34.37-1-300x284.jpeg 300w, https:\/\/goias.gov.br\/economia\/wp-content\/uploads\/sites\/45\/2026\/04\/WhatsApp-Image-2026-04-08-at-15.34.37-1-768x727.jpeg 768w, https:\/\/goias.gov.br\/economia\/wp-content\/uploads\/sites\/45\/2026\/04\/WhatsApp-Image-2026-04-08-at-15.34.37-1.jpeg 1280w\" sizes=\"(max-width: 1024px) 100vw, 1024px\" \/><\/figure>\n<\/div>\n\n\n<p class=\"has-text-align-center\"><em>Discuss\u00f5es ocorrem durante o III F\u00f3rum Anual do Programa Progest\u00e3o, em Porto Alegre, que re\u00fane representantes de diversos estados entre 7 e 10 de abril<\/em><\/p>\n\n\n\n<p>A Secretaria da Economia participa do III F\u00f3rum Anual do Programa Progest\u00e3o, realizado em Porto Alegre, entre os dias 7 e 10 de abril, reunindo representantes de diversos estados brasileiros para discutir avan\u00e7os, desafios e solu\u00e7\u00f5es inovadoras voltadas ao aperfei\u00e7oamento da gest\u00e3o fiscal, do planejamento e da qualidade do gasto p\u00fablico.<\/p>\n\n\n\n<p>O evento conta com apoio do Banco Mundial e re\u00fane especialistas, gestores p\u00fablicos e representantes dos estados para o interc\u00e2mbio de experi\u00eancias e boas pr\u00e1ticas em gest\u00e3o p\u00fablica.<\/p>\n\n\n\n<p>A programa\u00e7\u00e3o contempla pain\u00e9is t\u00e9cnicos, sess\u00f5es de troca de experi\u00eancias e debates sobre temas como uso de dados, transforma\u00e7\u00e3o digital, gest\u00e3o or\u00e7ament\u00e1ria e avalia\u00e7\u00e3o de pol\u00edticas p\u00fablicas.<\/p>\n\n\n\n<p>Representam a Economia no encontro a superintendente de Planejamento e Desenvolvimento, Camila Vito, e o assessor de planejamento, Eduardo Mesquita, em agenda institucional voltada ao interc\u00e2mbio de experi\u00eancias e ao fortalecimento das capacidades de gest\u00e3o p\u00fablica.<\/p>\n\n\n\n<p>A participa\u00e7\u00e3o do Estado refor\u00e7a o compromisso com a moderniza\u00e7\u00e3o da gest\u00e3o p\u00fablica e com a ado\u00e7\u00e3o de pr\u00e1ticas mais eficientes, integradas e orientadas a resultados. A presen\u00e7a no f\u00f3rum tamb\u00e9m contribui para o aprimoramento do Progest\u00e3o Goi\u00e1s, a partir do aprendizado com experi\u00eancias bem-sucedidas e da articula\u00e7\u00e3o com especialistas e demais entes federativos.<\/p>\n\n\n\n<p><strong>Secretaria da Economia &#8211; Governo de Goi\u00e1s<\/strong><\/p>\n","protected":false},"excerpt":{"rendered":"<p>Discuss\u00f5es ocorrem durante o III F\u00f3rum Anual do Programa Progest\u00e3o, em Porto Alegre, que re\u00fane representantes de diversos estados entre 7 e 10 de abril A Secretaria da Economia participa do III F\u00f3rum Anual do Programa Progest\u00e3o, realizado em Porto Alegre, entre os dias 7 e 10 de abril, reunindo representantes de diversos estados brasileiros [&hellip;]<\/p>\n","protected":false},"author":839,"featured_media":442776,"comment_status":"closed","ping_status":"open","sticky":false,"template":"","format":"standard","meta":{"footnotes":""},"categories":[118],"tags":[328],"class_list":["post-442669","post","type-post","status-publish","format-standard","has-post-thumbnail","hentry","category-noticias","tag-gestao-fiscal"],"rttpg_featured_image_url":{"full":["https:\/\/goias.gov.br\/economia\/wp-content\/uploads\/sites\/45\/2026\/04\/IMG_1748.jpg",3024,4032,false],"landscape":["https:\/\/goias.gov.br\/economia\/wp-content\/uploads\/sites\/45\/2026\/04\/IMG_1748.jpg",3024,4032,false],"portraits":["https:\/\/goias.gov.br\/economia\/wp-content\/uploads\/sites\/45\/2026\/04\/IMG_1748.jpg",3024,4032,false],"thumbnail":["https:\/\/goias.gov.br\/economia\/wp-content\/uploads\/sites\/45\/2026\/04\/IMG_1748-150x150.jpg",150,150,true],"medium":["https:\/\/goias.gov.br\/economia\/wp-content\/uploads\/sites\/45\/2026\/04\/IMG_1748-225x300.jpg",225,300,true],"large":["https:\/\/goias.gov.br\/economia\/wp-content\/uploads\/sites\/45\/2026\/04\/IMG_1748-768x1024.jpg",768,1024,true],"1536x1536":["https:\/\/goias.gov.br\/economia\/wp-content\/uploads\/sites\/45\/2026\/04\/IMG_1748-1152x1536.jpg",1152,1536,true],"2048x2048":["https:\/\/goias.gov.br\/economia\/wp-content\/uploads\/sites\/45\/2026\/04\/IMG_1748-1536x2048.jpg",1536,2048,true]},"rttpg_author":{"display_name":"luisamedeiros","author_link":"https:\/\/goias.gov.br\/economia\/author\/luisamedeiros\/"},"rttpg_comment":0,"rttpg_category":"<a href=\"https:\/\/goias.gov.br\/economia\/categoria\/noticias\/\" rel=\"category tag\">Not\u00edcias<\/a>","rttpg_excerpt":"Discuss\u00f5es ocorrem durante o III F\u00f3rum Anual do Programa Progest\u00e3o, em Porto Alegre, que re\u00fane representantes de diversos estados entre 7 e 10 de abril A Secretaria da Economia participa do III F\u00f3rum Anual do Programa Progest\u00e3o, realizado em Porto Alegre, entre os dias 7 e 10 de abril, reunindo representantes de diversos estados brasileiros&hellip;","_links":{"self":[{"href":"https:\/\/goias.gov.br\/economia\/wp-json\/wp\/v2\/posts\/442669","targetHints":{"allow":["GET"]}}],"collection":[{"href":"https:\/\/goias.gov.br\/economia\/wp-json\/wp\/v2\/posts"}],"about":[{"href":"https:\/\/goias.gov.br\/economia\/wp-json\/wp\/v2\/types\/post"}],"author":[{"embeddable":true,"href":"https:\/\/goias.gov.br\/economia\/wp-json\/wp\/v2\/users\/839"}],"replies":[{"embeddable":true,"href":"https:\/\/goias.gov.br\/economia\/wp-json\/wp\/v2\/comments?post=442669"}],"version-history":[{"count":1,"href":"https:\/\/goias.gov.br\/economia\/wp-json\/wp\/v2\/posts\/442669\/revisions"}],"predecessor-version":[{"id":442847,"href":"https:\/\/goias.gov.br\/economia\/wp-json\/wp\/v2\/posts\/442669\/revisions\/442847"}],"wp:featuredmedia":[{"embeddable":true,"href":"https:\/\/goias.gov.br\/economia\/wp-json\/wp\/v2\/media\/442776"}],"wp:attachment":[{"href":"https:\/\/goias.gov.br\/economia\/wp-json\/wp\/v2\/media?parent=442669"}],"wp:term":[{"taxonomy":"category","embeddable":true,"href":"https:\/\/goias.gov.br\/economia\/wp-json\/wp\/v2\/categories?post=442669"},{"taxonomy":"post_tag","embeddable":true,"href":"https:\/\/goias.gov.br\/economia\/wp-json\/wp\/v2\/tags?post=442669"}],"curies":[{"name":"wp","href":"https:\/\/api.w.org\/{rel}","templated":true}]}}