

{"id":439608,"date":"2026-04-06T09:12:45","date_gmt":"2026-04-06T12:12:45","guid":{"rendered":"https:\/\/goias.gov.br\/economia\/?p=439608"},"modified":"2026-04-06T09:12:45","modified_gmt":"2026-04-06T12:12:45","slug":"agenfa-de-avelinopolis-fecha-ate-4-de-maio","status":"publish","type":"post","link":"https:\/\/goias.gov.br\/economia\/agenfa-de-avelinopolis-fecha-ate-4-de-maio\/","title":{"rendered":"Agenfa de Avelin\u00f3polis fecha at\u00e9 4 de maio"},"content":{"rendered":"\n<p>A Delegacia Regional de Fiscaliza\u00e7\u00e3o de Goi\u00e2nia informa que, a partir desta segunda-feira (6\/4), a Agenfa de Avelin\u00f3polis estar\u00e1 fechada at\u00e9 4 de maio. Os contribuintes poder\u00e3o procurar as agenfas mais pr\u00f3ximas, localizadas em Ara\u00e7u, Catura\u00ed e Santa B\u00e1rbara de Goi\u00e1s.<\/p>\n\n\n\n<p><strong>Secretaria da Economia &#8211; Governo de Goi\u00e1s<\/strong><\/p>\n","protected":false},"excerpt":{"rendered":"<p>A Delegacia Regional de Fiscaliza\u00e7\u00e3o de Goi\u00e2nia informa que, a partir desta segunda-feira (6\/4), a Agenfa de Avelin\u00f3polis estar\u00e1 fechada at\u00e9 4 de maio. Os contribuintes poder\u00e3o procurar as agenfas mais pr\u00f3ximas, localizadas em Ara\u00e7u, Catura\u00ed e Santa B\u00e1rbara de Goi\u00e1s. Secretaria da Economia &#8211; Governo de Goi\u00e1s<\/p>\n","protected":false},"author":534,"featured_media":0,"comment_status":"closed","ping_status":"open","sticky":false,"template":"","format":"standard","meta":{"footnotes":""},"categories":[239],"tags":[240],"class_list":["post-439608","post","type-post","status-publish","format-standard","hentry","category-aviso","tag-aviso"],"rttpg_featured_image_url":null,"rttpg_author":{"display_name":"larissatirabosqui","author_link":"https:\/\/goias.gov.br\/economia\/author\/larissatirabosqui\/"},"rttpg_comment":0,"rttpg_category":"<a href=\"https:\/\/goias.gov.br\/economia\/categoria\/avisos\/aviso\/\" rel=\"category tag\">Aviso<\/a>","rttpg_excerpt":"A Delegacia Regional de Fiscaliza\u00e7\u00e3o de Goi\u00e2nia informa que, a partir desta segunda-feira (6\/4), a Agenfa de Avelin\u00f3polis estar\u00e1 fechada at\u00e9 4 de maio. Os contribuintes poder\u00e3o procurar as agenfas mais pr\u00f3ximas, localizadas em Ara\u00e7u, Catura\u00ed e Santa B\u00e1rbara de Goi\u00e1s. Secretaria da Economia &#8211; Governo de Goi\u00e1s","_links":{"self":[{"href":"https:\/\/goias.gov.br\/economia\/wp-json\/wp\/v2\/posts\/439608","targetHints":{"allow":["GET"]}}],"collection":[{"href":"https:\/\/goias.gov.br\/economia\/wp-json\/wp\/v2\/posts"}],"about":[{"href":"https:\/\/goias.gov.br\/economia\/wp-json\/wp\/v2\/types\/post"}],"author":[{"embeddable":true,"href":"https:\/\/goias.gov.br\/economia\/wp-json\/wp\/v2\/users\/534"}],"replies":[{"embeddable":true,"href":"https:\/\/goias.gov.br\/economia\/wp-json\/wp\/v2\/comments?post=439608"}],"version-history":[{"count":1,"href":"https:\/\/goias.gov.br\/economia\/wp-json\/wp\/v2\/posts\/439608\/revisions"}],"predecessor-version":[{"id":439623,"href":"https:\/\/goias.gov.br\/economia\/wp-json\/wp\/v2\/posts\/439608\/revisions\/439623"}],"wp:attachment":[{"href":"https:\/\/goias.gov.br\/economia\/wp-json\/wp\/v2\/media?parent=439608"}],"wp:term":[{"taxonomy":"category","embeddable":true,"href":"https:\/\/goias.gov.br\/economia\/wp-json\/wp\/v2\/categories?post=439608"},{"taxonomy":"post_tag","embeddable":true,"href":"https:\/\/goias.gov.br\/economia\/wp-json\/wp\/v2\/tags?post=439608"}],"curies":[{"name":"wp","href":"https:\/\/api.w.org\/{rel}","templated":true}]}}