

{"id":439553,"date":"2026-04-01T17:23:37","date_gmt":"2026-04-01T20:23:37","guid":{"rendered":"https:\/\/goias.gov.br\/economia\/?p=439553"},"modified":"2026-04-01T17:25:04","modified_gmt":"2026-04-01T20:25:04","slug":"governador-daniel-vilela-anuncia-adesao-ao-subsidio-do-diesel-para-conter-alta-de-precos","status":"publish","type":"post","link":"https:\/\/goias.gov.br\/economia\/governador-daniel-vilela-anuncia-adesao-ao-subsidio-do-diesel-para-conter-alta-de-precos\/","title":{"rendered":"Governador Daniel Vilela anuncia ades\u00e3o ao subs\u00eddio do diesel para conter alta de pre\u00e7os"},"content":{"rendered":"\n<p><em>Medida prev\u00ea ajuda de R$ 1,20 por litro a importadores, dividida entre Uni\u00e3o e estados, em meio \u00e0 volatilidade internacional do petr\u00f3leo, pressionado pela guerra no Oriente M\u00e9dio<\/em><\/p>\n\n\n\n<p>O governador Daniel Vilela, em seu primeiro ato ap\u00f3s cerim\u00f4nia de posse na Assembleia Legislativa, anunciou nesta ter\u00e7a-feira (31\/03) que Goi\u00e1s vai aderir \u00e0 proposta que prev\u00ea subs\u00eddio tempor\u00e1rio a importadores de diesel, com o objetivo de conter a alta do pre\u00e7o do combust\u00edvel no pa\u00eds. A medida prev\u00ea a concess\u00e3o de subven\u00e7\u00e3o no valor total de R$ 1,20 por litro de \u00f3leo diesel, com a Uni\u00e3o e os estados arcando com partes iguais, ou seja, R$ 0,60 para cada.<\/p>\n\n\n\n<p>&#8220;Vamos dar a nossa contribui\u00e7\u00e3o para que a popula\u00e7\u00e3o n\u00e3o seja ainda mais prejudicada com novos aumentos. Qualquer tipo de reajuste no diesel, combust\u00edvel essencial para o principal modal de transporte do pa\u00eds, que \u00e9 o rodovi\u00e1rio, tem reflexo direto para os consumidores e \u00e9 algo que n\u00e3o queremos&#8221;, afirmou Daniel Vilela.<\/p>\n\n\n\n<p>Durante coletiva \u00e0 imprensa, o governador salientou que em conversa ontem (30\/04) com o novo ministro da fazenda, Dario Durigan, e o secret\u00e1rio do Tesouro Nacional, Rog\u00e9rio Ceron, reivindicou a possibilidade de compensa\u00e7\u00e3o por meio do abatimento da parcela da d\u00edvida que o estado paga a Uni\u00e3o ao Programa de Pleno Pagamento de D\u00edvidas dos Estados (Propag).<\/p>\n\n\n\n<p>&#8220;Essa poss\u00edvel compensa\u00e7\u00e3o n\u00e3o foi definida, mas n\u00f3s estaremos nos pr\u00f3ximos dias tentando conquistar e amenizar esse impacto fiscal&#8221;, afirmou Vilela ao explicar que os impactos da medida para o estado \u201c\u00e9 significativo, em torno de R$ 43 milh\u00f5es por m\u00eas\u201d. &#8220;E se for necess\u00e1rio nova medida provis\u00f3ria (para estender o prazo al\u00e9m de dois meses) , ser\u00e1 custeado totalmente pelo governo federal&#8221;, emendou o governador.<\/p>\n\n\n\n<p><strong>Efeitos da guerra<\/strong><br>Segundo o Executivo goiano, a decis\u00e3o pela ades\u00e3o a subven\u00e7\u00e3o considera o atual cen\u00e1rio de volatilidade nos pre\u00e7os internacionais do petr\u00f3leo, influenciado pela guerra no Oriente M\u00e9dio, que elevou a cota\u00e7\u00e3o do combust\u00edvel, e por conta de amea\u00e7as do fechamento do Estreito de Ormuz, onde passam cerca de 20% da produ\u00e7\u00e3o global.<\/p>\n\n\n\n<p>A preocupa\u00e7\u00e3o do governo estadual \u00e9 com os reflexos diretos sobre a previsibilidade dos pre\u00e7os e os custos da cadeia produtiva, especialmente nos setores de transporte e agropecu\u00e1ria. &#8220;A ades\u00e3o busca reduzir os efeitos inflacion\u00e1rios sobre a economia, contribuir para a regularidade do abastecimento e preservar o equil\u00edbrio fiscal do Estado, observando o car\u00e1ter excepcional e tempor\u00e1rio da medida\u201d, garante Daniel Vilela.<\/p>\n\n\n\n<p>Al\u00e9m de Goi\u00e1s, outros 17 estados se manifestaram favor\u00e1veis \u00e0 ades\u00e3o da subven\u00e7\u00e3o ao diesel: Acre (AC), Amazonas (AM), Bahia (BA), Cear\u00e1 (CE), Esp\u00edrito Santo (ES), Maranh\u00e3o (MA), Minas Gerais (MG), Mato Grosso do Sul (MS), Mato Grosso (MT), Piau\u00ed (PI), Paran\u00e1 (PR), Rio Grande do Norte (RN), Rio Grande do Sul (RS), Sergipe (SE), Santa Catarina (SC).<\/p>\n\n\n\n<p><strong>Foto: Secom<\/strong><\/p>\n\n\n\n<p><strong>Secretaria de Comunica\u00e7\u00e3o &#8211; Governo de Goi\u00e1s<\/strong><\/p>\n","protected":false},"excerpt":{"rendered":"<p>Medida prev\u00ea ajuda de R$ 1,20 por litro a importadores, dividida entre Uni\u00e3o e estados, em meio \u00e0 volatilidade internacional do petr\u00f3leo, pressionado pela guerra no Oriente M\u00e9dio O governador Daniel Vilela, em seu primeiro ato ap\u00f3s cerim\u00f4nia de posse na Assembleia Legislativa, anunciou nesta ter\u00e7a-feira (31\/03) que Goi\u00e1s vai aderir \u00e0 proposta que prev\u00ea [&hellip;]<\/p>\n","protected":false},"author":368,"featured_media":439557,"comment_status":"closed","ping_status":"open","sticky":false,"template":"","format":"standard","meta":{"footnotes":""},"categories":[118],"tags":[525],"class_list":["post-439553","post","type-post","status-publish","format-standard","has-post-thumbnail","hentry","category-noticias","tag-subsidio-do-diesel"],"rttpg_featured_image_url":{"full":["https:\/\/goias.gov.br\/economia\/wp-content\/uploads\/sites\/45\/2026\/04\/WhatsApp-Image-2026-03-31-at-20.03.47-1.jpeg",1280,854,false],"landscape":["https:\/\/goias.gov.br\/economia\/wp-content\/uploads\/sites\/45\/2026\/04\/WhatsApp-Image-2026-03-31-at-20.03.47-1.jpeg",1280,854,false],"portraits":["https:\/\/goias.gov.br\/economia\/wp-content\/uploads\/sites\/45\/2026\/04\/WhatsApp-Image-2026-03-31-at-20.03.47-1.jpeg",1280,854,false],"thumbnail":["https:\/\/goias.gov.br\/economia\/wp-content\/uploads\/sites\/45\/2026\/04\/WhatsApp-Image-2026-03-31-at-20.03.47-1-150x150.jpeg",150,150,true],"medium":["https:\/\/goias.gov.br\/economia\/wp-content\/uploads\/sites\/45\/2026\/04\/WhatsApp-Image-2026-03-31-at-20.03.47-1-300x200.jpeg",300,200,true],"large":["https:\/\/goias.gov.br\/economia\/wp-content\/uploads\/sites\/45\/2026\/04\/WhatsApp-Image-2026-03-31-at-20.03.47-1-1024x683.jpeg",1024,683,true],"1536x1536":["https:\/\/goias.gov.br\/economia\/wp-content\/uploads\/sites\/45\/2026\/04\/WhatsApp-Image-2026-03-31-at-20.03.47-1.jpeg",1280,854,false],"2048x2048":["https:\/\/goias.gov.br\/economia\/wp-content\/uploads\/sites\/45\/2026\/04\/WhatsApp-Image-2026-03-31-at-20.03.47-1.jpeg",1280,854,false]},"rttpg_author":{"display_name":"fernandadeoliveira","author_link":"https:\/\/goias.gov.br\/economia\/author\/fernandadeoliveira\/"},"rttpg_comment":0,"rttpg_category":"<a href=\"https:\/\/goias.gov.br\/economia\/categoria\/noticias\/\" rel=\"category tag\">Not\u00edcias<\/a>","rttpg_excerpt":"Medida prev\u00ea ajuda de R$ 1,20 por litro a importadores, dividida entre Uni\u00e3o e estados, em meio \u00e0 volatilidade internacional do petr\u00f3leo, pressionado pela guerra no Oriente M\u00e9dio O governador Daniel Vilela, em seu primeiro ato ap\u00f3s cerim\u00f4nia de posse na Assembleia Legislativa, anunciou nesta ter\u00e7a-feira (31\/03) que Goi\u00e1s vai aderir \u00e0 proposta que prev\u00ea&hellip;","_links":{"self":[{"href":"https:\/\/goias.gov.br\/economia\/wp-json\/wp\/v2\/posts\/439553","targetHints":{"allow":["GET"]}}],"collection":[{"href":"https:\/\/goias.gov.br\/economia\/wp-json\/wp\/v2\/posts"}],"about":[{"href":"https:\/\/goias.gov.br\/economia\/wp-json\/wp\/v2\/types\/post"}],"author":[{"embeddable":true,"href":"https:\/\/goias.gov.br\/economia\/wp-json\/wp\/v2\/users\/368"}],"replies":[{"embeddable":true,"href":"https:\/\/goias.gov.br\/economia\/wp-json\/wp\/v2\/comments?post=439553"}],"version-history":[{"count":1,"href":"https:\/\/goias.gov.br\/economia\/wp-json\/wp\/v2\/posts\/439553\/revisions"}],"predecessor-version":[{"id":439558,"href":"https:\/\/goias.gov.br\/economia\/wp-json\/wp\/v2\/posts\/439553\/revisions\/439558"}],"wp:featuredmedia":[{"embeddable":true,"href":"https:\/\/goias.gov.br\/economia\/wp-json\/wp\/v2\/media\/439557"}],"wp:attachment":[{"href":"https:\/\/goias.gov.br\/economia\/wp-json\/wp\/v2\/media?parent=439553"}],"wp:term":[{"taxonomy":"category","embeddable":true,"href":"https:\/\/goias.gov.br\/economia\/wp-json\/wp\/v2\/categories?post=439553"},{"taxonomy":"post_tag","embeddable":true,"href":"https:\/\/goias.gov.br\/economia\/wp-json\/wp\/v2\/tags?post=439553"}],"curies":[{"name":"wp","href":"https:\/\/api.w.org\/{rel}","templated":true}]}}