

{"id":434467,"date":"2026-03-13T13:02:03","date_gmt":"2026-03-13T16:02:03","guid":{"rendered":"https:\/\/goias.gov.br\/economia\/?p=434467"},"modified":"2026-03-13T15:16:54","modified_gmt":"2026-03-13T18:16:54","slug":"unidades-de-atendimento-terao-funcionamento-alterado-para-dedetizacao-na-segunda-feira-16","status":"publish","type":"post","link":"https:\/\/goias.gov.br\/economia\/unidades-de-atendimento-terao-funcionamento-alterado-para-dedetizacao-na-segunda-feira-16\/","title":{"rendered":"Unidades de atendimento ter\u00e3o funcionamento alterado para dedetiza\u00e7\u00e3o na segunda-feira, 16"},"content":{"rendered":"\n<p>As DRFs de Luzi\u00e2nia e Rio Verde estar\u00e3o fechadas na pr\u00f3xima segunda-feria (16), a partir das 12h, para a realiza\u00e7\u00e3o da dedetiza\u00e7\u00e3o nas unidades. O atendimento ser\u00e1 retomado normalmente na ter\u00e7a-feira (17).<\/p>\n\n\n\n<p>Al\u00e9m dessas, as Ag\u00eancias Fazend\u00e1rias dos munic\u00edpios de Cristalina, Guap\u00f3, Jaragu\u00e1, Palmeiras de Goi\u00e1s e Santo Ant\u00f4nio da Barra tamb\u00e9m ter\u00e3o expediente reduzido pela mesma raz\u00e3o, conforme cronograma abaixo:<\/p>\n\n\n\n<ul class=\"wp-block-list\">\n<li>Cristalina, \u00e0s 17h<\/li>\n\n\n\n<li>Guap\u00f3, \u00e0s 14h<\/li>\n\n\n\n<li>Jaragu\u00e1, \u00e0s 16h<\/li>\n\n\n\n<li>Palmeiras de Goi\u00e1s, \u00e0s 16h<\/li>\n\n\n\n<li>Santo Ant\u00f4nio da Barra, \u00e0s 15h<\/li>\n<\/ul>\n\n\n\n<p><strong>Secretaria da Economia &#8211; Governo de Goi\u00e1s<\/strong><\/p>\n","protected":false},"excerpt":{"rendered":"<p>As DRFs de Luzi\u00e2nia e Rio Verde estar\u00e3o fechadas na pr\u00f3xima segunda-feria (16), a partir das 12h, para a realiza\u00e7\u00e3o da dedetiza\u00e7\u00e3o nas unidades. O atendimento ser\u00e1 retomado normalmente na ter\u00e7a-feira (17). Al\u00e9m dessas, as Ag\u00eancias Fazend\u00e1rias dos munic\u00edpios de Cristalina, Guap\u00f3, Jaragu\u00e1, Palmeiras de Goi\u00e1s e Santo Ant\u00f4nio da Barra tamb\u00e9m ter\u00e3o expediente reduzido [&hellip;]<\/p>\n","protected":false},"author":839,"featured_media":0,"comment_status":"closed","ping_status":"open","sticky":false,"template":"","format":"standard","meta":{"footnotes":""},"categories":[239],"tags":[240],"class_list":["post-434467","post","type-post","status-publish","format-standard","hentry","category-aviso","tag-aviso"],"rttpg_featured_image_url":null,"rttpg_author":{"display_name":"luisamedeiros","author_link":"https:\/\/goias.gov.br\/economia\/author\/luisamedeiros\/"},"rttpg_comment":0,"rttpg_category":"<a href=\"https:\/\/goias.gov.br\/economia\/categoria\/avisos\/aviso\/\" rel=\"category tag\">Aviso<\/a>","rttpg_excerpt":"As DRFs de Luzi\u00e2nia e Rio Verde estar\u00e3o fechadas na pr\u00f3xima segunda-feria (16), a partir das 12h, para a realiza\u00e7\u00e3o da dedetiza\u00e7\u00e3o nas unidades. O atendimento ser\u00e1 retomado normalmente na ter\u00e7a-feira (17). Al\u00e9m dessas, as Ag\u00eancias Fazend\u00e1rias dos munic\u00edpios de Cristalina, Guap\u00f3, Jaragu\u00e1, Palmeiras de Goi\u00e1s e Santo Ant\u00f4nio da Barra tamb\u00e9m ter\u00e3o expediente reduzido&hellip;","_links":{"self":[{"href":"https:\/\/goias.gov.br\/economia\/wp-json\/wp\/v2\/posts\/434467","targetHints":{"allow":["GET"]}}],"collection":[{"href":"https:\/\/goias.gov.br\/economia\/wp-json\/wp\/v2\/posts"}],"about":[{"href":"https:\/\/goias.gov.br\/economia\/wp-json\/wp\/v2\/types\/post"}],"author":[{"embeddable":true,"href":"https:\/\/goias.gov.br\/economia\/wp-json\/wp\/v2\/users\/839"}],"replies":[{"embeddable":true,"href":"https:\/\/goias.gov.br\/economia\/wp-json\/wp\/v2\/comments?post=434467"}],"version-history":[{"count":2,"href":"https:\/\/goias.gov.br\/economia\/wp-json\/wp\/v2\/posts\/434467\/revisions"}],"predecessor-version":[{"id":434525,"href":"https:\/\/goias.gov.br\/economia\/wp-json\/wp\/v2\/posts\/434467\/revisions\/434525"}],"wp:attachment":[{"href":"https:\/\/goias.gov.br\/economia\/wp-json\/wp\/v2\/media?parent=434467"}],"wp:term":[{"taxonomy":"category","embeddable":true,"href":"https:\/\/goias.gov.br\/economia\/wp-json\/wp\/v2\/categories?post=434467"},{"taxonomy":"post_tag","embeddable":true,"href":"https:\/\/goias.gov.br\/economia\/wp-json\/wp\/v2\/tags?post=434467"}],"curies":[{"name":"wp","href":"https:\/\/api.w.org\/{rel}","templated":true}]}}