

{"id":434417,"date":"2026-03-12T10:03:00","date_gmt":"2026-03-12T13:03:00","guid":{"rendered":"https:\/\/goias.gov.br\/economia\/?p=434417"},"modified":"2026-03-12T16:05:08","modified_gmt":"2026-03-12T19:05:08","slug":"goias-encerra-cobranca-do-fundeinfra","status":"publish","type":"post","link":"https:\/\/goias.gov.br\/economia\/goias-encerra-cobranca-do-fundeinfra\/","title":{"rendered":"Goi\u00e1s encerra cobran\u00e7a do Fundeinfra"},"content":{"rendered":"\n<figure class=\"wp-block-image size-large\"><img fetchpriority=\"high\" decoding=\"async\" width=\"1024\" height=\"576\" src=\"https:\/\/goias.gov.br\/economia\/wp-content\/uploads\/sites\/45\/2026\/03\/18144-1-1-1024x576.jpg\" alt=\"\" class=\"wp-image-434418\" srcset=\"https:\/\/goias.gov.br\/economia\/wp-content\/uploads\/sites\/45\/2026\/03\/18144-1-1-1024x576.jpg 1024w, https:\/\/goias.gov.br\/economia\/wp-content\/uploads\/sites\/45\/2026\/03\/18144-1-1-300x169.jpg 300w, https:\/\/goias.gov.br\/economia\/wp-content\/uploads\/sites\/45\/2026\/03\/18144-1-1-768x432.jpg 768w, https:\/\/goias.gov.br\/economia\/wp-content\/uploads\/sites\/45\/2026\/03\/18144-1-1-1536x864.jpg 1536w, https:\/\/goias.gov.br\/economia\/wp-content\/uploads\/sites\/45\/2026\/03\/18144-1-1.jpg 2000w\" sizes=\"(max-width: 1024px) 100vw, 1024px\" \/><\/figure>\n\n\n\n<p class=\"has-text-align-center\"><em>Projeto encaminhado pelo Executivo e aprovado pela Alego formaliza o fim da contribui\u00e7\u00e3o cobrada de produtores rurais e estabelece efeitos retroativos a 31 de dezembro de 2025<\/em><\/p>\n\n\n\n<p>A Assembleia Legislativa de Goi\u00e1s aprovou nesta quarta-feira (11\/3) projeto de lei encaminhado pelo Governo de Goi\u00e1s que formaliza o encerramento da cobran\u00e7a do Fundo Estadual de Infraestrutura (Fundeinfra) aos produtores rurais. A proposta estabelece que os efeitos da medida sejam retroativos a 31 de dezembro de 2025.<\/p>\n\n\n\n<p>Durante visita \u00e0 Assembleia na abertura do ano legislativo, o governador destacou que a cria\u00e7\u00e3o do fundo ocorreu em um momento de forte restri\u00e7\u00e3o fiscal do Estado. \u201cNo momento em que o fundo foi criado, em 2022, n\u00f3s n\u00e3o t\u00ednhamos condi\u00e7\u00f5es financeiras e tivemos que entrar no regime de recupera\u00e7\u00e3o fiscal. Mas conseguimos fazer o dever de casa. E vamos antecipar o fim do fundo\u201d, afirmou.<\/p>\n\n\n\n<p>A decis\u00e3o foi tomada em conjunto com o vice-governador, Daniel Vilela, e considera o cen\u00e1rio enfrentado pelo setor agropecu\u00e1rio. \u201cPor falta de um seguro rural no Brasil, pelas quest\u00f5es clim\u00e1ticas que atingiram todo o pa\u00eds, al\u00e9m do custo de produ\u00e7\u00e3o da safra e do baixo pre\u00e7o dos produtos, decidimos cancelar a cobran\u00e7a do Fundeinfra no Estado de Goi\u00e1s\u201d, explicou.<\/p>\n\n\n\n<p><strong>Secretaria da Economia \u2013 Governo de Goi\u00e1s<\/strong><\/p>\n","protected":false},"excerpt":{"rendered":"<p>Projeto encaminhado pelo Executivo e aprovado pela Alego formaliza o fim da contribui\u00e7\u00e3o cobrada de produtores rurais e estabelece efeitos retroativos a 31 de dezembro de 2025 A Assembleia Legislativa de Goi\u00e1s aprovou nesta quarta-feira (11\/3) projeto de lei encaminhado pelo Governo de Goi\u00e1s que formaliza o encerramento da cobran\u00e7a do Fundo Estadual de Infraestrutura [&hellip;]<\/p>\n","protected":false},"author":839,"featured_media":434418,"comment_status":"closed","ping_status":"open","sticky":false,"template":"","format":"standard","meta":{"footnotes":""},"categories":[118],"tags":[516],"class_list":["post-434417","post","type-post","status-publish","format-standard","has-post-thumbnail","hentry","category-noticias","tag-fundeinfra-2"],"rttpg_featured_image_url":{"full":["https:\/\/goias.gov.br\/economia\/wp-content\/uploads\/sites\/45\/2026\/03\/18144-1-1.jpg",2000,1125,false],"landscape":["https:\/\/goias.gov.br\/economia\/wp-content\/uploads\/sites\/45\/2026\/03\/18144-1-1.jpg",2000,1125,false],"portraits":["https:\/\/goias.gov.br\/economia\/wp-content\/uploads\/sites\/45\/2026\/03\/18144-1-1.jpg",2000,1125,false],"thumbnail":["https:\/\/goias.gov.br\/economia\/wp-content\/uploads\/sites\/45\/2026\/03\/18144-1-1-150x150.jpg",150,150,true],"medium":["https:\/\/goias.gov.br\/economia\/wp-content\/uploads\/sites\/45\/2026\/03\/18144-1-1-300x169.jpg",300,169,true],"large":["https:\/\/goias.gov.br\/economia\/wp-content\/uploads\/sites\/45\/2026\/03\/18144-1-1-1024x576.jpg",1024,576,true],"1536x1536":["https:\/\/goias.gov.br\/economia\/wp-content\/uploads\/sites\/45\/2026\/03\/18144-1-1-1536x864.jpg",1536,864,true],"2048x2048":["https:\/\/goias.gov.br\/economia\/wp-content\/uploads\/sites\/45\/2026\/03\/18144-1-1.jpg",2000,1125,false]},"rttpg_author":{"display_name":"luisamedeiros","author_link":"https:\/\/goias.gov.br\/economia\/author\/luisamedeiros\/"},"rttpg_comment":0,"rttpg_category":"<a href=\"https:\/\/goias.gov.br\/economia\/categoria\/noticias\/\" rel=\"category tag\">Not\u00edcias<\/a>","rttpg_excerpt":"Projeto encaminhado pelo Executivo e aprovado pela Alego formaliza o fim da contribui\u00e7\u00e3o cobrada de produtores rurais e estabelece efeitos retroativos a 31 de dezembro de 2025 A Assembleia Legislativa de Goi\u00e1s aprovou nesta quarta-feira (11\/3) projeto de lei encaminhado pelo Governo de Goi\u00e1s que formaliza o encerramento da cobran\u00e7a do Fundo Estadual de Infraestrutura&hellip;","_links":{"self":[{"href":"https:\/\/goias.gov.br\/economia\/wp-json\/wp\/v2\/posts\/434417","targetHints":{"allow":["GET"]}}],"collection":[{"href":"https:\/\/goias.gov.br\/economia\/wp-json\/wp\/v2\/posts"}],"about":[{"href":"https:\/\/goias.gov.br\/economia\/wp-json\/wp\/v2\/types\/post"}],"author":[{"embeddable":true,"href":"https:\/\/goias.gov.br\/economia\/wp-json\/wp\/v2\/users\/839"}],"replies":[{"embeddable":true,"href":"https:\/\/goias.gov.br\/economia\/wp-json\/wp\/v2\/comments?post=434417"}],"version-history":[{"count":1,"href":"https:\/\/goias.gov.br\/economia\/wp-json\/wp\/v2\/posts\/434417\/revisions"}],"predecessor-version":[{"id":434419,"href":"https:\/\/goias.gov.br\/economia\/wp-json\/wp\/v2\/posts\/434417\/revisions\/434419"}],"wp:featuredmedia":[{"embeddable":true,"href":"https:\/\/goias.gov.br\/economia\/wp-json\/wp\/v2\/media\/434418"}],"wp:attachment":[{"href":"https:\/\/goias.gov.br\/economia\/wp-json\/wp\/v2\/media?parent=434417"}],"wp:term":[{"taxonomy":"category","embeddable":true,"href":"https:\/\/goias.gov.br\/economia\/wp-json\/wp\/v2\/categories?post=434417"},{"taxonomy":"post_tag","embeddable":true,"href":"https:\/\/goias.gov.br\/economia\/wp-json\/wp\/v2\/tags?post=434417"}],"curies":[{"name":"wp","href":"https:\/\/api.w.org\/{rel}","templated":true}]}}