

{"id":42293,"date":"2024-06-28T07:00:00","date_gmt":"2024-06-28T10:00:00","guid":{"rendered":"https:\/\/goias.gov.br\/economia\/?p=42293"},"modified":"2024-06-28T19:18:26","modified_gmt":"2024-06-28T22:18:26","slug":"coindice-define-ipm-provisorio-para-2025","status":"publish","type":"post","link":"https:\/\/goias.gov.br\/economia\/coindice-define-ipm-provisorio-para-2025\/","title":{"rendered":"Co\u00edndice define IPM provis\u00f3rio para 2025"},"content":{"rendered":"\n<p><em>\u00cdndice de Participa\u00e7\u00e3o dos Munic\u00edpios (IPM) ser\u00e1 apurado com novos crit\u00e9rios que incluem \u00edndices de Educa\u00e7\u00e3o e Sa\u00fade<\/em><\/p>\n\n\n\n<p>Na \u00faltima quinta-feira (27), ocorreu a reuni\u00e3o do Conselho Deliberativo dos \u00cdndices de Participa\u00e7\u00e3o dos Munic\u00edpios (Co\u00edndice) para discutir o \u00cdndice de Participa\u00e7\u00e3o dos Munic\u00edpios (IPM) provis\u00f3rio para os 246 munic\u00edpios goianos. O presidente do colegiado, S\u00e9rvulo Nogueira, liderou as discuss\u00f5es.<\/p>\n\n\n\n<p>Neste ano, o \u00cdndice de Participa\u00e7\u00e3o dos Munic\u00edpios (IPM) foi apurado com novos crit\u00e9rios que incluem os \u00edndices de Educa\u00e7\u00e3o e Sa\u00fade, conforme determinado pelo art. 107 da Constitui\u00e7\u00e3o Estadual e regulamentado pela Lei Complementar n\u00b0 177\/22, com efeitos financeiros a partir de 1\u00ba de janeiro de 2025.<\/p>\n\n\n\n<p>A distribui\u00e7\u00e3o da cota municipal do ICMS foi alterada, destinando agora 70% com base no Valor Adicionado Fiscal (VAF), 10% em quotas iguais entre todos os munic\u00edpios, 10% para Educa\u00e7\u00e3o, 5% para Sa\u00fade e 5% para meio ambiente (Ecol\u00f3gico).<\/p>\n\n\n\n<p>Com a modifica\u00e7\u00e3o, 184 munic\u00edpios ser\u00e3o beneficiados com o aumento do \u00edndice devido \u00e0 popula\u00e7\u00e3o, sendo a maioria deles na regi\u00e3o do Entorno do DF.<\/p>\n\n\n\n<p>Ap\u00f3s a publica\u00e7\u00e3o do IPM no Di\u00e1rio Oficial do Estado (DOE), que deve ocorrer nos pr\u00f3ximos dias, os munic\u00edpios ter\u00e3o um prazo de 30 dias para apresentar recursos contra o \u00edndice provis\u00f3rio.<\/p>\n\n\n\n<p><em><strong>Conselho<\/strong><\/em><\/p>\n\n\n\n<p>O Co\u00edndice \u00e9 composto por membros como tr\u00eas deputados estaduais indicados pela Assembleia Legislativa de Goi\u00e1s (Alego), tr\u00eas prefeitos indicados pela Associa\u00e7\u00e3o Goiana dos Munic\u00edpios (AGM) e Federa\u00e7\u00e3o Goiana dos Munic\u00edpios (FGM), al\u00e9m de representantes da Secretaria da Economia.<\/p>\n\n\n\n<p><strong>Secretaria da Economia- Governo de Goi\u00e1s<\/strong><\/p>\n","protected":false},"excerpt":{"rendered":"<p>\u00cdndice de Participa\u00e7\u00e3o dos Munic\u00edpios (IPM) ser\u00e1 apurado com novos crit\u00e9rios que incluem \u00edndices de Educa\u00e7\u00e3o e Sa\u00fade Na \u00faltima quinta-feira (27), ocorreu a reuni\u00e3o do Conselho Deliberativo dos \u00cdndices de Participa\u00e7\u00e3o dos Munic\u00edpios (Co\u00edndice) para discutir o \u00cdndice de Participa\u00e7\u00e3o dos Munic\u00edpios (IPM) provis\u00f3rio para os 246 munic\u00edpios goianos. O presidente do colegiado, S\u00e9rvulo [&hellip;]<\/p>\n","protected":false},"author":368,"featured_media":42294,"comment_status":"closed","ping_status":"open","sticky":false,"template":"","format":"standard","meta":{"footnotes":""},"categories":[118],"tags":[283],"class_list":["post-42293","post","type-post","status-publish","format-standard","has-post-thumbnail","hentry","category-noticias","tag-coindice"],"rttpg_featured_image_url":{"full":["https:\/\/goias.gov.br\/economia\/wp-content\/uploads\/sites\/45\/2024\/06\/FotoDenisMarlon-6.jpg",2350,1567,false],"landscape":["https:\/\/goias.gov.br\/economia\/wp-content\/uploads\/sites\/45\/2024\/06\/FotoDenisMarlon-6.jpg",2350,1567,false],"portraits":["https:\/\/goias.gov.br\/economia\/wp-content\/uploads\/sites\/45\/2024\/06\/FotoDenisMarlon-6.jpg",2350,1567,false],"thumbnail":["https:\/\/goias.gov.br\/economia\/wp-content\/uploads\/sites\/45\/2024\/06\/FotoDenisMarlon-6.jpg",150,100,false],"medium":["https:\/\/goias.gov.br\/economia\/wp-content\/uploads\/sites\/45\/2024\/06\/FotoDenisMarlon-6.jpg",300,200,false],"large":["https:\/\/goias.gov.br\/economia\/wp-content\/uploads\/sites\/45\/2024\/06\/FotoDenisMarlon-6.jpg",1024,683,false],"1536x1536":["https:\/\/goias.gov.br\/economia\/wp-content\/uploads\/sites\/45\/2024\/06\/FotoDenisMarlon-6.jpg",1536,1024,false],"2048x2048":["https:\/\/goias.gov.br\/economia\/wp-content\/uploads\/sites\/45\/2024\/06\/FotoDenisMarlon-6.jpg",2048,1366,false]},"rttpg_author":{"display_name":"fernandadeoliveira","author_link":"https:\/\/goias.gov.br\/economia\/author\/fernandadeoliveira\/"},"rttpg_comment":0,"rttpg_category":"<a href=\"https:\/\/goias.gov.br\/economia\/categoria\/noticias\/\" rel=\"category tag\">Not\u00edcias<\/a>","rttpg_excerpt":"\u00cdndice de Participa\u00e7\u00e3o dos Munic\u00edpios (IPM) ser\u00e1 apurado com novos crit\u00e9rios que incluem \u00edndices de Educa\u00e7\u00e3o e Sa\u00fade Na \u00faltima quinta-feira (27), ocorreu a reuni\u00e3o do Conselho Deliberativo dos \u00cdndices de Participa\u00e7\u00e3o dos Munic\u00edpios (Co\u00edndice) para discutir o \u00cdndice de Participa\u00e7\u00e3o dos Munic\u00edpios (IPM) provis\u00f3rio para os 246 munic\u00edpios goianos. O presidente do colegiado, S\u00e9rvulo&hellip;","_links":{"self":[{"href":"https:\/\/goias.gov.br\/economia\/wp-json\/wp\/v2\/posts\/42293","targetHints":{"allow":["GET"]}}],"collection":[{"href":"https:\/\/goias.gov.br\/economia\/wp-json\/wp\/v2\/posts"}],"about":[{"href":"https:\/\/goias.gov.br\/economia\/wp-json\/wp\/v2\/types\/post"}],"author":[{"embeddable":true,"href":"https:\/\/goias.gov.br\/economia\/wp-json\/wp\/v2\/users\/368"}],"replies":[{"embeddable":true,"href":"https:\/\/goias.gov.br\/economia\/wp-json\/wp\/v2\/comments?post=42293"}],"version-history":[{"count":1,"href":"https:\/\/goias.gov.br\/economia\/wp-json\/wp\/v2\/posts\/42293\/revisions"}],"predecessor-version":[{"id":42295,"href":"https:\/\/goias.gov.br\/economia\/wp-json\/wp\/v2\/posts\/42293\/revisions\/42295"}],"wp:featuredmedia":[{"embeddable":true,"href":"https:\/\/goias.gov.br\/economia\/wp-json\/wp\/v2\/media\/42294"}],"wp:attachment":[{"href":"https:\/\/goias.gov.br\/economia\/wp-json\/wp\/v2\/media?parent=42293"}],"wp:term":[{"taxonomy":"category","embeddable":true,"href":"https:\/\/goias.gov.br\/economia\/wp-json\/wp\/v2\/categories?post=42293"},{"taxonomy":"post_tag","embeddable":true,"href":"https:\/\/goias.gov.br\/economia\/wp-json\/wp\/v2\/tags?post=42293"}],"curies":[{"name":"wp","href":"https:\/\/api.w.org\/{rel}","templated":true}]}}