

{"id":42016,"date":"2024-06-20T07:24:24","date_gmt":"2024-06-20T10:24:24","guid":{"rendered":"https:\/\/goias.gov.br\/economia\/?p=42016"},"modified":"2024-06-22T12:34:35","modified_gmt":"2024-06-22T15:34:35","slug":"governo-de-goias-apresenta-indicadores-fiscais-do-1o-quadrimestre-numeros-refletem-responsabilidade-e-transparencia","status":"publish","type":"post","link":"https:\/\/goias.gov.br\/economia\/governo-de-goias-apresenta-indicadores-fiscais-do-1o-quadrimestre-numeros-refletem-responsabilidade-e-transparencia\/","title":{"rendered":"Governo de Goi\u00e1s apresenta indicadores fiscais do 1\u00ba quadrimestre"},"content":{"rendered":"\n<figure class=\"wp-block-image size-full\"><img fetchpriority=\"high\" decoding=\"async\" width=\"1280\" height=\"853\" src=\"https:\/\/goias.gov.br\/economia\/wp-content\/uploads\/sites\/45\/2024\/06\/WhatsApp-Image-2024-06-20-at-07.02.38-1.jpeg\" alt=\"\" class=\"wp-image-42011\" \/><\/figure>\n\n\n<p style=\"text-align: center\"><em>Em audi\u00eancia p\u00fablica na Alego, secret\u00e1rio da Economia destacou super\u00e1vit or\u00e7ament\u00e1rio, cumprimento das metas em sa\u00fade e educa\u00e7\u00e3o, aprova\u00e7\u00e3o das contas de 2023 sem ressalvas e enfatizou que Goi\u00e1s ocupa primeiro lugar no ranking nacional de transpar\u00eancia fiscal<\/em><\/p>\n<p>O Governo de Goi\u00e1s, por meio da Secretaria de Estado da Economia, apresentou na tarde desta quarta-feira (19\/06), em audi\u00eancia p\u00fablica na Comiss\u00e3o de Tributa\u00e7\u00e3o, Finan\u00e7as e Or\u00e7amento da Assembleia Legislativa de Goi\u00e1s (Alego), os indicadores econ\u00f4micos referentes ao 1\u00ba quadrimestre de 2024. Os dados das metas fiscais foram apresentados pelo secret\u00e1rio da Economia, S\u00e9rvulo Nogueira, que destacou os resultados alcan\u00e7ados por Goi\u00e1s nacionalmente em termos de competitividade e transpar\u00eancia.<\/p>\n<blockquote>\n<p>\u201cAcredito que, para al\u00e9m de uma obriga\u00e7\u00e3o legal, este \u00e9 um momento de transpar\u00eancia. Nesta audi\u00eancia com os deputados, o cidad\u00e3o pode acompanhar a presta\u00e7\u00e3o de contas do Poder Executivo, entender os indicadores e observar a gest\u00e3o fiscal respons\u00e1vel do Estado, com destaque para o cumprimento das metas estabelecidas\u201d, pontuou S\u00e9rvulo Nogueira.<\/p>\n<\/blockquote>\n<p>Durante a audi\u00eancia, o secret\u00e1rio enfatizou o cumprimento das metas e limites fiscais da Lei de Responsabilidade Fiscal (LRF) pelo Estado de Goi\u00e1s, resultando em um super\u00e1vit or\u00e7ament\u00e1rio de R$ 1,72 bilh\u00e3o no 1\u00ba quadrimestre de 2024. Os resultados prim\u00e1rios e nominais ficaram dentro das metas definidas pela Lei de Diretrizes Or\u00e7ament\u00e1rias (LDO), com as vincula\u00e7\u00f5es constitucionais seguindo em trajet\u00f3ria de execu\u00e7\u00e3o e cumprimento dos limites m\u00ednimos.<\/p>\n<p>\u201cOs super\u00e1vits or\u00e7ament\u00e1rio e prim\u00e1rio, assim como o cumprimento rigoroso das metas fiscais n\u00e3o s\u00e3o apenas n\u00fameros positivos. Eles refletem a efic\u00e1cia de uma gest\u00e3o comprometida com a responsabilidade fiscal e a transpar\u00eancia, fatores essenciais para a manuten\u00e7\u00e3o da confian\u00e7a da sociedade e a atra\u00e7\u00e3o de novos investimentos para Goi\u00e1s\u201d, destacou o Subsecret\u00e1rio do Tesouro Estadual, Wederson Xavier.<\/p>\n<p><strong>Educa\u00e7\u00e3o e Sa\u00fade<\/strong><br \/>O secret\u00e1rio S\u00e9rvulo destacou que o Estado ultrapassou os m\u00ednimos constitucionais em sa\u00fade (14,6%) e educa\u00e7\u00e3o (23,8%) que s\u00e3o focos priorit\u00e1rios da gest\u00e3o estadual. \u201cEstou focado em mostrar como os recursos ser\u00e3o aplicados anualmente nessas \u00e1reas, que representam as principais pol\u00edticas conduzidas pelo estado e s\u00e3o fundamentais para o governo. Isso envolve nossa estrat\u00e9gia de interioriza\u00e7\u00e3o da sa\u00fade e nosso compromisso com a amplia\u00e7\u00e3o e melhoria da educa\u00e7\u00e3o\u201d, explicou.<\/p>\n<p><strong>Contas do Governo<\/strong><br \/>O titular da Economia tamb\u00e9m mencionou que a presta\u00e7\u00e3o de contas anual do governador referente ao exerc\u00edcio de 2023 <a href=\"https:\/\/goias.gov.br\/economia\/tce-aprova-sem-ressalvas-contas-de-2023-do-governo-de-goias\/\">foi aprovada sem ressalvas<\/a> pelo Tribunal de Contas do Estado de Goi\u00e1s, em parecer pr\u00e9vio emitido em 6 de junho. Esta aprova\u00e7\u00e3o reflete a sequ\u00eancia de aprova\u00e7\u00f5es das contas do governador Ronaldo Caiado desde 2019.<\/p>\n<p><strong>Premia\u00e7\u00e3o<\/strong><br \/>Ele citou ainda que, pelo segundo ano consecutivo e de forma in\u00e9dita no pa\u00eds, <a href=\"https:\/\/goias.gov.br\/economia\/goias-e-premiado-como-estado-mais-transparente-do-pais-pelo-segundo-ano-seguido\/\">Goi\u00e1s conquistou o 1\u00ba lugar nacional<\/a> no ranking de qualidade da informa\u00e7\u00e3o cont\u00e1bil e fiscal da Secretaria do Tesouro Nacional. Este reconhecimento evidencia o compromisso do Estado em fornecer informa\u00e7\u00f5es transparentes, seguras e precisas \u00e0 sociedade goiana, facilitando o aprimoramento e a supervis\u00e3o da gest\u00e3o p\u00fablica, al\u00e9m de atender \u00e0s demandas da popula\u00e7\u00e3o.<\/p>\n<p>O superintendente Central de Contabilidade e Contador-geral do Estado, Ricardo Rezende, destacou: \u201cOs resultados fiscais do primeiro quadrimestre demonstram a trajet\u00f3ria de recupera\u00e7\u00e3o fiscal do Estado, iniciada em 2019. Ressalta-se que os n\u00fameros apresentados s\u00e3o consistentes e seguros, devidamente atestado pela Secretaria do Tesouro Nacional, que concedeu pelo segundo ano consecutivo a Nota A e o 1\u00b0 lugar a Goi\u00e1s, entre todos os Estados, no ranking da qualidade da informa\u00e7\u00e3o cont\u00e1bil e fiscal\u201d.<\/p>\n<p><em>Fotos: Denis Marlon<\/em><\/p>\n<p><strong>Secretaria da Economia \u2013 Estado de Goi\u00e1s<\/strong><\/p>\n\n\n<figure class=\"wp-block-gallery has-nested-images columns-default is-cropped wp-block-gallery-1 is-layout-flex wp-block-gallery-is-layout-flex\">\n<figure class=\"wp-block-image size-large\"><img decoding=\"async\" width=\"1280\" height=\"853\" data-id=\"42014\" src=\"https:\/\/goias.gov.br\/economia\/wp-content\/uploads\/sites\/45\/2024\/06\/WhatsApp-Image-2024-06-20-at-07.02.39-1-1.jpeg\" alt=\"\" class=\"wp-image-42014\" \/><\/figure>\n\n\n\n<figure class=\"wp-block-image size-large\"><img decoding=\"async\" width=\"1280\" height=\"853\" data-id=\"42013\" src=\"https:\/\/goias.gov.br\/economia\/wp-content\/uploads\/sites\/45\/2024\/06\/WhatsApp-Image-2024-06-20-at-07.02.39-2.jpeg\" alt=\"\" class=\"wp-image-42013\" \/><\/figure>\n<\/figure>\n","protected":false},"excerpt":{"rendered":"<p>Em audi\u00eancia p\u00fablica na Alego, secret\u00e1rio da Economia destacou super\u00e1vit or\u00e7ament\u00e1rio, cumprimento das metas em sa\u00fade e educa\u00e7\u00e3o, aprova\u00e7\u00e3o das contas de 2023 sem ressalvas.<\/p>\n","protected":false},"author":534,"featured_media":42017,"comment_status":"closed","ping_status":"open","sticky":false,"template":"","format":"standard","meta":{"footnotes":""},"categories":[118],"tags":[285],"class_list":["post-42016","post","type-post","status-publish","format-standard","has-post-thumbnail","hentry","category-noticias","tag-prestacao-de-contas"],"rttpg_featured_image_url":{"full":["https:\/\/goias.gov.br\/economia\/wp-content\/uploads\/sites\/45\/2024\/06\/WhatsApp-Image-2024-06-20-at-07.02.38-3.jpeg",1280,853,false],"landscape":["https:\/\/goias.gov.br\/economia\/wp-content\/uploads\/sites\/45\/2024\/06\/WhatsApp-Image-2024-06-20-at-07.02.38-3.jpeg",1280,853,false],"portraits":["https:\/\/goias.gov.br\/economia\/wp-content\/uploads\/sites\/45\/2024\/06\/WhatsApp-Image-2024-06-20-at-07.02.38-3.jpeg",1280,853,false],"thumbnail":["https:\/\/goias.gov.br\/economia\/wp-content\/uploads\/sites\/45\/2024\/06\/WhatsApp-Image-2024-06-20-at-07.02.38-3.jpeg",150,100,false],"medium":["https:\/\/goias.gov.br\/economia\/wp-content\/uploads\/sites\/45\/2024\/06\/WhatsApp-Image-2024-06-20-at-07.02.38-3.jpeg",300,200,false],"large":["https:\/\/goias.gov.br\/economia\/wp-content\/uploads\/sites\/45\/2024\/06\/WhatsApp-Image-2024-06-20-at-07.02.38-3.jpeg",1024,682,false],"1536x1536":["https:\/\/goias.gov.br\/economia\/wp-content\/uploads\/sites\/45\/2024\/06\/WhatsApp-Image-2024-06-20-at-07.02.38-3.jpeg",1280,853,false],"2048x2048":["https:\/\/goias.gov.br\/economia\/wp-content\/uploads\/sites\/45\/2024\/06\/WhatsApp-Image-2024-06-20-at-07.02.38-3.jpeg",1280,853,false]},"rttpg_author":{"display_name":"larissatirabosqui","author_link":"https:\/\/goias.gov.br\/economia\/author\/larissatirabosqui\/"},"rttpg_comment":0,"rttpg_category":"<a href=\"https:\/\/goias.gov.br\/economia\/categoria\/noticias\/\" rel=\"category tag\">Not\u00edcias<\/a>","rttpg_excerpt":"Em audi\u00eancia p\u00fablica na Alego, secret\u00e1rio da Economia destacou super\u00e1vit or\u00e7ament\u00e1rio, cumprimento das metas em sa\u00fade e educa\u00e7\u00e3o, aprova\u00e7\u00e3o das contas de 2023 sem ressalvas.","_links":{"self":[{"href":"https:\/\/goias.gov.br\/economia\/wp-json\/wp\/v2\/posts\/42016","targetHints":{"allow":["GET"]}}],"collection":[{"href":"https:\/\/goias.gov.br\/economia\/wp-json\/wp\/v2\/posts"}],"about":[{"href":"https:\/\/goias.gov.br\/economia\/wp-json\/wp\/v2\/types\/post"}],"author":[{"embeddable":true,"href":"https:\/\/goias.gov.br\/economia\/wp-json\/wp\/v2\/users\/534"}],"replies":[{"embeddable":true,"href":"https:\/\/goias.gov.br\/economia\/wp-json\/wp\/v2\/comments?post=42016"}],"version-history":[{"count":2,"href":"https:\/\/goias.gov.br\/economia\/wp-json\/wp\/v2\/posts\/42016\/revisions"}],"predecessor-version":[{"id":42084,"href":"https:\/\/goias.gov.br\/economia\/wp-json\/wp\/v2\/posts\/42016\/revisions\/42084"}],"wp:featuredmedia":[{"embeddable":true,"href":"https:\/\/goias.gov.br\/economia\/wp-json\/wp\/v2\/media\/42017"}],"wp:attachment":[{"href":"https:\/\/goias.gov.br\/economia\/wp-json\/wp\/v2\/media?parent=42016"}],"wp:term":[{"taxonomy":"category","embeddable":true,"href":"https:\/\/goias.gov.br\/economia\/wp-json\/wp\/v2\/categories?post=42016"},{"taxonomy":"post_tag","embeddable":true,"href":"https:\/\/goias.gov.br\/economia\/wp-json\/wp\/v2\/tags?post=42016"}],"curies":[{"name":"wp","href":"https:\/\/api.w.org\/{rel}","templated":true}]}}