

{"id":41344,"date":"2024-05-21T16:20:45","date_gmt":"2024-05-21T19:20:45","guid":{"rendered":"https:\/\/goias.gov.br\/economia\/?p=41344"},"modified":"2024-05-21T16:20:45","modified_gmt":"2024-05-21T19:20:45","slug":"gerente-do-itcd-participa-de-congresso-na-oab","status":"publish","type":"post","link":"https:\/\/goias.gov.br\/economia\/gerente-do-itcd-participa-de-congresso-na-oab\/","title":{"rendered":"Gerente do ITCD participa de congresso na OAB"},"content":{"rendered":"\n<figure class=\"wp-block-image size-full\"><img fetchpriority=\"high\" decoding=\"async\" width=\"1314\" height=\"815\" src=\"https:\/\/goias.gov.br\/economia\/wp-content\/uploads\/sites\/45\/2024\/05\/WhatsApp-Image-2024-05-20-at-15.05.28.jpeg\" alt=\"\" class=\"wp-image-41345\" \/><\/figure>\n\n\n\n<p>O auditor fiscal, gerente do ITCD, Rodrigo de Paula Silva, esteve presente do 2\u00ba Congresso Goiano de Planejamento e Holding, organizado pela Comiss\u00e3o de Direito das Sucess\u00f5es (CDS) da Ordem dos Advogados do Brasil \u2013 Se\u00e7\u00e3o Goi\u00e1s (OAB-GO). Ele foi integrante do Painel que debateu o tema \u201cPol\u00eamicas de ITCD P\u00f3s Reforma. O evento foi realizado nos dias 16 e 17\/5, no audit\u00f3rio Eli Alves Forte, na sede da OAB-GO. Ele foi integrante do Painel que debateu o tema \u201cPol\u00eamicas de ITCD P\u00f3s-Reforma&#8221;.<\/p>\n\n\n\n<p>A programa\u00e7\u00e3o do Congresso, que teve participa\u00e7\u00e3o de advogados, estudantes e profissionais do direito, contou com palestras, pain\u00e9is de discuss\u00e3o e workshops. O gerentedo ITCD, Rodrigo de Paula Silva, foi um dos debatedores do painel \u201cPol\u00eamicas de ITCD P\u00f3s-Reforma\u201d, que teve como palestrante o auditor fiscal da Receita Estadual de S\u00e3o Paulo, Jefferson Valentin.<\/p>\n\n\n\n<p>\u201cRecebemos cerca de 2700 declara\u00e7\u00f5es por m\u00eas, estas em sua maioria s\u00e3o elaboradas por advogados. A meta \u00e9 estreitar a rela\u00e7\u00e3o institucional com a OAB e consequentemente melhorar o esclarecimento de seus membros\u201d, destacou Rodrigo Silva.<\/p>\n\n\n\n<p>Entre os temas est\u00e3o Reforma Tribut\u00e1ria; Imunidade do Imposto sobre Transmiss\u00e3o de Bens Im\u00f3veis (ITBI); Pol\u00eamicas e Verdades sobre as Holdings; Reforma do C\u00f3digo Civil e seus reflexos para Direito Sucess\u00f3rio; Holding Rural: Vantagens Fiscais e de Governan\u00e7a no Planejamento Sucess\u00f3rio do Agroneg\u00f3cio; Doa\u00e7\u00e3o e Partilha em Vida: Principais Debates P\u00f3s-Reforma Tribut\u00e1ria; e Boas Pr\u00e1ticas de Governan\u00e7a Corporativa e Familiar como Ferramenta de Planejamento Sucess\u00f3rio.<\/p>\n\n\n\n<p>Comunica\u00e7\u00e3o Setorial &#8211; Economia<\/p>\n\n\n\n<figure class=\"wp-block-gallery has-nested-images columns-default is-cropped wp-block-gallery-1 is-layout-flex wp-block-gallery-is-layout-flex\">\n<figure class=\"wp-block-image size-large\"><img decoding=\"async\" width=\"590\" height=\"382\" data-id=\"41348\" src=\"https:\/\/goias.gov.br\/economia\/wp-content\/uploads\/sites\/45\/2024\/05\/WhatsApp-Image-2024-05-20-at-15.05.27.jpeg\" alt=\"\" class=\"wp-image-41348\" \/><\/figure>\n\n\n\n<figure class=\"wp-block-image size-large\"><img decoding=\"async\" width=\"1281\" height=\"756\" data-id=\"41347\" src=\"https:\/\/goias.gov.br\/economia\/wp-content\/uploads\/sites\/45\/2024\/05\/WhatsApp-Image-2024-05-20-at-15.05.28-2.jpeg\" alt=\"\" class=\"wp-image-41347\" \/><\/figure>\n\n\n\n<figure class=\"wp-block-image size-large\"><img loading=\"lazy\" decoding=\"async\" width=\"497\" height=\"332\" data-id=\"41349\" src=\"https:\/\/goias.gov.br\/economia\/wp-content\/uploads\/sites\/45\/2024\/05\/WhatsApp-Image-2024-05-20-at-15.05.28-1-1.jpeg\" alt=\"\" class=\"wp-image-41349\" \/><\/figure>\n<\/figure>\n","protected":false},"excerpt":{"rendered":"<p>O auditor fiscal, gerente do ITCD, Rodrigo de Paula Silva, esteve presente do 2\u00ba Congresso Goiano de Planejamento e Holding, organizado pela Comiss\u00e3o de Direito das Sucess\u00f5es (CDS) da Ordem dos Advogados do Brasil \u2013 Se\u00e7\u00e3o Goi\u00e1s (OAB-GO). Ele foi integrante do Painel que debateu o tema \u201cPol\u00eamicas de ITCD P\u00f3s Reforma. O evento foi [&hellip;]<\/p>\n","protected":false},"author":368,"featured_media":41346,"comment_status":"closed","ping_status":"open","sticky":false,"template":"","format":"standard","meta":{"footnotes":""},"categories":[118],"tags":[279],"class_list":["post-41344","post","type-post","status-publish","format-standard","has-post-thumbnail","hentry","category-noticias","tag-itcd"],"rttpg_featured_image_url":{"full":["https:\/\/goias.gov.br\/economia\/wp-content\/uploads\/sites\/45\/2024\/05\/WhatsApp-Image-2024-05-20-at-15.05.28-1.jpeg",1314,815,false],"landscape":["https:\/\/goias.gov.br\/economia\/wp-content\/uploads\/sites\/45\/2024\/05\/WhatsApp-Image-2024-05-20-at-15.05.28-1.jpeg",1314,815,false],"portraits":["https:\/\/goias.gov.br\/economia\/wp-content\/uploads\/sites\/45\/2024\/05\/WhatsApp-Image-2024-05-20-at-15.05.28-1.jpeg",1314,815,false],"thumbnail":["https:\/\/goias.gov.br\/economia\/wp-content\/uploads\/sites\/45\/2024\/05\/WhatsApp-Image-2024-05-20-at-15.05.28-1.jpeg",150,93,false],"medium":["https:\/\/goias.gov.br\/economia\/wp-content\/uploads\/sites\/45\/2024\/05\/WhatsApp-Image-2024-05-20-at-15.05.28-1.jpeg",300,186,false],"large":["https:\/\/goias.gov.br\/economia\/wp-content\/uploads\/sites\/45\/2024\/05\/WhatsApp-Image-2024-05-20-at-15.05.28-1.jpeg",1024,635,false],"1536x1536":["https:\/\/goias.gov.br\/economia\/wp-content\/uploads\/sites\/45\/2024\/05\/WhatsApp-Image-2024-05-20-at-15.05.28-1.jpeg",1314,815,false],"2048x2048":["https:\/\/goias.gov.br\/economia\/wp-content\/uploads\/sites\/45\/2024\/05\/WhatsApp-Image-2024-05-20-at-15.05.28-1.jpeg",1314,815,false]},"rttpg_author":{"display_name":"fernandadeoliveira","author_link":"https:\/\/goias.gov.br\/economia\/author\/fernandadeoliveira\/"},"rttpg_comment":0,"rttpg_category":"<a href=\"https:\/\/goias.gov.br\/economia\/categoria\/noticias\/\" rel=\"category tag\">Not\u00edcias<\/a>","rttpg_excerpt":"O auditor fiscal, gerente do ITCD, Rodrigo de Paula Silva, esteve presente do 2\u00ba Congresso Goiano de Planejamento e Holding, organizado pela Comiss\u00e3o de Direito das Sucess\u00f5es (CDS) da Ordem dos Advogados do Brasil \u2013 Se\u00e7\u00e3o Goi\u00e1s (OAB-GO). Ele foi integrante do Painel que debateu o tema \u201cPol\u00eamicas de ITCD P\u00f3s Reforma. O evento foi&hellip;","_links":{"self":[{"href":"https:\/\/goias.gov.br\/economia\/wp-json\/wp\/v2\/posts\/41344","targetHints":{"allow":["GET"]}}],"collection":[{"href":"https:\/\/goias.gov.br\/economia\/wp-json\/wp\/v2\/posts"}],"about":[{"href":"https:\/\/goias.gov.br\/economia\/wp-json\/wp\/v2\/types\/post"}],"author":[{"embeddable":true,"href":"https:\/\/goias.gov.br\/economia\/wp-json\/wp\/v2\/users\/368"}],"replies":[{"embeddable":true,"href":"https:\/\/goias.gov.br\/economia\/wp-json\/wp\/v2\/comments?post=41344"}],"version-history":[{"count":1,"href":"https:\/\/goias.gov.br\/economia\/wp-json\/wp\/v2\/posts\/41344\/revisions"}],"predecessor-version":[{"id":41350,"href":"https:\/\/goias.gov.br\/economia\/wp-json\/wp\/v2\/posts\/41344\/revisions\/41350"}],"wp:featuredmedia":[{"embeddable":true,"href":"https:\/\/goias.gov.br\/economia\/wp-json\/wp\/v2\/media\/41346"}],"wp:attachment":[{"href":"https:\/\/goias.gov.br\/economia\/wp-json\/wp\/v2\/media?parent=41344"}],"wp:term":[{"taxonomy":"category","embeddable":true,"href":"https:\/\/goias.gov.br\/economia\/wp-json\/wp\/v2\/categories?post=41344"},{"taxonomy":"post_tag","embeddable":true,"href":"https:\/\/goias.gov.br\/economia\/wp-json\/wp\/v2\/tags?post=41344"}],"curies":[{"name":"wp","href":"https:\/\/api.w.org\/{rel}","templated":true}]}}