

{"id":38642,"date":"2024-03-05T18:46:06","date_gmt":"2024-03-05T21:46:06","guid":{"rendered":"https:\/\/siteshom.goias.gov.br\/economia\/comecou-a-operacao-safra-2024\/"},"modified":"2024-03-11T10:44:05","modified_gmt":"2024-03-11T13:44:05","slug":"comecou-a-operacao-safra-2024","status":"publish","type":"post","link":"https:\/\/goias.gov.br\/economia\/comecou-a-operacao-safra-2024\/","title":{"rendered":"Come\u00e7ou a Opera\u00e7\u00e3o Safra 2024"},"content":{"rendered":"<p><img decoding=\"async\" src=\"\/economia\/wp-content\/uploads\/sites\/45\/images\/Comunicacao_Setorial\/2024\/Marco\/WhatsApp_Image_2024-03-05_at_183758.jpeg\" alt=\"\" \/><\/p>\n<p>Est\u00e1 em andamento a Opera\u00e7\u00e3o Safra 2024, coordenada e executada pelas 12 Delegacias Regionais de Fiscaliza\u00e7\u00e3o e pela Ger\u00eancia de Fiscaliza\u00e7\u00e3o Integrada da Secretaria da Economia, com o objetivo de controlar o escoamento da produ\u00e7\u00e3o agr\u00edcola e o combate \u00e0 sonega\u00e7\u00e3o fiscal de gr\u00e3os em Goi\u00e1s.<\/p>\n<p>\u201cA opera\u00e7\u00e3o visa fechar as nossas divisas com os estados fronteiri\u00e7os e impedir o escoamento ilegal da nossa safra sem a devida emiss\u00e3o de notas fiscais. Estamos empenhados em combater essa pr\u00e1tica ilegal\u201d, explica a Superintendente de Fiscaliza\u00e7\u00e3o Regionalizada, auditora fiscal Gabriela Vitorino.<\/p>\n<p>Os auditores fiscais buscam identificar, dentre outros, opera\u00e7\u00f5es irregulares, dissimula\u00e7\u00f5es de opera\u00e7\u00f5es e a ocorr\u00eancia de fraudes fiscais estruturadas operadas com o interm\u00e9dio de empresas \u201cnoteiras\u201d. A opera\u00e7\u00e3o desenvolve a\u00e7\u00f5es coordenadas das equipes de fiscaliza\u00e7\u00e3o de tr\u00e2nsito com o apoio da equipe de Geoprocessamento do Agroneg\u00f3cio, que utiliza tecnologias de monitoramento das safras atrav\u00e9s de imagens de sat\u00e9lite, o que possibilita acompanhar toda a produ\u00e7\u00e3o agr\u00edcola do Estado.<\/p>\n<p>Mais de 200 empresas atacadistas de gr\u00e3os j\u00e1 foram vistoriadas nessa semana e foram abordados mais de 2.000 caminh\u00f5es e carretas para verifica\u00e7\u00e3o de irregularidades no tr\u00e2nsito das mercadorias, em v\u00e1rias rodovias.<\/p>\n<p>A opera\u00e7\u00e3o n\u00e3o tem data certa para terminar, pois ao final da colheita, os auditores fiscais das Delegacias Regionais far\u00e3o auditorias com os dados e ind\u00edcios coletados em campo na fase atual.<\/p>\n<p>\u201cGoi\u00e1s \u00e9 conhecido como o celeiro do pa\u00eds, e buscamos promover uma concorr\u00eancia justa para todos os produtores. Aqueles que trabalham de maneira correta, pagam seus tributos e emitem suas notas fiscais n\u00e3o devem ser prejudicados por descontos concedidos por produtores que n\u00e3o emitem nota. Este \u00faltimo grupo se beneficia do fato de n\u00e3o ter que recolher seus tributos, o que \u00e9 injusto. Nosso objetivo \u00e9 garantir justi\u00e7a fiscal\u201d, ressalta Gabriela.<\/p>\n<p>A opera\u00e7\u00e3o envolve auditores fiscais, pessoal do apoio fazend\u00e1rio e militares do Batalh\u00e3o Fazend\u00e1rio da Pol\u00edcia Militar.<\/p>\n<p>Comunica\u00e7\u00e3o Setorial &#8211; Economia<\/p>\n<style>\r\n                        .custom-gallery {\r\n                            display: flex;\r\n                            flex-wrap: wrap;\r\n                        }\r\n\r\n                        .gallery-item {\r\n                            flex: 0 0 calc(33.33% - 10px);\r\n                            margin: 5px;\r\n                        }\r\n\r\n                        .gallery-item img {\r\n                            width: 100%;\r\n                            height: auto;\r\n                        }\r\n                    <\/style><div class=\"custom-gallery\"><div class=\"gallery-item\">\r\n                                <a href=\"https:\/\/goias.gov.br\/economia\/wp-content\/uploads\/sites\/45\/bagallery\/gallery-379\/thumbnail\/category-1\/operacao-safrra-2024-1-.jpg\" class=\"magnific-popup\">\r\n                                    <img decoding=\"async\" src=\"https:\/\/goias.gov.br\/economia\/wp-content\/uploads\/sites\/45\/bagallery\/gallery-379\/thumbnail\/category-1\/operacao-safrra-2024-1-.jpg\" alt=\"operacao-safrra-2024-1-\" \/>\r\n                                <\/a>\r\n                              <\/div><div class=\"gallery-item\">\r\n                                <a href=\"https:\/\/goias.gov.br\/economia\/wp-content\/uploads\/sites\/45\/bagallery\/gallery-379\/thumbnail\/category-1\/operacao-safrra-2024-2-.jpg\" class=\"magnific-popup\">\r\n                                    <img decoding=\"async\" src=\"https:\/\/goias.gov.br\/economia\/wp-content\/uploads\/sites\/45\/bagallery\/gallery-379\/thumbnail\/category-1\/operacao-safrra-2024-2-.jpg\" alt=\"operacao-safrra-2024-2-\" \/>\r\n                                <\/a>\r\n                              <\/div><div class=\"gallery-item\">\r\n                                <a href=\"https:\/\/goias.gov.br\/economia\/wp-content\/uploads\/sites\/45\/bagallery\/gallery-379\/thumbnail\/category-1\/operacao-safrra-2024-3-.jpg\" class=\"magnific-popup\">\r\n                                    <img decoding=\"async\" src=\"https:\/\/goias.gov.br\/economia\/wp-content\/uploads\/sites\/45\/bagallery\/gallery-379\/thumbnail\/category-1\/operacao-safrra-2024-3-.jpg\" alt=\"operacao-safrra-2024-3-\" \/>\r\n                                <\/a>\r\n                              <\/div><div class=\"gallery-item\">\r\n                                <a href=\"https:\/\/goias.gov.br\/economia\/wp-content\/uploads\/sites\/45\/bagallery\/gallery-379\/thumbnail\/category-1\/operacao-safrra-2024-4-.jpg\" class=\"magnific-popup\">\r\n                                    <img decoding=\"async\" src=\"https:\/\/goias.gov.br\/economia\/wp-content\/uploads\/sites\/45\/bagallery\/gallery-379\/thumbnail\/category-1\/operacao-safrra-2024-4-.jpg\" alt=\"operacao-safrra-2024-4-\" \/>\r\n                                <\/a>\r\n                              <\/div><\/div><script>\r\n                        jQuery(document).ready(function($) {\r\n                            $(\".magnific-popup\").magnificPopup({\r\n                                type: \"image\",\r\n                                gallery: { enabled: true }\r\n                            });\r\n                        });\r\n                    <\/script>\n","protected":false},"excerpt":{"rendered":"<p>Est\u00e1 em andamento a Opera\u00e7\u00e3o Safra 2024, coordenada e executada pelas 12 Delegacias Regionais de Fiscaliza\u00e7\u00e3o e pela Ger\u00eancia de Fiscaliza\u00e7\u00e3o Integrada da Secretaria da Economia, com o objetivo de controlar o escoamento da produ\u00e7\u00e3o agr\u00edcola e o combate \u00e0 sonega\u00e7\u00e3o fiscal de gr\u00e3os em Goi\u00e1s. \u201cA opera\u00e7\u00e3o visa fechar as nossas divisas com os [&hellip;]<\/p>\n","protected":false},"author":1025,"featured_media":39057,"comment_status":"closed","ping_status":"open","sticky":false,"template":"","format":"standard","meta":{"footnotes":""},"categories":[118],"tags":[],"class_list":["post-38642","post","type-post","status-publish","format-standard","has-post-thumbnail","hentry","category-noticias"],"rttpg_featured_image_url":{"full":["https:\/\/goias.gov.br\/economia\/wp-content\/uploads\/sites\/45\/2024\/03\/WhatsApp_Image_2024-03-05_at_183758.jpeg",960,773,false],"landscape":["https:\/\/goias.gov.br\/economia\/wp-content\/uploads\/sites\/45\/2024\/03\/WhatsApp_Image_2024-03-05_at_183758.jpeg",960,773,false],"portraits":["https:\/\/goias.gov.br\/economia\/wp-content\/uploads\/sites\/45\/2024\/03\/WhatsApp_Image_2024-03-05_at_183758.jpeg",960,773,false],"thumbnail":["https:\/\/goias.gov.br\/economia\/wp-content\/uploads\/sites\/45\/2024\/03\/WhatsApp_Image_2024-03-05_at_183758-150x150.jpeg",150,150,true],"medium":["https:\/\/goias.gov.br\/economia\/wp-content\/uploads\/sites\/45\/2024\/03\/WhatsApp_Image_2024-03-05_at_183758-300x242.jpeg",300,242,true],"large":["https:\/\/goias.gov.br\/economia\/wp-content\/uploads\/sites\/45\/2024\/03\/WhatsApp_Image_2024-03-05_at_183758.jpeg",960,773,false],"1536x1536":["https:\/\/goias.gov.br\/economia\/wp-content\/uploads\/sites\/45\/2024\/03\/WhatsApp_Image_2024-03-05_at_183758.jpeg",960,773,false],"2048x2048":["https:\/\/goias.gov.br\/economia\/wp-content\/uploads\/sites\/45\/2024\/03\/WhatsApp_Image_2024-03-05_at_183758.jpeg",960,773,false]},"rttpg_author":{"display_name":"","author_link":"https:\/\/goias.gov.br\/economia\/author\/"},"rttpg_comment":0,"rttpg_category":"<a href=\"https:\/\/goias.gov.br\/economia\/categoria\/noticias\/\" rel=\"category tag\">Not\u00edcias<\/a>","rttpg_excerpt":"Est\u00e1 em andamento a Opera\u00e7\u00e3o Safra 2024, coordenada e executada pelas 12 Delegacias Regionais de Fiscaliza\u00e7\u00e3o e pela Ger\u00eancia de Fiscaliza\u00e7\u00e3o Integrada da Secretaria da Economia, com o objetivo de controlar o escoamento da produ\u00e7\u00e3o agr\u00edcola e o combate \u00e0 sonega\u00e7\u00e3o fiscal de gr\u00e3os em Goi\u00e1s. \u201cA opera\u00e7\u00e3o visa fechar as nossas divisas com os&hellip;","_links":{"self":[{"href":"https:\/\/goias.gov.br\/economia\/wp-json\/wp\/v2\/posts\/38642","targetHints":{"allow":["GET"]}}],"collection":[{"href":"https:\/\/goias.gov.br\/economia\/wp-json\/wp\/v2\/posts"}],"about":[{"href":"https:\/\/goias.gov.br\/economia\/wp-json\/wp\/v2\/types\/post"}],"author":[{"embeddable":true,"href":"https:\/\/goias.gov.br\/economia\/wp-json\/wp\/v2\/users\/1025"}],"replies":[{"embeddable":true,"href":"https:\/\/goias.gov.br\/economia\/wp-json\/wp\/v2\/comments?post=38642"}],"version-history":[{"count":1,"href":"https:\/\/goias.gov.br\/economia\/wp-json\/wp\/v2\/posts\/38642\/revisions"}],"predecessor-version":[{"id":39058,"href":"https:\/\/goias.gov.br\/economia\/wp-json\/wp\/v2\/posts\/38642\/revisions\/39058"}],"wp:featuredmedia":[{"embeddable":true,"href":"https:\/\/goias.gov.br\/economia\/wp-json\/wp\/v2\/media\/39057"}],"wp:attachment":[{"href":"https:\/\/goias.gov.br\/economia\/wp-json\/wp\/v2\/media?parent=38642"}],"wp:term":[{"taxonomy":"category","embeddable":true,"href":"https:\/\/goias.gov.br\/economia\/wp-json\/wp\/v2\/categories?post=38642"},{"taxonomy":"post_tag","embeddable":true,"href":"https:\/\/goias.gov.br\/economia\/wp-json\/wp\/v2\/tags?post=38642"}],"curies":[{"name":"wp","href":"https:\/\/api.w.org\/{rel}","templated":true}]}}