

{"id":37786,"date":"2024-09-10T12:23:07","date_gmt":"2024-09-10T15:23:07","guid":{"rendered":"https:\/\/siteshom.goias.gov.br\/economia\/webinarios-nacionais-de-educacao-fiscal\/"},"modified":"2024-10-07T10:18:29","modified_gmt":"2024-10-07T13:18:29","slug":"webinarios-nacionais-de-educacao-fiscal","status":"publish","type":"post","link":"https:\/\/goias.gov.br\/economia\/webinarios-nacionais-de-educacao-fiscal\/","title":{"rendered":"Webin\u00e1rios Nacionais de Educa\u00e7\u00e3o Fiscal"},"content":{"rendered":"<p>Desde 2021, a coordena\u00e7\u00e3o de Educa\u00e7\u00e3o Fiscal da Secretaria da Economia ap\u00f3ia a realiza\u00e7\u00e3o de webin\u00e1rios, com palestrantes convidados de todo o Brasil,\u00a0pelo\u00a0Grupo de Trabalho do Conselho Nacional de Pol\u00edtica Fazend\u00e1ria (GT66\/Confaz). O GT66 \u00e9 respons\u00e1vel pela coordena\u00e7\u00e3o do Programa de Educa\u00e7\u00e3o Fiscal no Brasil e, atualmente, a Comiss\u00e3o de Comunica\u00e7\u00e3o, tem como l\u00edder o auditor da Secretaria da Economia, Jos\u00e9 Humberto Corr\u00eaa de Miranda.<\/p>\n<p>Os webin\u00e1rios s\u00e3o o principal produto de comunica\u00e7\u00e3o do GT66\/Confaz e, devido \u00e0 relev\u00e2ncia dos temas e not\u00f3rio saber dos convidados, t\u00eam sido utilizados como meio de articula\u00e7\u00e3o entre grupos de Educa\u00e7\u00e3o Fiscal municipais e estaudais, e forma\u00e7\u00e3o cont\u00ednua do p\u00fablico-alvo do Programa, entre outros: estudantes, professores, gestores de educa\u00e7\u00e3o, auditores fiscais e servidores fazend\u00e1rios.<\/p>\n<p>Confira abaixo a rela\u00e7\u00e3o dos webin\u00e1rios j\u00e1 realizados.<\/p>\n<p><strong>\u00daltimo webin\u00e1rio<\/strong>: 27-8-2024: <a href=\"https:\/\/www.youtube.com\/watch?v=moA1bOM1wp4&amp;t=20s\">Modelo operacional do IBS<\/a><\/p>\n<p><strong>Demais webin\u00e1rios<\/strong>:<br \/>\n<a href=\"https:\/\/www.youtube.com\/watch?v=M4Pi0UagxVA&amp;t=1521s\">Reforma Tribut\u00e1ria &#8211; Quem fica para tr\u00e1s?<\/a><br \/>\nPalestrantes: Maria Ang\u00e9lica dos Santos e Karoline Marinho<\/p>\n<p><a href=\"https:\/\/www.youtube.com\/watch?v=8uta3TiM69g\">Controle Social na pr\u00e1tica &#8211; O case do Observat\u00f3rio Social de Maring\u00e1<\/a><br \/>\nPalestrante: Cristiane Mari Tomiazzi<\/p>\n<p><a href=\"https:\/\/www.youtube.com\/watch?v=CykQZPiJTKE\">Conhe\u00e7a a nova edi\u00e7\u00e3o do Pr\u00eamio Nacional de Educa\u00e7\u00e3o Fiscal<\/a><br \/>\nPalestrante: Maria Aparecida Neto Lacerda e Meloni (Pap\u00e1)<\/p>\n<p><a href=\"https:\/\/www.youtube.com\/watch?v=QoTmjCLXF0U\">&#8220;Um por todos e todos por um&#8221; no contexto da Educa\u00e7\u00e3o Fiscal<\/a><br \/>\nPalestrantes: Aden\u00edsio \u00c1lvaro Oliveira de Souza e Audria Constantin<\/p>\n<p><a href=\"https:\/\/www.youtube.com\/watch?v=9zRhA_XguS8&amp;t=4342s\">Desafios para o financiamento da Educa\u00e7\u00e3o P\u00fablica no Brasil<\/a><br \/>\nPalestrantes: Jo\u00e3o Carlos Loebens e Arthur S\u00e9rgio Rangel Viana<\/p>\n<p><a href=\"https:\/\/www.youtube.com\/watch?v=5WbP5vKehkc\">Reforma Tribut\u00e1ria: Repercuss\u00f5es para o contribuinte e a administra\u00e7\u00e3o p\u00fablica<\/a><br \/>\nPalestrantes: Gilberto Pereira, Artur Mattos, Francelino das Chagas Valen\u00e7a J\u00fanior e Marco Possetti<br \/>\n*Em parceria com\u00a0IV Semana de Conscientiza\u00e7\u00e3o Tribut\u00e1ria e XXIV Semin\u00e1rio Paranaense de Educa\u00e7\u00e3o Fiscal<\/p>\n<p><a href=\"https:\/\/www.youtube.com\/watch?v=SoluZCH247s\">O desafio de fazer controle social na pr\u00e1tica<\/a><br \/>\nPalestrantes: Jos\u00e9 Marilson Dantas e Cicero Roberto de Melo<\/p>\n<p><a href=\"https:\/\/www.youtube.com\/watch?v=hCt3ffY7ZYY\">Programas Estaduais de Incentivo \u00e0 Emiss\u00e3o de Nota Fiscal e Cidadania<\/a><br \/>\nPalestrantes: Jonilma Carvalho Maia, Juliane Calheiros e Marta Gambini<\/p>\n<p><a href=\"https:\/\/www.youtube.com\/watch?v=YSV6BJfQxlM\">Impacto do Pr\u00eamio Nacional de Educa\u00e7\u00e3o Fiscal<\/a><br \/>\nPalestrante: Maria Aparecida Neto Lacerda e Meloni<\/p>\n<p><a href=\"https:\/\/www.youtube.com\/watch?v=mAV3xE5iX0I\">Vamos falar sobre o que \u00e9 a Educa\u00e7\u00e3o Fiscal?<\/a><br \/>\nPalestrantes: Luiz Zanon e D\u00e3o Real<\/p>\n<p><a href=\"https:\/\/www.youtube.com\/watch?v=MuRjYS9Ix1s\">Direito Tribut\u00e1rio e sua rela\u00e7\u00e3o com a democracia<\/a><br \/>\nPalestrantes: Fernanda Pacobahyba e Marciano Buffon<\/p>\n<p><a href=\"https:\/\/www.youtube.com\/watch?v=iwYEsP2dv44\">O desafio da execu\u00e7\u00e3o or\u00e7ament\u00e1ria nos munic\u00edpios<\/a><br \/>\nPalestrante: Elza Barbosa de Sousa<\/p>\n<p><a href=\"https:\/\/www.youtube.com\/watch?v=NB7sQY-OZ1w\">FUNDEB e IPM: Ferramentas Essenciais para Educa\u00e7\u00e3o P\u00fablica e Desenvolvimento Social<\/a><br \/>\nPalestrantes: Walber Robbson de Santana e S\u00e9rgio Rangel Viana<\/p>\n<p><a href=\"https:\/\/www.youtube.com\/watch?v=HYNLpFXcqt8\">Pr\u00eamio Nacional de Educa\u00e7\u00e3o Fiscal 2022<\/a><br \/>\nPalestrantes: Maria Aparecida Lacerda e Meloni e Nelma Maria Matias Pinheiro<\/p>\n<p><a href=\"https:\/\/www.youtube.com\/watch?v=sqz-SH8Md6g\">Reforma Tribut\u00e1ria e Munic\u00edpios<\/a><br \/>\nPalestrantes: Ricardo Almeida e Vitor Puppi<\/p>\n<p><a href=\"https:\/\/www.youtube.com\/watch?v=x_MqXkkppu0\">Abordagem comportamental como ferramenta de conscientiza\u00e7\u00e3o tribut\u00e1ria<\/a><br \/>\nPalestrante: Daniel Belmiro Fontes<\/p>\n<p><a href=\"https:\/\/www.youtube.com\/watch?v=P_wlZVsuXd0\">Efici\u00eancia da Gest\u00e3o P\u00fablica e Controle Social como instrumentos da Educa\u00e7\u00e3o Fiscal<\/a><br \/>\nPalestrante: Fl\u00e1vio Garcia Cabral<\/p>\n<p><a href=\"https:\/\/www.youtube.com\/watch?v=19qcyeSOCBM\">Solidariedade e Educa\u00e7\u00e3o Fiscal para o s\u00e9culo XXI<\/a><br \/>\nPalestrante: Julio Cesar Santiago<\/p>\n<p><a href=\"https:\/\/www.youtube.com\/watch?v=qPmJLzXj2eg&amp;t=18s\">O Poder P\u00fablico e Sociedade em defesa da vida na pandemia<\/a><br \/>\nPalestrante: Aylton Vecchi<\/p>\n<p><a href=\"https:\/\/www.youtube.com\/watch?v=qP7ceXP_ZwI&amp;t=3s\">O valor da Educa\u00e7\u00e3o P\u00fablica<\/a><br \/>\nPalestrantes: Marc\u00edlio Huber e Andr\u00e9 L\u00facio Bento<\/p>\n","protected":false},"excerpt":{"rendered":"<p>Desde 2021, a coordena\u00e7\u00e3o de Educa\u00e7\u00e3o Fiscal da Secretaria da Economia ap\u00f3ia a realiza\u00e7\u00e3o de webin\u00e1rios, com palestrantes convidados de todo o Brasil,\u00a0pelo\u00a0Grupo de Trabalho do Conselho Nacional de Pol\u00edtica Fazend\u00e1ria (GT66\/Confaz). O GT66 \u00e9 respons\u00e1vel pela coordena\u00e7\u00e3o do Programa de Educa\u00e7\u00e3o Fiscal no Brasil e, atualmente, a Comiss\u00e3o de Comunica\u00e7\u00e3o, tem como l\u00edder o [&hellip;]<\/p>\n","protected":false},"author":1022,"featured_media":31176,"comment_status":"closed","ping_status":"open","sticky":false,"template":"","format":"standard","meta":{"footnotes":""},"categories":[154],"tags":[],"class_list":["post-37786","post","type-post","status-publish","format-standard","has-post-thumbnail","hentry","category-educacao-fiscal"],"rttpg_featured_image_url":{"full":["https:\/\/goias.gov.br\/economia\/wp-content\/uploads\/sites\/45\/2020\/01\/logos_PNEF_EM_CURVA_gefjpeg-43e.jpeg",1442,1415,false],"landscape":["https:\/\/goias.gov.br\/economia\/wp-content\/uploads\/sites\/45\/2020\/01\/logos_PNEF_EM_CURVA_gefjpeg-43e.jpeg",1442,1415,false],"portraits":["https:\/\/goias.gov.br\/economia\/wp-content\/uploads\/sites\/45\/2020\/01\/logos_PNEF_EM_CURVA_gefjpeg-43e.jpeg",1442,1415,false],"thumbnail":["https:\/\/goias.gov.br\/economia\/wp-content\/uploads\/sites\/45\/2020\/01\/logos_PNEF_EM_CURVA_gefjpeg-43e-150x150.jpeg",150,150,true],"medium":["https:\/\/goias.gov.br\/economia\/wp-content\/uploads\/sites\/45\/2020\/01\/logos_PNEF_EM_CURVA_gefjpeg-43e-300x294.jpeg",300,294,true],"large":["https:\/\/goias.gov.br\/economia\/wp-content\/uploads\/sites\/45\/2020\/01\/logos_PNEF_EM_CURVA_gefjpeg-43e-1024x1005.jpeg",1024,1005,true],"1536x1536":["https:\/\/goias.gov.br\/economia\/wp-content\/uploads\/sites\/45\/2020\/01\/logos_PNEF_EM_CURVA_gefjpeg-43e.jpeg",1442,1415,false],"2048x2048":["https:\/\/goias.gov.br\/economia\/wp-content\/uploads\/sites\/45\/2020\/01\/logos_PNEF_EM_CURVA_gefjpeg-43e.jpeg",1442,1415,false]},"rttpg_author":{"display_name":"","author_link":"https:\/\/goias.gov.br\/economia\/author\/"},"rttpg_comment":0,"rttpg_category":"<a href=\"https:\/\/goias.gov.br\/economia\/categoria\/receita-estadual\/educacao-fiscal\/\" rel=\"category tag\">Educa\u00e7\u00e3o Fiscal<\/a>","rttpg_excerpt":"Desde 2021, a coordena\u00e7\u00e3o de Educa\u00e7\u00e3o Fiscal da Secretaria da Economia ap\u00f3ia a realiza\u00e7\u00e3o de webin\u00e1rios, com palestrantes convidados de todo o Brasil,\u00a0pelo\u00a0Grupo de Trabalho do Conselho Nacional de Pol\u00edtica Fazend\u00e1ria (GT66\/Confaz). O GT66 \u00e9 respons\u00e1vel pela coordena\u00e7\u00e3o do Programa de Educa\u00e7\u00e3o Fiscal no Brasil e, atualmente, a Comiss\u00e3o de Comunica\u00e7\u00e3o, tem como l\u00edder o&hellip;","_links":{"self":[{"href":"https:\/\/goias.gov.br\/economia\/wp-json\/wp\/v2\/posts\/37786","targetHints":{"allow":["GET"]}}],"collection":[{"href":"https:\/\/goias.gov.br\/economia\/wp-json\/wp\/v2\/posts"}],"about":[{"href":"https:\/\/goias.gov.br\/economia\/wp-json\/wp\/v2\/types\/post"}],"author":[{"embeddable":true,"href":"https:\/\/goias.gov.br\/economia\/wp-json\/wp\/v2\/users\/1022"}],"replies":[{"embeddable":true,"href":"https:\/\/goias.gov.br\/economia\/wp-json\/wp\/v2\/comments?post=37786"}],"version-history":[{"count":2,"href":"https:\/\/goias.gov.br\/economia\/wp-json\/wp\/v2\/posts\/37786\/revisions"}],"predecessor-version":[{"id":110198,"href":"https:\/\/goias.gov.br\/economia\/wp-json\/wp\/v2\/posts\/37786\/revisions\/110198"}],"wp:featuredmedia":[{"embeddable":true,"href":"https:\/\/goias.gov.br\/economia\/wp-json\/wp\/v2\/media\/31176"}],"wp:attachment":[{"href":"https:\/\/goias.gov.br\/economia\/wp-json\/wp\/v2\/media?parent=37786"}],"wp:term":[{"taxonomy":"category","embeddable":true,"href":"https:\/\/goias.gov.br\/economia\/wp-json\/wp\/v2\/categories?post=37786"},{"taxonomy":"post_tag","embeddable":true,"href":"https:\/\/goias.gov.br\/economia\/wp-json\/wp\/v2\/tags?post=37786"}],"curies":[{"name":"wp","href":"https:\/\/api.w.org\/{rel}","templated":true}]}}