

{"id":377311,"date":"2025-10-30T14:58:38","date_gmt":"2025-10-30T17:58:38","guid":{"rendered":"https:\/\/goias.gov.br\/economia\/?p=377311"},"modified":"2025-10-30T14:58:38","modified_gmt":"2025-10-30T17:58:38","slug":"economia-promove-debate-sobre-o-novo-modelo-tributario","status":"publish","type":"post","link":"https:\/\/goias.gov.br\/economia\/economia-promove-debate-sobre-o-novo-modelo-tributario\/","title":{"rendered":"Economia promove debate sobre o novo modelo tribut\u00e1rio"},"content":{"rendered":"\n<p><em>Palestras abordaram al\u00edquotas, base de c\u00e1lculo e regras de transi\u00e7\u00e3o do novo IVA<\/em><\/p>\n\n\n\n<p>O gerente de Representa\u00e7\u00e3o no Confaz e Rela\u00e7\u00f5es Institucionais da Secretaria da Economia, Elder Souto Pinto, apresentou nesta quarta-feira (30\/10) detalhes sobre as al\u00edquotas dos novos tributos que ir\u00e3o compor o Imposto sobre Valor Agregado (IVA) no pa\u00eds: o Imposto sobre Bens e Servi\u00e7os (IBS) e a Contribui\u00e7\u00e3o sobre Bens e Servi\u00e7os (CBS). A palestra ocorreu no segundo dia do curso sobre a Reforma Tribut\u00e1ria promovido pela Pasta.<\/p>\n\n\n\n<p>O novo modelo tribut\u00e1rio substituir\u00e1 PIS, Cofins, ICMS e ISS, em um per\u00edodo de transi\u00e7\u00e3o que vai de 2026 a 2033. O IBS ser\u00e1 compartilhado entre Estados e munic\u00edpios. Elder Souto destacou que as regras relativas \u00e0s al\u00edquotas padr\u00e3o e de refer\u00eancia, \u00e0 base de c\u00e1lculo e \u00e0 sujei\u00e7\u00e3o passiva j\u00e1 est\u00e3o previstas na Constitui\u00e7\u00e3o Federal.<\/p>\n\n\n\n<p>\u201cO IBS ser\u00e1 orientado pelo princ\u00edpio da neutralidade, com al\u00edquotas uniformes e cobran\u00e7a no destino\u201d, afirmou. Ele ressaltou que a base de c\u00e1lculo ser\u00e1 o valor da opera\u00e7\u00e3o.<\/p>\n\n\n\n<p>O gerente lembrou que ainda \u00e9 necess\u00e1rio um projeto de lei complementar para regulamentar aspectos finais da reforma. Durante a apresenta\u00e7\u00e3o, auditores fiscais realizaram questionamentos sobre a operacionaliza\u00e7\u00e3o da cobran\u00e7a, que ficar\u00e1 sob responsabilidade dos fiscos estaduais.<\/p>\n\n\n\n<p>O auditor fiscal Davi Braga apresentou, no per\u00edodo da tarde, os par\u00e2metros previstos para o regime diferenciado de tributa\u00e7\u00e3o, a desonera\u00e7\u00e3o na aquisi\u00e7\u00e3o de bens de capital, o mecanismo de cashback e a cesta b\u00e1sica nacional de alimentos. Ele destacou que o cashback consiste na devolu\u00e7\u00e3o personalizada de parte dos valores recolhidos de IBS e CBS para fam\u00edlias de baixa renda, conforme crit\u00e9rios que ainda ser\u00e3o definidos em legisla\u00e7\u00e3o complementar.<\/p>\n\n\n\n<p>No caso da cesta b\u00e1sica nacional, ele explicou que a proposta estabelece al\u00edquota zero para um conjunto de alimentos considerados essenciais. J\u00e1 a desonera\u00e7\u00e3o na aquisi\u00e7\u00e3o de bens de capital refere-se \u00e0 possibilidade de aproveitamento integral e imediato dos cr\u00e9ditos relativos a itens destinados ao ativo imobilizado, com efeitos sobre a carga tribut\u00e1ria incidente nessas opera\u00e7\u00f5es.<\/p>\n\n\n\n<p>Davi Braga explicou que os regimes diferenciados de tributa\u00e7\u00e3o preveem tratamentos espec\u00edficos para determinados setores ou atividades, como redu\u00e7\u00e3o de al\u00edquotas, isen\u00e7\u00e3o ou concess\u00e3o de cr\u00e9dito presumido, conforme crit\u00e9rios estabelecidos em lei complementar.<\/p>\n\n\n\n<p>Fotos: Denis Marlon e Luisa Medeiros<\/p>\n\n\n\n<p><strong>Secretaria da Economia- Governo de Goi\u00e1s<\/strong><\/p>\n\n\n\n<figure class=\"wp-block-gallery has-nested-images columns-default is-cropped wp-block-gallery-1 is-layout-flex wp-block-gallery-is-layout-flex\">\n<figure class=\"wp-block-image size-large\"><img fetchpriority=\"high\" decoding=\"async\" width=\"1024\" height=\"683\" data-id=\"377319\" src=\"https:\/\/goias.gov.br\/economia\/wp-content\/uploads\/sites\/45\/2025\/10\/Fotos_DenisMarlon_-6-3-2-1024x683.jpg\" alt=\"\" class=\"wp-image-377319\" srcset=\"https:\/\/goias.gov.br\/economia\/wp-content\/uploads\/sites\/45\/2025\/10\/Fotos_DenisMarlon_-6-3-2-1024x683.jpg 1024w, https:\/\/goias.gov.br\/economia\/wp-content\/uploads\/sites\/45\/2025\/10\/Fotos_DenisMarlon_-6-3-2-300x200.jpg 300w, https:\/\/goias.gov.br\/economia\/wp-content\/uploads\/sites\/45\/2025\/10\/Fotos_DenisMarlon_-6-3-2-768x512.jpg 768w, https:\/\/goias.gov.br\/economia\/wp-content\/uploads\/sites\/45\/2025\/10\/Fotos_DenisMarlon_-6-3-2-1536x1024.jpg 1536w, https:\/\/goias.gov.br\/economia\/wp-content\/uploads\/sites\/45\/2025\/10\/Fotos_DenisMarlon_-6-3-2-2048x1365.jpg 2048w\" sizes=\"(max-width: 1024px) 100vw, 1024px\" \/><\/figure>\n\n\n\n<figure class=\"wp-block-image size-large\"><img decoding=\"async\" width=\"1024\" height=\"683\" data-id=\"377322\" src=\"https:\/\/goias.gov.br\/economia\/wp-content\/uploads\/sites\/45\/2025\/10\/Fotos_DenisMarlon_-3-5-1-1024x683.jpg\" alt=\"\" class=\"wp-image-377322\" srcset=\"https:\/\/goias.gov.br\/economia\/wp-content\/uploads\/sites\/45\/2025\/10\/Fotos_DenisMarlon_-3-5-1-1024x683.jpg 1024w, https:\/\/goias.gov.br\/economia\/wp-content\/uploads\/sites\/45\/2025\/10\/Fotos_DenisMarlon_-3-5-1-300x200.jpg 300w, https:\/\/goias.gov.br\/economia\/wp-content\/uploads\/sites\/45\/2025\/10\/Fotos_DenisMarlon_-3-5-1-768x512.jpg 768w, https:\/\/goias.gov.br\/economia\/wp-content\/uploads\/sites\/45\/2025\/10\/Fotos_DenisMarlon_-3-5-1-1536x1024.jpg 1536w, https:\/\/goias.gov.br\/economia\/wp-content\/uploads\/sites\/45\/2025\/10\/Fotos_DenisMarlon_-3-5-1-2048x1365.jpg 2048w\" sizes=\"(max-width: 1024px) 100vw, 1024px\" \/><\/figure>\n\n\n\n<figure class=\"wp-block-image size-large\"><img decoding=\"async\" width=\"1024\" height=\"683\" data-id=\"377321\" src=\"https:\/\/goias.gov.br\/economia\/wp-content\/uploads\/sites\/45\/2025\/10\/Fotos_DenisMarlon_-2-7-2-1024x683.jpg\" alt=\"\" class=\"wp-image-377321\" srcset=\"https:\/\/goias.gov.br\/economia\/wp-content\/uploads\/sites\/45\/2025\/10\/Fotos_DenisMarlon_-2-7-2-1024x683.jpg 1024w, https:\/\/goias.gov.br\/economia\/wp-content\/uploads\/sites\/45\/2025\/10\/Fotos_DenisMarlon_-2-7-2-300x200.jpg 300w, https:\/\/goias.gov.br\/economia\/wp-content\/uploads\/sites\/45\/2025\/10\/Fotos_DenisMarlon_-2-7-2-768x512.jpg 768w, https:\/\/goias.gov.br\/economia\/wp-content\/uploads\/sites\/45\/2025\/10\/Fotos_DenisMarlon_-2-7-2-1536x1024.jpg 1536w, https:\/\/goias.gov.br\/economia\/wp-content\/uploads\/sites\/45\/2025\/10\/Fotos_DenisMarlon_-2-7-2-2048x1365.jpg 2048w\" sizes=\"(max-width: 1024px) 100vw, 1024px\" \/><\/figure>\n\n\n\n<figure class=\"wp-block-image size-large\"><img loading=\"lazy\" decoding=\"async\" width=\"1024\" height=\"768\" data-id=\"377318\" src=\"https:\/\/goias.gov.br\/economia\/wp-content\/uploads\/sites\/45\/2025\/10\/WhatsApp-Image-2025-10-30-at-14.21.13-1-1024x768.jpeg\" alt=\"\" class=\"wp-image-377318\" srcset=\"https:\/\/goias.gov.br\/economia\/wp-content\/uploads\/sites\/45\/2025\/10\/WhatsApp-Image-2025-10-30-at-14.21.13-1-1024x768.jpeg 1024w, https:\/\/goias.gov.br\/economia\/wp-content\/uploads\/sites\/45\/2025\/10\/WhatsApp-Image-2025-10-30-at-14.21.13-1-300x225.jpeg 300w, https:\/\/goias.gov.br\/economia\/wp-content\/uploads\/sites\/45\/2025\/10\/WhatsApp-Image-2025-10-30-at-14.21.13-1-768x576.jpeg 768w, https:\/\/goias.gov.br\/economia\/wp-content\/uploads\/sites\/45\/2025\/10\/WhatsApp-Image-2025-10-30-at-14.21.13-1-600x450.jpeg 600w, https:\/\/goias.gov.br\/economia\/wp-content\/uploads\/sites\/45\/2025\/10\/WhatsApp-Image-2025-10-30-at-14.21.13-1.jpeg 1280w\" sizes=\"(max-width: 1024px) 100vw, 1024px\" \/><\/figure>\n\n\n\n<figure class=\"wp-block-image size-large\"><img loading=\"lazy\" decoding=\"async\" width=\"1024\" height=\"768\" data-id=\"377320\" src=\"https:\/\/goias.gov.br\/economia\/wp-content\/uploads\/sites\/45\/2025\/10\/WhatsApp-Image-2025-10-30-at-14.12.32-3-1024x768.jpeg\" alt=\"\" class=\"wp-image-377320\" srcset=\"https:\/\/goias.gov.br\/economia\/wp-content\/uploads\/sites\/45\/2025\/10\/WhatsApp-Image-2025-10-30-at-14.12.32-3-1024x768.jpeg 1024w, https:\/\/goias.gov.br\/economia\/wp-content\/uploads\/sites\/45\/2025\/10\/WhatsApp-Image-2025-10-30-at-14.12.32-3-300x225.jpeg 300w, https:\/\/goias.gov.br\/economia\/wp-content\/uploads\/sites\/45\/2025\/10\/WhatsApp-Image-2025-10-30-at-14.12.32-3-768x576.jpeg 768w, https:\/\/goias.gov.br\/economia\/wp-content\/uploads\/sites\/45\/2025\/10\/WhatsApp-Image-2025-10-30-at-14.12.32-3-1536x1152.jpeg 1536w, https:\/\/goias.gov.br\/economia\/wp-content\/uploads\/sites\/45\/2025\/10\/WhatsApp-Image-2025-10-30-at-14.12.32-3-2048x1536.jpeg 2048w, https:\/\/goias.gov.br\/economia\/wp-content\/uploads\/sites\/45\/2025\/10\/WhatsApp-Image-2025-10-30-at-14.12.32-3-600x450.jpeg 600w\" sizes=\"(max-width: 1024px) 100vw, 1024px\" \/><\/figure>\n\n\n\n<figure class=\"wp-block-image size-large\"><img loading=\"lazy\" decoding=\"async\" width=\"1024\" height=\"768\" data-id=\"377323\" src=\"https:\/\/goias.gov.br\/economia\/wp-content\/uploads\/sites\/45\/2025\/10\/WhatsApp-Image-2025-10-30-at-14.12.32-2-1024x768.jpeg\" alt=\"\" class=\"wp-image-377323\" srcset=\"https:\/\/goias.gov.br\/economia\/wp-content\/uploads\/sites\/45\/2025\/10\/WhatsApp-Image-2025-10-30-at-14.12.32-2-1024x768.jpeg 1024w, https:\/\/goias.gov.br\/economia\/wp-content\/uploads\/sites\/45\/2025\/10\/WhatsApp-Image-2025-10-30-at-14.12.32-2-300x225.jpeg 300w, https:\/\/goias.gov.br\/economia\/wp-content\/uploads\/sites\/45\/2025\/10\/WhatsApp-Image-2025-10-30-at-14.12.32-2-768x576.jpeg 768w, https:\/\/goias.gov.br\/economia\/wp-content\/uploads\/sites\/45\/2025\/10\/WhatsApp-Image-2025-10-30-at-14.12.32-2-1536x1152.jpeg 1536w, https:\/\/goias.gov.br\/economia\/wp-content\/uploads\/sites\/45\/2025\/10\/WhatsApp-Image-2025-10-30-at-14.12.32-2-2048x1536.jpeg 2048w, https:\/\/goias.gov.br\/economia\/wp-content\/uploads\/sites\/45\/2025\/10\/WhatsApp-Image-2025-10-30-at-14.12.32-2-600x450.jpeg 600w\" sizes=\"(max-width: 1024px) 100vw, 1024px\" \/><\/figure>\n\n\n\n<figure class=\"wp-block-image size-large\"><img loading=\"lazy\" decoding=\"async\" width=\"1024\" height=\"768\" data-id=\"377324\" src=\"https:\/\/goias.gov.br\/economia\/wp-content\/uploads\/sites\/45\/2025\/10\/WhatsApp-Image-2025-10-30-at-14.12.32-1-1024x768.jpeg\" alt=\"\" class=\"wp-image-377324\" srcset=\"https:\/\/goias.gov.br\/economia\/wp-content\/uploads\/sites\/45\/2025\/10\/WhatsApp-Image-2025-10-30-at-14.12.32-1-1024x768.jpeg 1024w, https:\/\/goias.gov.br\/economia\/wp-content\/uploads\/sites\/45\/2025\/10\/WhatsApp-Image-2025-10-30-at-14.12.32-1-300x225.jpeg 300w, https:\/\/goias.gov.br\/economia\/wp-content\/uploads\/sites\/45\/2025\/10\/WhatsApp-Image-2025-10-30-at-14.12.32-1-768x576.jpeg 768w, https:\/\/goias.gov.br\/economia\/wp-content\/uploads\/sites\/45\/2025\/10\/WhatsApp-Image-2025-10-30-at-14.12.32-1-1536x1152.jpeg 1536w, https:\/\/goias.gov.br\/economia\/wp-content\/uploads\/sites\/45\/2025\/10\/WhatsApp-Image-2025-10-30-at-14.12.32-1-2048x1536.jpeg 2048w, https:\/\/goias.gov.br\/economia\/wp-content\/uploads\/sites\/45\/2025\/10\/WhatsApp-Image-2025-10-30-at-14.12.32-1-600x450.jpeg 600w\" sizes=\"(max-width: 1024px) 100vw, 1024px\" \/><\/figure>\n\n\n\n<figure class=\"wp-block-image size-large\"><img loading=\"lazy\" decoding=\"async\" width=\"1024\" height=\"768\" data-id=\"377325\" src=\"https:\/\/goias.gov.br\/economia\/wp-content\/uploads\/sites\/45\/2025\/10\/WhatsApp-Image-2025-10-30-at-14.12.32-1024x768.jpeg\" alt=\"\" class=\"wp-image-377325\" srcset=\"https:\/\/goias.gov.br\/economia\/wp-content\/uploads\/sites\/45\/2025\/10\/WhatsApp-Image-2025-10-30-at-14.12.32-1024x768.jpeg 1024w, https:\/\/goias.gov.br\/economia\/wp-content\/uploads\/sites\/45\/2025\/10\/WhatsApp-Image-2025-10-30-at-14.12.32-300x225.jpeg 300w, https:\/\/goias.gov.br\/economia\/wp-content\/uploads\/sites\/45\/2025\/10\/WhatsApp-Image-2025-10-30-at-14.12.32-768x576.jpeg 768w, https:\/\/goias.gov.br\/economia\/wp-content\/uploads\/sites\/45\/2025\/10\/WhatsApp-Image-2025-10-30-at-14.12.32-1536x1152.jpeg 1536w, https:\/\/goias.gov.br\/economia\/wp-content\/uploads\/sites\/45\/2025\/10\/WhatsApp-Image-2025-10-30-at-14.12.32-2048x1536.jpeg 2048w, https:\/\/goias.gov.br\/economia\/wp-content\/uploads\/sites\/45\/2025\/10\/WhatsApp-Image-2025-10-30-at-14.12.32-600x450.jpeg 600w\" sizes=\"(max-width: 1024px) 100vw, 1024px\" \/><\/figure>\n<\/figure>\n\n\n\n<p><\/p>\n","protected":false},"excerpt":{"rendered":"<p>Palestras abordaram al\u00edquotas, base de c\u00e1lculo e regras de transi\u00e7\u00e3o do novo IVA O gerente de Representa\u00e7\u00e3o no Confaz e Rela\u00e7\u00f5es Institucionais da Secretaria da Economia, Elder Souto Pinto, apresentou nesta quarta-feira (30\/10) detalhes sobre as al\u00edquotas dos novos tributos que ir\u00e3o compor o Imposto sobre Valor Agregado (IVA) no pa\u00eds: o Imposto sobre Bens [&hellip;]<\/p>\n","protected":false},"author":839,"featured_media":377312,"comment_status":"closed","ping_status":"open","sticky":false,"template":"","format":"standard","meta":{"footnotes":""},"categories":[118],"tags":[261],"class_list":["post-377311","post","type-post","status-publish","format-standard","has-post-thumbnail","hentry","category-noticias","tag-reforma-tributaria"],"rttpg_featured_image_url":{"full":["https:\/\/goias.gov.br\/economia\/wp-content\/uploads\/sites\/45\/2025\/10\/Fotos_DenisMarlon_-2-7.jpg",3984,2656,false],"landscape":["https:\/\/goias.gov.br\/economia\/wp-content\/uploads\/sites\/45\/2025\/10\/Fotos_DenisMarlon_-2-7.jpg",3984,2656,false],"portraits":["https:\/\/goias.gov.br\/economia\/wp-content\/uploads\/sites\/45\/2025\/10\/Fotos_DenisMarlon_-2-7.jpg",3984,2656,false],"thumbnail":["https:\/\/goias.gov.br\/economia\/wp-content\/uploads\/sites\/45\/2025\/10\/Fotos_DenisMarlon_-2-7-150x150.jpg",150,150,true],"medium":["https:\/\/goias.gov.br\/economia\/wp-content\/uploads\/sites\/45\/2025\/10\/Fotos_DenisMarlon_-2-7-300x200.jpg",300,200,true],"large":["https:\/\/goias.gov.br\/economia\/wp-content\/uploads\/sites\/45\/2025\/10\/Fotos_DenisMarlon_-2-7-1024x683.jpg",1024,683,true],"1536x1536":["https:\/\/goias.gov.br\/economia\/wp-content\/uploads\/sites\/45\/2025\/10\/Fotos_DenisMarlon_-2-7-1536x1024.jpg",1536,1024,true],"2048x2048":["https:\/\/goias.gov.br\/economia\/wp-content\/uploads\/sites\/45\/2025\/10\/Fotos_DenisMarlon_-2-7-2048x1365.jpg",2048,1365,true]},"rttpg_author":{"display_name":"luisamedeiros","author_link":"https:\/\/goias.gov.br\/economia\/author\/luisamedeiros\/"},"rttpg_comment":0,"rttpg_category":"<a href=\"https:\/\/goias.gov.br\/economia\/categoria\/noticias\/\" rel=\"category tag\">Not\u00edcias<\/a>","rttpg_excerpt":"Palestras abordaram al\u00edquotas, base de c\u00e1lculo e regras de transi\u00e7\u00e3o do novo IVA O gerente de Representa\u00e7\u00e3o no Confaz e Rela\u00e7\u00f5es Institucionais da Secretaria da Economia, Elder Souto Pinto, apresentou nesta quarta-feira (30\/10) detalhes sobre as al\u00edquotas dos novos tributos que ir\u00e3o compor o Imposto sobre Valor Agregado (IVA) no pa\u00eds: o Imposto sobre Bens&hellip;","_links":{"self":[{"href":"https:\/\/goias.gov.br\/economia\/wp-json\/wp\/v2\/posts\/377311","targetHints":{"allow":["GET"]}}],"collection":[{"href":"https:\/\/goias.gov.br\/economia\/wp-json\/wp\/v2\/posts"}],"about":[{"href":"https:\/\/goias.gov.br\/economia\/wp-json\/wp\/v2\/types\/post"}],"author":[{"embeddable":true,"href":"https:\/\/goias.gov.br\/economia\/wp-json\/wp\/v2\/users\/839"}],"replies":[{"embeddable":true,"href":"https:\/\/goias.gov.br\/economia\/wp-json\/wp\/v2\/comments?post=377311"}],"version-history":[{"count":1,"href":"https:\/\/goias.gov.br\/economia\/wp-json\/wp\/v2\/posts\/377311\/revisions"}],"predecessor-version":[{"id":377326,"href":"https:\/\/goias.gov.br\/economia\/wp-json\/wp\/v2\/posts\/377311\/revisions\/377326"}],"wp:featuredmedia":[{"embeddable":true,"href":"https:\/\/goias.gov.br\/economia\/wp-json\/wp\/v2\/media\/377312"}],"wp:attachment":[{"href":"https:\/\/goias.gov.br\/economia\/wp-json\/wp\/v2\/media?parent=377311"}],"wp:term":[{"taxonomy":"category","embeddable":true,"href":"https:\/\/goias.gov.br\/economia\/wp-json\/wp\/v2\/categories?post=377311"},{"taxonomy":"post_tag","embeddable":true,"href":"https:\/\/goias.gov.br\/economia\/wp-json\/wp\/v2\/tags?post=377311"}],"curies":[{"name":"wp","href":"https:\/\/api.w.org\/{rel}","templated":true}]}}