

{"id":36314,"date":"2022-09-01T11:16:34","date_gmt":"2022-09-01T14:16:34","guid":{"rendered":"https:\/\/siteshom.goias.gov.br\/economia\/perguntas-e-respostas-8\/"},"modified":"2026-01-23T10:16:21","modified_gmt":"2026-01-23T13:16:21","slug":"perguntas-e-respostas-8","status":"publish","type":"post","link":"https:\/\/goias.gov.br\/economia\/perguntas-e-respostas-8\/","title":{"rendered":"Perguntas e Respostas"},"content":{"rendered":"<h4>1. CONCEITOS GERAIS<\/h4>\n<h5><strong>1.1 O que \u00e9 Autorregulariza\u00e7\u00e3o?<\/strong><\/h5>\n<p>\u00c9 a possibilidade de o contribuinte corrigir irregularidades fiscais identificadas pelo Fisco e informadas por meio de Comunicado enviado pelo Domic\u00edlio\u00a0Tribut\u00e1rio Eletr\u00f4nico (DTE), sem aplica\u00e7\u00e3o da multa de a\u00e7\u00e3o fiscal.<\/p>\n<h5><strong>1.2 Qual \u00e9 a base legal para a Autorregulariza\u00e7\u00e3o?<\/strong><\/h5>\n<p>A Autorregulariza\u00e7\u00e3o est\u00e1 prevista no <a href=\"https:\/\/appasp.economia.go.gov.br\/legislacao\/arquivos\/Cte\/CTE.htm#A142A\">Art. 142-A da Lei n\u00ba 11.651\/91<\/a>, regulamentada no <a href=\"https:\/\/appasp.economia.go.gov.br\/legislacao\/arquivos\/Rcte\/RCTE.htm#A441A\">Art. 441-A do Dec. 4.852\/97<\/a> e disciplinada pela <a href=\"https:\/\/goias.gov.br\/economia\/wp-content\/uploads\/sites\/45\/files\/Normas_recentes\/Instrucoes_Normativas\/OUTUBRO_2022\/IN_199_2022.doc\">IN 199\/2022-SRE<\/a>.<\/p>\n<h5>2. COMUNICADO DE MALHA FISCAL (DTE)<\/h5>\n<h5><strong>2.1 Como sou informado sobre diverg\u00eancias?<\/strong><\/h5>\n<p>Por meio de Comunicado de Malha Fiscal enviado ao DTE, sempre que forem identificadas diverg\u00eancias ou inconsist\u00eancias pass\u00edveis de Autorregulariza\u00e7\u00e3o.<\/p>\n<h5>2.2 N\u00e3o recebi Comunicado. Estou regular?<\/h5>\n<p>N\u00e3o. A aus\u00eancia de Comunicado n\u00e3o comprova inexist\u00eancia de d\u00e9bitos ou outras\u00a0irregularidades fiscais.<\/p>\n<h5>2.3 Recebi Comunicado. Isso significa in\u00edcio de a\u00e7\u00e3o fiscal?<\/h5>\n<p>N\u00e3o. O Comunicado de Malha para Autorregulariza\u00e7\u00e3o n\u00e3o configura in\u00edcio de\u00a0procedimento fiscal (\u00a72\u00bado art. 142-A da Lei n\u00ba 11.651\/91).<\/p>\n<h5>2.4 Recebi um Comunicado no DTE. O que devo fazer?<\/h5>\n<p>Dentro de 30 dias contados da ci\u00eancia, o contribuinte deve:<\/p>\n<ul>\n<li>pagar o d\u00e9bito via DARE;<\/li>\n<li>solicitar parcelamento;<\/li>\n<li>apresentar justificativa.<\/li>\n<\/ul>\n<p>Aten\u00e7\u00e3o:<\/p>\n<ul>\n<li>Comunicados novos n\u00e3o ter\u00e3o planilha anexa e devem ser atendidos exclusivamente pelo AutoReg.<\/li>\n<li>Comunicados antigos com planilhas anexas devem ser atendidos pela PDP.<\/li>\n<\/ul>\n<h5>2.5 Tenho d\u00favidas sobre o Comunicado. Onde buscar ajuda?<\/h5>\n<p>E-mail: autorregularizacao.economia@goias.gov.br<\/p>\n<h6>2.6 Onde consulto meus Comunicados no DTE?<\/h6>\n<p>\u00a0<a href=\"https:\/\/dte.sefaz.go.gov.br\/dte\/web\/https\/painelControle.jsf\">Clicando AQUI<\/a>\u00a0ou pelo link https:\/\/dte.sefaz.go.gov.br\/dte\/web\/https\/painelControle.jsf<\/p>\n<h5>3. Prazos e Limites da Autorregulariza\u00e7\u00e3o<\/h5>\n<h5>3.1 Qual \u00e9 o prazo para autorregularizar?<\/h5>\n<p>30 dias a partir da ci\u00eancia do Comunicado.<\/p>\n<h5>3.2 O prazo passou. Serei autuado?<\/h5>\n<p>A pend\u00eancia poder\u00e1 ser encaminhada para auditoria.\u00a0Ainda \u00e9 poss\u00edvel autorregularizar enquanto n\u00e3o houver a\u00e7\u00e3o fiscal iniciada para o\u00a0mesmo per\u00edodo.<\/p>\n<h5>3.3 Contribuinte j\u00e1 em a\u00e7\u00e3o fiscal pode autorregularizar?<\/h5>\n<p>N\u00e3o.<\/p>\n<h5>3.4 Identifiquei outra irregularidade que n\u00e3o est\u00e1 no Comunicado. O que fa\u00e7o?<\/h5>\n<p>Aplica-se den\u00fancia espont\u00e2nea (<a href=\"https:\/\/appasp.economia.go.gov.br\/legislacao\/arquivos\/Cte\/CTE.htm#A169\">art. 169 da Lei n\u00ba 11.651\/91<\/a>). Esse atendimento n\u00e3o \u00e9 feito pelo AutoReg nem pela PDP.<\/p>\n<h4>4. Acesso ao AutoReg<\/h4>\n<h5>4.1 Quem pode acessar o AutoReg?<\/h5>\n<ul>\n<li>\u00a0contribuintes que tenham recebido Comunicado de Malha;<\/li>\n<li>contadores respons\u00e1veis t\u00e9cnicos cadastrados.<\/li>\n<\/ul>\n<h5>4.2 Como acessar?<\/h5>\n<p>Acesso principal \u2013 contribuinte e contador (com certificado digital):<\/p>\n<ul>\n<li>\u00a0<a href=\"https:\/\/plataformadigital.sefaz.go.gov.br\/amp\/\">https:\/\/plataformadigital.sefaz.go.gov.br\/amp\/<\/a><\/li>\n<\/ul>\n<p>(Uso obrigat\u00f3rio para contribuintes. O contador tamb\u00e9m pode usar este link com\u00a0e-CPF.)<\/p>\n<p>Acesso alternativo exclusivo do contador (op\u00e7\u00e3o adicional com credenciais ou e-CPF):<\/p>\n<ul>\n<li><a href=\"https:\/\/amp.sefaz.go.gov.br\/amp\/\">https:\/\/amp.sefaz.go.gov.br\/amp\/<\/a><\/li>\n<\/ul>\n<h4>5. Pagamento \u00e0 Vista (DARE)<\/h4>\n<h5>5.1 Como pagar \u00e0 vista no AutoReg?<\/h5>\n<p>a) Malhas novas (on-line no AutoReg):<\/p>\n<ul>\n<li>acessar;<\/li>\n<li>selecionar valores;<\/li>\n<li>emitir DARE;<\/li>\n<li>pagar.<\/li>\n<\/ul>\n<p>Baixa autom\u00e1tica.<\/p>\n<p>b) Malhas antigas (enviadas com planilha):<\/p>\n<p>Emissor externo:\u00a0\u00a0<a href=\"https:\/\/amp.sefaz.go.gov.br\/amp-emitir-dare\/\">https:\/\/amp.sefaz.go.gov.br\/amp-emitir-dare\/<\/a><\/p>\n<h5>5.2 Fiz Autorregulariza\u00e7\u00e3o \u00e0 vista via DARE. Preciso registrar algo?<\/h5>\n<p>N\u00e3o. Baixa autom\u00e1tica.<\/p>\n<h5>5.3 Preciso registrar algo na EFD?<\/h5>\n<p>Sim. Conforme Guia Pr\u00e1tico da EFD-GO.<\/p>\n<h5>5.4 Paguei o valor total via DARE. Preciso informar na plataforma?<\/h5>\n<p>N\u00e3o.<\/p>\n<h5>5.5 Quando usar a op\u00e7\u00e3o de malhas antigas?<\/h5>\n<p>Somente para malhas antigas enviadas pelo DTE com planilha anexa.<\/p>\n<p><a href=\"https:\/\/amp.sefaz.go.gov.br\/amp-emitir-dare\/\">\u00a0https:\/\/amp.sefaz.go.gov.br\/amp-emitir-dare\/<\/a><\/p>\n<p>5.6 Onde emitir DARE para malhas novas?<\/p>\n<p><a href=\"https:\/\/plataformadigital.sefaz.go.gov.br\/amp\/\">\u00a0https:\/\/plataformadigital.sefaz.go.gov.br\/amp\/<\/a><\/p>\n<h4>6. Parcelamento da Autorregulariza\u00e7\u00e3o<\/h4>\n<h5>6.1 Como solicitar parcelamento?<\/h5>\n<ul>\n<li>\u00a0selecionar valores;<\/li>\n<li>clicar em \u201cParcelar\u201d;<\/li>\n<li>gerar e assinar digitalmente o Termo;<\/li>\n<li>anexar no AutoReg.<\/li>\n<\/ul>\n<h5>6.2 Como saber se o parcelamento est\u00e1 dispon\u00edvel?<\/h5>\n<ul>\n<li>consultar o n\u00famero do PA no AutoReg;<\/li>\n<li>acompanhar andamento na PDP (malhas antigas);<\/li>\n<li>consultar diretamente o e-Parcelamento na aba \u201cAutorregulariza\u00e7\u00e3o\u201d.<\/li>\n<\/ul>\n<h5>6.3 Em quanto tempo estar\u00e1 dispon\u00edvel para parcelar?<\/h5>\n<ul>\n<li>AutoReg: imediato;<\/li>\n<li>PDP: conforme demanda.<\/li>\n<\/ul>\n<p>Ap\u00f3s cria\u00e7\u00e3o do PA, h\u00e1 30 dias para formalizar parcelamento.<\/p>\n<h5>6.4 O que acontece se eu enviar o Termo e n\u00e3o pagar?<\/h5>\n<p>A declara\u00e7\u00e3o do contribuinte constitui o cr\u00e9dito.\u00a0Sem pagamento em 30 dias, segue para inscri\u00e7\u00e3o em d\u00edvida ativa.<\/p>\n<h5>6.5 Preciso registrar parcelamento na EFD?<\/h5>\n<p>N\u00e3o. Registrar apenas no RUDFTO.<\/p>\n<h5>6.6 Onde fa\u00e7o o parcelamento ap\u00f3s cria\u00e7\u00e3o do PA?<\/h5>\n<p>\u00a0<a href=\"https:\/\/negociacao.sefaz.go.gov.br\/snc\/certificado\/processos\/form\">https:\/\/negociacao.sefaz.go.gov.br\/snc\/certificado\/processos\/form<\/a><\/p>\n<h4>7. Justificativas<\/h4>\n<h5>7.1 Como fa\u00e7o uma justificativa?<\/h5>\n<p>A justificativa deve identificar o contribuinte, indicar a malha e o per\u00edodo e explicar\u00a0a discord\u00e2ncia.\u00a0Todas as justificativas, novas ou antigas, devem ser apresentadas no AutoReg.<\/p>\n<h6>Acessos ao AutoReg:<\/h6>\n<p>Contribuinte (e-CPF ou e-CNPJ):<\/p>\n<p><a href=\"https:\/\/plataformadigital.sefaz.go.gov.br\/amp\/\">\u00a0https:\/\/plataformadigital.sefaz.go.gov.br\/amp\/<\/a><\/p>\n<p>Contador respons\u00e1vel t\u00e9cnico:<\/p>\n<ul>\n<li>pelo mesmo link acima (e-CPF);<\/li>\n<li>ou pelo acesso alternativo com credenciais\/e-CPF:<\/li>\n<\/ul>\n<p><a href=\"https:\/\/amp.sefaz.go.gov.br\/amp\/\">\u00a0https:\/\/amp.sefaz.go.gov.br\/amp\/<\/a><\/p>\n<h5>7.2 Posso justificar parte e pagar parte?<\/h5>\n<p>Sim.<\/p>\n<h5>7.3 Posso consultar andamento da justificativa?<\/h5>\n<p>Sim.<\/p>\n<h5>7.4 A justificativa exige documentos?<\/h5>\n<p>Sim, devendo ser anexados os documentos comprobat\u00f3rios da justificativa.<\/p>\n<h5>7.5 Todas as justificativas ser\u00e3o analisadas?<\/h5>\n<p>Sim, quando houver auditoria.<\/p>\n<h5>7.6 O que acontece se a justificativa n\u00e3o for aceita?<\/h5>\n<p>A diverg\u00eancia poder\u00e1 ser autuada.<\/p>\n<h5>7.7 Posso desistir da justificativa e pagar?<\/h5>\n<p>Sim, desde que n\u00e3o tenha iniciado a\u00e7\u00e3o fiscal.<\/p>\n<h4>8. Atendimento de Comunicados Antigos na PDP<\/h4>\n<h5>8.1 Quando devo usar a PDP?<\/h5>\n<p>Somente para comunicados antigos enviados com planilhas anexas.<\/p>\n<h5>8.2 Quem pode solicitar servi\u00e7os na PDP?<\/h5>\n<ul>\n<li>contribuinte com e-CNPJ;<\/li>\n<li>contador cadastrado com certificado.<\/li>\n<\/ul>\n<h5>8.3 Posso enviar pedido para outro CNPJ usando meu certificado?<\/h5>\n<p>Sim, se for contador respons\u00e1vel t\u00e9cnico.<\/p>\n<h5>8.4 Enviei um pedido errado na PDP. Como corrigir?<\/h5>\n<ul>\n<li>se n\u00e3o tramitou: cancelar;<\/li>\n<li>se tramitou: solicitar substitui\u00e7\u00e3o por e-mail.<\/li>\n<\/ul>\n<h5>8.5 Onde acessar a PDP?<\/h5>\n<p><a href=\"https:\/\/goias.gov.br\/economia\/plataforma-digital-de-processos\/\">\u00a0https:\/\/goias.gov.br\/economia\/plataforma-digital-de-processos\/<\/a><\/p>\n<h4>9. Baixa da Malha Fiscal<\/h4>\n<h5>9.1 Quando a pend\u00eancia \u00e9 considerada sanada?<\/h5>\n<ul>\n<li>pagamento integral;<\/li>\n<li>quita\u00e7\u00e3o do parcelamento;<\/li>\n<li>justificativa acolhida;<\/li>\n<li>decad\u00eancia.<\/li>\n<\/ul>\n<h5>9.2 A justificativa baixa automaticamente?<\/h5>\n<p>N\u00e3o.<\/p>\n<h4>10. Informa\u00e7\u00f5es T\u00e9cnicas das Malhas Fiscais<\/h4>\n<h5>10.1 Onde encontro informa\u00e7\u00f5es t\u00e9cnicas das malhas fiscais?<\/h5>\n<p><a href=\"https:\/\/goias.gov.br\/economia\/notas-tecnicas\/\">\u00a0https:\/\/goias.gov.br\/economia\/notas-tecnicas\/<\/a><\/p>\n\n\n<p><\/p>\n","protected":false},"excerpt":{"rendered":"<p>1. CONCEITOS GERAIS 1.1 O que \u00e9 Autorregulariza\u00e7\u00e3o? \u00c9 a possibilidade de o contribuinte corrigir irregularidades fiscais identificadas pelo Fisco e informadas por meio de Comunicado enviado pelo Domic\u00edlio\u00a0Tribut\u00e1rio Eletr\u00f4nico (DTE), sem aplica\u00e7\u00e3o da multa de a\u00e7\u00e3o fiscal. 1.2 Qual \u00e9 a base legal para a Autorregulariza\u00e7\u00e3o? A Autorregulariza\u00e7\u00e3o est\u00e1 prevista no Art. 142-A da [&hellip;]<\/p>\n","protected":false},"author":1019,"featured_media":0,"comment_status":"closed","ping_status":"open","sticky":false,"template":"","format":"standard","meta":{"footnotes":""},"categories":[188],"tags":[],"class_list":["post-36314","post","type-post","status-publish","format-standard","hentry","category-autorregularizacao"],"rttpg_featured_image_url":null,"rttpg_author":{"display_name":"","author_link":"https:\/\/goias.gov.br\/economia\/author\/"},"rttpg_comment":0,"rttpg_category":"<a href=\"https:\/\/goias.gov.br\/economia\/categoria\/receita-estadual\/autorregularizacao\/\" rel=\"category tag\">Autorregulariza\u00e7\u00e3o<\/a>","rttpg_excerpt":"1. CONCEITOS GERAIS 1.1 O que \u00e9 Autorregulariza\u00e7\u00e3o? \u00c9 a possibilidade de o contribuinte corrigir irregularidades fiscais identificadas pelo Fisco e informadas por meio de Comunicado enviado pelo Domic\u00edlio\u00a0Tribut\u00e1rio Eletr\u00f4nico (DTE), sem aplica\u00e7\u00e3o da multa de a\u00e7\u00e3o fiscal. 1.2 Qual \u00e9 a base legal para a Autorregulariza\u00e7\u00e3o? A Autorregulariza\u00e7\u00e3o est\u00e1 prevista no Art. 142-A da&hellip;","_links":{"self":[{"href":"https:\/\/goias.gov.br\/economia\/wp-json\/wp\/v2\/posts\/36314","targetHints":{"allow":["GET"]}}],"collection":[{"href":"https:\/\/goias.gov.br\/economia\/wp-json\/wp\/v2\/posts"}],"about":[{"href":"https:\/\/goias.gov.br\/economia\/wp-json\/wp\/v2\/types\/post"}],"author":[{"embeddable":true,"href":"https:\/\/goias.gov.br\/economia\/wp-json\/wp\/v2\/users\/1019"}],"replies":[{"embeddable":true,"href":"https:\/\/goias.gov.br\/economia\/wp-json\/wp\/v2\/comments?post=36314"}],"version-history":[{"count":3,"href":"https:\/\/goias.gov.br\/economia\/wp-json\/wp\/v2\/posts\/36314\/revisions"}],"predecessor-version":[{"id":399975,"href":"https:\/\/goias.gov.br\/economia\/wp-json\/wp\/v2\/posts\/36314\/revisions\/399975"}],"wp:attachment":[{"href":"https:\/\/goias.gov.br\/economia\/wp-json\/wp\/v2\/media?parent=36314"}],"wp:term":[{"taxonomy":"category","embeddable":true,"href":"https:\/\/goias.gov.br\/economia\/wp-json\/wp\/v2\/categories?post=36314"},{"taxonomy":"post_tag","embeddable":true,"href":"https:\/\/goias.gov.br\/economia\/wp-json\/wp\/v2\/tags?post=36314"}],"curies":[{"name":"wp","href":"https:\/\/api.w.org\/{rel}","templated":true}]}}