

{"id":336188,"date":"2025-09-11T09:25:14","date_gmt":"2025-09-11T12:25:14","guid":{"rendered":"https:\/\/goias.gov.br\/economia\/?p=336188"},"modified":"2025-09-12T08:12:34","modified_gmt":"2025-09-12T11:12:34","slug":"feriado-em-porangatu-drf-suspende-atendimento-na-segunda-feira-15","status":"publish","type":"post","link":"https:\/\/goias.gov.br\/economia\/feriado-em-porangatu-drf-suspende-atendimento-na-segunda-feira-15\/","title":{"rendered":"Feriado em Porangatu e Caldas Novas na segunda (15\/9)"},"content":{"rendered":"\n<p>A Delegacia Regional de Fiscaliza\u00e7\u00e3o de Porangatu e a Ag\u00eancia Especial de Caldas Novas n\u00e3o funcionar\u00e3o na segunda-feira (15\/9), feriado nas duas cidades em homenagem \u00e0s padroeiras dos munic\u00edpios.&nbsp;<\/p>\n\n\n\n<p>O atendimento nas unidades ser\u00e1 retomado normalmente na ter\u00e7a-feira (16\/9).&nbsp;<\/p>\n\n\n\n<p><strong>Secretaria da Economia &#8211; Governo de Goi\u00e1s<\/strong><\/p>\n","protected":false},"excerpt":{"rendered":"<p>A Delegacia Regional de Fiscaliza\u00e7\u00e3o de Porangatu e a Ag\u00eancia Especial de Caldas Novas n\u00e3o funcionar\u00e3o na segunda-feira (15\/9), feriado nas duas cidades em homenagem \u00e0s padroeiras dos munic\u00edpios.&nbsp; O atendimento nas unidades ser\u00e1 retomado normalmente na ter\u00e7a-feira (16\/9).&nbsp; Secretaria da Economia &#8211; Governo de Goi\u00e1s<\/p>\n","protected":false},"author":534,"featured_media":0,"comment_status":"closed","ping_status":"open","sticky":false,"template":"","format":"standard","meta":{"footnotes":""},"categories":[239],"tags":[240],"class_list":["post-336188","post","type-post","status-publish","format-standard","hentry","category-aviso","tag-aviso"],"rttpg_featured_image_url":null,"rttpg_author":{"display_name":"larissatirabosqui","author_link":"https:\/\/goias.gov.br\/economia\/author\/larissatirabosqui\/"},"rttpg_comment":0,"rttpg_category":"<a href=\"https:\/\/goias.gov.br\/economia\/categoria\/avisos\/aviso\/\" rel=\"category tag\">Aviso<\/a>","rttpg_excerpt":"A Delegacia Regional de Fiscaliza\u00e7\u00e3o de Porangatu e a Ag\u00eancia Especial de Caldas Novas n\u00e3o funcionar\u00e3o na segunda-feira (15\/9), feriado nas duas cidades em homenagem \u00e0s padroeiras dos munic\u00edpios.&nbsp; O atendimento nas unidades ser\u00e1 retomado normalmente na ter\u00e7a-feira (16\/9).&nbsp; Secretaria da Economia &#8211; Governo de Goi\u00e1s","_links":{"self":[{"href":"https:\/\/goias.gov.br\/economia\/wp-json\/wp\/v2\/posts\/336188","targetHints":{"allow":["GET"]}}],"collection":[{"href":"https:\/\/goias.gov.br\/economia\/wp-json\/wp\/v2\/posts"}],"about":[{"href":"https:\/\/goias.gov.br\/economia\/wp-json\/wp\/v2\/types\/post"}],"author":[{"embeddable":true,"href":"https:\/\/goias.gov.br\/economia\/wp-json\/wp\/v2\/users\/534"}],"replies":[{"embeddable":true,"href":"https:\/\/goias.gov.br\/economia\/wp-json\/wp\/v2\/comments?post=336188"}],"version-history":[{"count":2,"href":"https:\/\/goias.gov.br\/economia\/wp-json\/wp\/v2\/posts\/336188\/revisions"}],"predecessor-version":[{"id":336215,"href":"https:\/\/goias.gov.br\/economia\/wp-json\/wp\/v2\/posts\/336188\/revisions\/336215"}],"wp:attachment":[{"href":"https:\/\/goias.gov.br\/economia\/wp-json\/wp\/v2\/media?parent=336188"}],"wp:term":[{"taxonomy":"category","embeddable":true,"href":"https:\/\/goias.gov.br\/economia\/wp-json\/wp\/v2\/categories?post=336188"},{"taxonomy":"post_tag","embeddable":true,"href":"https:\/\/goias.gov.br\/economia\/wp-json\/wp\/v2\/tags?post=336188"}],"curies":[{"name":"wp","href":"https:\/\/api.w.org\/{rel}","templated":true}]}}