

{"id":326901,"date":"2025-08-15T15:55:45","date_gmt":"2025-08-15T18:55:45","guid":{"rendered":"https:\/\/goias.gov.br\/economia\/?p=326901"},"modified":"2025-08-15T15:55:47","modified_gmt":"2025-08-15T18:55:47","slug":"agenfas-de-nazario-santa-helena-e-bom-jardim-de-goias-nao-abrem-na-segunda-18","status":"publish","type":"post","link":"https:\/\/goias.gov.br\/economia\/agenfas-de-nazario-santa-helena-e-bom-jardim-de-goias-nao-abrem-na-segunda-18\/","title":{"rendered":"Agenfas de Naz\u00e1rio, Santa Helena e Bom Jardim de Goi\u00e1s n\u00e3o abrem na segunda, 18"},"content":{"rendered":"\n<p>A Agenfa de Bom Jesus de Goi\u00e1s n\u00e3o funcionar\u00e1 na pr\u00f3xima segunda-feira (18\/8), em virtude da comemora\u00e7\u00e3o do anivers\u00e1rio da cidade. Tamb\u00e9m n\u00e3o haver\u00e1 atendimento ao p\u00fablico nas Agenfas de Santa Helena de Goi\u00e1s e Naz\u00e1rio, por ser feriado nos munic\u00edpios.<\/p>\n","protected":false},"excerpt":{"rendered":"<p>A Agenfa de Bom Jesus de Goi\u00e1s n\u00e3o funcionar\u00e1 na pr\u00f3xima segunda-feira (18\/8), em virtude da comemora\u00e7\u00e3o do anivers\u00e1rio da cidade. Tamb\u00e9m n\u00e3o haver\u00e1 atendimento ao p\u00fablico nas Agenfas de Santa Helena de Goi\u00e1s e Naz\u00e1rio, por ser feriado nos munic\u00edpios.<\/p>\n","protected":false},"author":368,"featured_media":0,"comment_status":"closed","ping_status":"open","sticky":false,"template":"","format":"standard","meta":{"footnotes":""},"categories":[226],"tags":[240],"class_list":["post-326901","post","type-post","status-publish","format-standard","hentry","category-avisos","tag-aviso"],"rttpg_featured_image_url":null,"rttpg_author":{"display_name":"fernandadeoliveira","author_link":"https:\/\/goias.gov.br\/economia\/author\/fernandadeoliveira\/"},"rttpg_comment":0,"rttpg_category":"<a href=\"https:\/\/goias.gov.br\/economia\/categoria\/avisos\/\" rel=\"category tag\">Avisos<\/a>","rttpg_excerpt":"A Agenfa de Bom Jesus de Goi\u00e1s n\u00e3o funcionar\u00e1 na pr\u00f3xima segunda-feira (18\/8), em virtude da comemora\u00e7\u00e3o do anivers\u00e1rio da cidade. Tamb\u00e9m n\u00e3o haver\u00e1 atendimento ao p\u00fablico nas Agenfas de Santa Helena de Goi\u00e1s e Naz\u00e1rio, por ser feriado nos munic\u00edpios.","_links":{"self":[{"href":"https:\/\/goias.gov.br\/economia\/wp-json\/wp\/v2\/posts\/326901","targetHints":{"allow":["GET"]}}],"collection":[{"href":"https:\/\/goias.gov.br\/economia\/wp-json\/wp\/v2\/posts"}],"about":[{"href":"https:\/\/goias.gov.br\/economia\/wp-json\/wp\/v2\/types\/post"}],"author":[{"embeddable":true,"href":"https:\/\/goias.gov.br\/economia\/wp-json\/wp\/v2\/users\/368"}],"replies":[{"embeddable":true,"href":"https:\/\/goias.gov.br\/economia\/wp-json\/wp\/v2\/comments?post=326901"}],"version-history":[{"count":1,"href":"https:\/\/goias.gov.br\/economia\/wp-json\/wp\/v2\/posts\/326901\/revisions"}],"predecessor-version":[{"id":326902,"href":"https:\/\/goias.gov.br\/economia\/wp-json\/wp\/v2\/posts\/326901\/revisions\/326902"}],"wp:attachment":[{"href":"https:\/\/goias.gov.br\/economia\/wp-json\/wp\/v2\/media?parent=326901"}],"wp:term":[{"taxonomy":"category","embeddable":true,"href":"https:\/\/goias.gov.br\/economia\/wp-json\/wp\/v2\/categories?post=326901"},{"taxonomy":"post_tag","embeddable":true,"href":"https:\/\/goias.gov.br\/economia\/wp-json\/wp\/v2\/tags?post=326901"}],"curies":[{"name":"wp","href":"https:\/\/api.w.org\/{rel}","templated":true}]}}