

{"id":32280,"date":"2020-11-11T18:04:53","date_gmt":"2020-11-11T21:04:53","guid":{"rendered":"https:\/\/siteshom.goias.gov.br\/economia\/requerimento-de-insencao-e-declaracao\/"},"modified":"2024-09-24T09:56:01","modified_gmt":"2024-09-24T12:56:01","slug":"requerimento-de-isencao-e-declaracao","status":"publish","type":"post","link":"https:\/\/goias.gov.br\/economia\/requerimento-de-isencao-e-declaracao\/","title":{"rendered":"Requerimentos e Formul\u00e1rios de IPVA"},"content":{"rendered":"<h6>FORMUL\u00c1RIOS COMPLEMENTARES PARA BENEF\u00cdCIOS DE IPVA<\/h6>\n<ol style=\"list-style-type: lower-roman;\">\n<li><a href=\"https:\/\/goias.gov.br\/economia\/wp-content\/uploads\/sites\/45\/2012\/08\/Formulario-Procuracao-PF-446.docx\">Formul\u00e1rio Procura\u00e7\u00e3o PF<\/a><\/li>\n<li><a href=\"https:\/\/goias.gov.br\/economia\/wp-content\/uploads\/sites\/45\/2012\/08\/Formulario-Procuracao-PJ-33a.docx\">Formul\u00e1rio Procura\u00e7\u00e3o PJ<\/a><\/li>\n<li><a href=\"https:\/\/goias.gov.br\/economia\/wp-content\/uploads\/sites\/45\/2012\/08\/Formulario-Apendice-XXXIX-87d.docx\">Formul\u00e1rio Ap\u00eandice XXXIX<\/a><\/li>\n<li><a href=\"https:\/\/goias.gov.br\/economia\/wp-content\/uploads\/sites\/45\/2012\/08\/Formulario-Apendice-XXXVII-62f.docx\">Formul\u00e1rio Ap\u00eandice XXXVII<\/a><\/li>\n<li><a href=\"https:\/\/goias.gov.br\/economia\/wp-content\/uploads\/sites\/45\/2012\/08\/Formulario-Apendice-XXXVIII-974.docx\">Formul\u00e1rio Ap\u00eandice XXXVIII<\/a><\/li>\n<li><a href=\"https:\/\/goias.gov.br\/economia\/wp-content\/uploads\/sites\/45\/2020\/11\/FormularioApendiceXLIX-bf3.docx\">Formul\u00e1rio Ap\u00eandice XLIX<\/a><\/li>\n<li><a href=\"https:\/\/goias.gov.br\/economia\/wp-content\/uploads\/sites\/45\/2012\/08\/Formulario-Apendice-XL-664.docx\">Formul\u00e1rio Ap\u00eandice XL<\/a><\/li>\n<li><a href=\"https:\/\/goias.gov.br\/economia\/wp-content\/uploads\/sites\/45\/2012\/08\/Formulario-Apendice-XLI-b22.docx\">Formul\u00e1rio Ap\u00eandice XLI<\/a><\/li>\n<li><a href=\"https:\/\/goias.gov.br\/economia\/wp-content\/uploads\/sites\/45\/2020\/11\/FormularioDeclaracaodeResidencia-a08.docx\">Formul\u00e1rio de Declara\u00e7\u00e3o de Resid\u00eancia<\/a><\/li>\n<li><a href=\"https:\/\/goias.gov.br\/economia\/wp-content\/uploads\/sites\/45\/2024\/04\/FormDecNotificacaoEnderecoRegistro.docx\">Formul\u00e1rio de Declara\u00e7\u00e3o de Resid\u00eancia &#8211; Auditoria da UF de Registro<\/a><\/li>\n<li><a href=\"https:\/\/goias.gov.br\/economia\/wp-content\/uploads\/sites\/45\/2024\/09\/FormDecExtravioAutorizacao.docx\"><span data-olk-copy-source=\"MessageBody\">Formul\u00e1rio de Extravio\/Perda das Vias F\u00edsicas da Autoriza\u00e7\u00e3o ou Certid\u00e3o<\/span><\/a><\/li>\n<\/ol>\n<p><strong>Os demais servi\u00e7os listados abaixo est\u00e3o dispon\u00edveis na Plataforma Digital de Processos \u2013 PDP.<br \/>\nPara realizar sua solicita\u00e7\u00e3o, clique abaixo.<\/strong><\/p>\n<p><strong>\u00a0<\/strong><a class=\"btn btn-success\" href=\"\/economia\/plataforma-digital-de-processos\/\">Solicite pela Plataforma Digital de Processos<\/a><\/p>\n<ol>\n<li>Isen\u00e7\u00e3o de ICMS e IPVA &#8211; AUTISTA &#8211; N\u00c3O CONDUTOR (Conv\u00eanio 3812)<\/li>\n<li>Isen\u00e7\u00e3o de ICMS e IPVA &#8211; DEFICIENTE F\u00cdSICO &#8211; CONDUTOR (Conv\u00eanio 3812)<\/li>\n<li>Isen\u00e7\u00e3o de ICMS e IPVA &#8211; DEFICIENTE F\u00cdSICO &#8211; N\u00c3O CONDUTOR (Conv\u00eanio 3812)<\/li>\n<li>Isen\u00e7\u00e3o de ICMS e IPVA &#8211; DEFICIENTE MENTAL &#8211; N\u00c3O CONDUTOR (Conv\u00eanio 3812)<\/li>\n<li>Isen\u00e7\u00e3o de ICMS e IPVA &#8211; DEFICIENTE VISUAL &#8211; N\u00c3O CONDUTOR (Conv\u00eanio 3812)<\/li>\n<li>Isen\u00e7\u00e3o de ICMS e IPVA &#8211; TAXI<\/li>\n<li>Isen\u00e7\u00e3o de ICMS &#8211; FEIRANTE<\/li>\n<li>Isen\u00e7\u00e3o de IPVA &#8211; AMBUL\u00c2NCIA (Pessoa F\u00edsica)<\/li>\n<li>Isen\u00e7\u00e3o de IPVA &#8211; AMBUL\u00c2NCIA (Pessoa Jur\u00eddica)<\/li>\n<li>Isen\u00e7\u00e3o de IPVA &#8211; DEFICIENTE F\u00cdSICO CONDUTOR<\/li>\n<li>Isen\u00e7\u00e3o de IPVA &#8211; DEFICIENTE F\u00cdSICO N\u00c3O CONDUTOR<\/li>\n<li>Isen\u00e7\u00e3o de IPVA &#8211; DEFICIENTE MENTAL N\u00c3O CONDUTOR<\/li>\n<li>Isen\u00e7\u00e3o de IPVA &#8211; DEFICIENTE VISUAL N\u00c3O CONDUTOR<\/li>\n<li>Isen\u00e7\u00e3o de IPVA &#8211; AUTISTA N\u00c3O CONDUTOR<\/li>\n<li>Isen\u00e7\u00e3o de IPVA &#8211; MOTOTAXI<\/li>\n<li>Isen\u00e7\u00e3o de IPVA &#8211; \u00d4NIBUS ESCOLAR (Pessoa F\u00edsica)<\/li>\n<li>Isen\u00e7\u00e3o de IPVA &#8211; \u00d4NIBUS ESCOLAR (Pessoa Jur\u00eddica)<\/li>\n<li>Isen\u00e7\u00e3o de IPVA &#8211; \u00d4NIBUS TURISMO (Pessoa F\u00edsica)<\/li>\n<li>Isen\u00e7\u00e3o de IPVA &#8211; \u00d4NIBUS TURISMO (Pessoa Jur\u00eddica)<\/li>\n<li>Isen\u00e7\u00e3o de IPVA &#8211; TAXI<\/li>\n<\/ol>\n<p>DESONERA\u00c7\u00c3O<\/p>\n<ol start=\"21\">\n<li>Desonera\u00e7\u00e3o do Pagamento de IPVA &#8211; PERDA TOTAL (Pessoa F\u00edsica)<\/li>\n<li>\u00a0Desonera\u00e7\u00e3o do Pagamento de IPVA &#8211; PERDA TOTAL (Pessoa Jur\u00eddica)<\/li>\n<li>Baixa de Isen\u00e7\u00e3o de FURTO-ROUBO (Pessoa F\u00edsica)<\/li>\n<li>Baixa de Isen\u00e7\u00e3o de FURTO-ROUBO (Pessoa Jur\u00eddica)<\/li>\n<\/ol>\n<p>N\u00c3O INCID\u00caNCIA<\/p>\n<ol start=\"25\">\n<li>N\u00e3o Incid\u00eancia de IPVA &#8211; ENTIDADE BENEFICENTE<\/li>\n<li>N\u00e3o Incid\u00eancia de IPVA &#8211; \u00d3RG\u00c3O P\u00daBLICO<\/li>\n<li>N\u00e3o Incid\u00eancia de IPVA &#8211; ENTIDADE SINDICAL DE TRABALHADOR<\/li>\n<li>N\u00e3o Incid\u00eancia de IPVA &#8211; TEMPLO DE QUALQUER CULTO<\/li>\n<li>N\u00e3o Incid\u00eancia de IPVA &#8211; PARTIDO POL\u00cdTICO<\/li>\n<\/ol>\n<p>REDU\u00c7\u00c3O DA AL\u00cdQUOTA DO IPVA<\/p>\n<ol start=\"30\">\n<li>Redu\u00e7\u00e3o de Al\u00edquota IPVA &#8211; Locadora<\/li>\n<\/ol>\n<p>CANCELAMENTOS<\/p>\n<ol start=\"31\">\n<li>Cancelamento de Isen\u00e7\u00e3o de IPVA &#8211; T\u00e1xi-Moto-T\u00e1xi\/Deficiente F\u00edsico\/Transporte Escolar\/Turismo<\/li>\n<li>Cancelamento de N\u00e3o Incid\u00eancia de IPVA &#8211; \u00d3rg\u00e3o P\u00fablico\/Entidade Beneficente\/Templo de Qualquer Culto<\/li>\n<\/ol>\n<p>RECOLHIMENTO DE ICMS NO CASO DE\u00a0ALIENA\u00c7\u00c3O DO VE\u00cdCULO ANTES DO PRAZO ESTABELECIDO\u00a0POR CADA\u00a0CONV\u00caNIO<\/p>\n<ol start=\"33\">\n<li>Recolhimento de ICMS para Aliena\u00e7\u00e3o de Ve\u00edculo Antes do Prazo &#8211; Conv\u00eanio Deficiente F\u00edsico<\/li>\n<li>Recolhimento de ICMS para Aliena\u00e7\u00e3o de Ve\u00edculo Antes do Prazo &#8211; Produtor Rural ou Qualquer Pessoa Jur\u00eddica<\/li>\n<li>Recolhimento de ICMS para Aliena\u00e7\u00e3o de Ve\u00edculo Antes do Prazo &#8211; T\u00e1xi<\/li>\n<\/ol>\n<p>PEDIDO DE REVIS\u00c3O DE LAN\u00c7AMENTO DO IPVA<\/p>\n<ol start=\"36\">\n<li>Pedido de Revis\u00e3o de Lan\u00e7amento do IPVA\u00a0[D\u00c9BITO NA SEFAZ]<\/li>\n<\/ol>\n","protected":false},"excerpt":{"rendered":"<p>FORMUL\u00c1RIOS COMPLEMENTARES PARA BENEF\u00cdCIOS DE IPVA Formul\u00e1rio Procura\u00e7\u00e3o PF Formul\u00e1rio Procura\u00e7\u00e3o PJ Formul\u00e1rio Ap\u00eandice XXXIX Formul\u00e1rio Ap\u00eandice XXXVII Formul\u00e1rio Ap\u00eandice XXXVIII Formul\u00e1rio Ap\u00eandice XLIX Formul\u00e1rio Ap\u00eandice XL Formul\u00e1rio Ap\u00eandice XLI Formul\u00e1rio de Declara\u00e7\u00e3o de Resid\u00eancia Formul\u00e1rio de Declara\u00e7\u00e3o de Resid\u00eancia &#8211; Auditoria da UF de Registro Formul\u00e1rio de Extravio\/Perda das Vias F\u00edsicas da Autoriza\u00e7\u00e3o ou [&hellip;]<\/p>\n","protected":false},"author":1019,"featured_media":0,"comment_status":"closed","ping_status":"open","sticky":false,"template":"","format":"standard","meta":{"footnotes":""},"categories":[176],"tags":[],"class_list":["post-32280","post","type-post","status-publish","format-standard","hentry","category-ipva"],"rttpg_featured_image_url":null,"rttpg_author":{"display_name":"","author_link":"https:\/\/goias.gov.br\/economia\/author\/"},"rttpg_comment":0,"rttpg_category":"<a href=\"https:\/\/goias.gov.br\/economia\/categoria\/receita-estadual\/ipva\/\" rel=\"category tag\">IPVA<\/a>","rttpg_excerpt":"FORMUL\u00c1RIOS COMPLEMENTARES PARA BENEF\u00cdCIOS DE IPVA Formul\u00e1rio Procura\u00e7\u00e3o PF Formul\u00e1rio Procura\u00e7\u00e3o PJ Formul\u00e1rio Ap\u00eandice XXXIX Formul\u00e1rio Ap\u00eandice XXXVII Formul\u00e1rio Ap\u00eandice XXXVIII Formul\u00e1rio Ap\u00eandice XLIX Formul\u00e1rio Ap\u00eandice XL Formul\u00e1rio Ap\u00eandice XLI Formul\u00e1rio de Declara\u00e7\u00e3o de Resid\u00eancia Formul\u00e1rio de Declara\u00e7\u00e3o de Resid\u00eancia &#8211; Auditoria da UF de Registro Formul\u00e1rio de Extravio\/Perda das Vias F\u00edsicas da Autoriza\u00e7\u00e3o ou&hellip;","_links":{"self":[{"href":"https:\/\/goias.gov.br\/economia\/wp-json\/wp\/v2\/posts\/32280","targetHints":{"allow":["GET"]}}],"collection":[{"href":"https:\/\/goias.gov.br\/economia\/wp-json\/wp\/v2\/posts"}],"about":[{"href":"https:\/\/goias.gov.br\/economia\/wp-json\/wp\/v2\/types\/post"}],"author":[{"embeddable":true,"href":"https:\/\/goias.gov.br\/economia\/wp-json\/wp\/v2\/users\/1019"}],"replies":[{"embeddable":true,"href":"https:\/\/goias.gov.br\/economia\/wp-json\/wp\/v2\/comments?post=32280"}],"version-history":[{"count":2,"href":"https:\/\/goias.gov.br\/economia\/wp-json\/wp\/v2\/posts\/32280\/revisions"}],"predecessor-version":[{"id":79926,"href":"https:\/\/goias.gov.br\/economia\/wp-json\/wp\/v2\/posts\/32280\/revisions\/79926"}],"wp:attachment":[{"href":"https:\/\/goias.gov.br\/economia\/wp-json\/wp\/v2\/media?parent=32280"}],"wp:term":[{"taxonomy":"category","embeddable":true,"href":"https:\/\/goias.gov.br\/economia\/wp-json\/wp\/v2\/categories?post=32280"},{"taxonomy":"post_tag","embeddable":true,"href":"https:\/\/goias.gov.br\/economia\/wp-json\/wp\/v2\/tags?post=32280"}],"curies":[{"name":"wp","href":"https:\/\/api.w.org\/{rel}","templated":true}]}}