

{"id":32263,"date":"2020-11-05T19:23:04","date_gmt":"2020-11-05T22:23:04","guid":{"rendered":"https:\/\/siteshom.goias.gov.br\/economia\/perguntas-e-respostas-6\/"},"modified":"2026-04-17T11:58:39","modified_gmt":"2026-04-17T14:58:39","slug":"perguntas-e-respostas-6","status":"publish","type":"post","link":"https:\/\/goias.gov.br\/economia\/perguntas-e-respostas-6\/","title":{"rendered":""},"content":{"rendered":"\n<figure class=\"wp-block-image size-large is-resized\"><img fetchpriority=\"high\" decoding=\"async\" width=\"1024\" height=\"435\" src=\"https:\/\/goias.gov.br\/economia\/wp-content\/uploads\/sites\/45\/2020\/11\/ipva-1024x435.png\" alt=\"\" class=\"wp-image-212518\" style=\"width:426px;height:auto\" srcset=\"https:\/\/goias.gov.br\/economia\/wp-content\/uploads\/sites\/45\/2020\/11\/ipva-1024x435.png 1024w, https:\/\/goias.gov.br\/economia\/wp-content\/uploads\/sites\/45\/2020\/11\/ipva-300x128.png 300w, https:\/\/goias.gov.br\/economia\/wp-content\/uploads\/sites\/45\/2020\/11\/ipva-768x327.png 768w, https:\/\/goias.gov.br\/economia\/wp-content\/uploads\/sites\/45\/2020\/11\/ipva-1536x653.png 1536w, https:\/\/goias.gov.br\/economia\/wp-content\/uploads\/sites\/45\/2020\/11\/ipva.png 1893w\" sizes=\"(max-width: 1024px) 100vw, 1024px\" \/><\/figure>\n\n\n\n<p>Esta se\u00e7\u00e3o de ajuda n\u00e3o substitui a publica\u00e7\u00e3o da norma no Di\u00e1rio Oficial.<\/p>\n\n\n<h6>\u00a0<\/h6>\n<h6><strong>Navegue pelos temas:<\/strong><\/h6>\n<ul>\n<li><a href=\"#infor.geral\">INFORMA\u00c7\u00d5ES GERAIS\u00a0<\/a><\/li>\n<li><a href=\"#pagamento\">PAGAMENTO\u00a0<\/a><\/li>\n<li><a href=\"#Compra_venda\">COMPRA E VENDA\u00a0<\/a><\/li>\n<li><a href=\"#aquatico\">AQU\u00c1TICOS E A\u00c9REOS \/ EMBARCA\u00c7\u00d5ES E AERONAVES<\/a><\/li>\n<li><a href=\"#d\u00edvida Ativa\">D\u00cdVIDA ATIVA<\/a><\/li>\n<li><a href=\"#Isencao\">ISEN\u00c7\u00c3O<\/a><\/li>\n<li><a href=\"#BENEF\u00cdCIOS\">BENEF\u00cdCIOS<\/a><\/li>\n<li><a href=\"#SOLICITAR BENEFICIOS\">COMO SOLICITAR ISEN\u00c7\u00c3O PARA PCD<\/a><\/li>\n<li><a href=\"#TRANS.PASSAGEIROS\">COMO SOLICITAR ISEN\u00c7\u00c3O PARA TRANSPORTE DE PASSAGEIROS<\/a><\/li>\n<li><a href=\"#incidencia\">COMO SOLICITAR N\u00c3O INCID\u00caNCIA DE IPVA<\/a><\/li>\n<li><a href=\"#OUTRO SERVICO\">OUTROS SERVI\u00c7OS<\/a><\/li>\n<\/ul>\n<p><a href=\"https:\/\/api.whatsapp.com\/send?phone=556294279777\"><img decoding=\"async\" class=\" size-full wp-image-32250\" title=\"\" src=\"https:\/\/goias.gov.br\/economia\/wp-content\/uploads\/sites\/45\/2020\/11\/BANNER-CHAT-BOOT-ALICE-5cc.png\" alt=\"\" width=\"283\" height=\"182\" \/><\/a><\/p>\n<h5><a id=\"infor.geral\" name=\"infor.geral\"><\/a>INFORMA\u00c7\u00d5ES GERAIS<\/h5>\n<p><strong>1. O QUE \u00c9 O IPVA?<\/strong><\/p>\n<p>R: \u00c9 o imposto sobre a propriedade de ve\u00edculos automotores que incide sobre a propriedade de ve\u00edculo automotor a\u00e9reo, aqu\u00e1tico ou terrestre, quaisquer que sejam as suas esp\u00e9cies. O imposto \u00e9 vinculado ao ve\u00edculo e devido quando o propriet\u00e1rio estiver domiciliado neste Estado (<a href=\"https:\/\/appasp.economia.go.gov.br\/legislacao\/arquivos\/Cte\/CTE.htm#A90\">Art. 90 \u2013 Lei 11.651\/91<\/a>).<\/p>\n<p><strong>2. QUAL A BASE LEGAL DO IPVA?<\/strong><\/p>\n<p>R: A Constitui\u00e7\u00e3o Federal\u00a0<u><a id=\"OWAda538d28-28ad-ae36-56e5-d760ac4e516e\" title=\"https:\/\/www.planalto.gov.br\/ccivil_03\/Constituicao\/ConstituicaoCompilado.htm\" href=\"https:\/\/www.planalto.gov.br\/ccivil_03\/Constituicao\/ConstituicaoCompilado.htm\" target=\"_blank\" rel=\"noopener noreferrer\" data-auth=\"NotApplicable\" data-linkindex=\"0\">Art. 155, III<\/a><\/u><\/p>\n<p><strong>3. QUAL \u00c9 A LEI QUE REGULA O IPVA?<\/strong><\/p>\n<p>R: <a href=\"https:\/\/www.sefaz.go.gov.br\/LTE\/LTE_VER_40_3_htm\/Cte\/CTE.htm\">C\u00f3digo Tribut\u00e1rio do Estado de Goi\u00e1s. Aprovado pela Lei n\u00ba 11.651\/1991<\/a><\/p>\n<p><strong>4. COMO \u00c9 CALCULADO O VALOR DO IPVA?<\/strong><\/p>\n<p>R: O valor do IPVA compreende tantos doze avos do seu valor anual quantos forem os meses:<\/p>\n<p>1) faltantes para o t\u00e9rmino do ano civil, incluindo-se o m\u00eas da ocorr\u00eancia do evento, nas seguintes situa\u00e7\u00f5es:<\/p>\n<ol style=\"list-style-type: lower-alpha;\" start=\"1\">\n<li>primeira aquisi\u00e7\u00e3o do ve\u00edculo por consumidor final;<\/li>\n<li>desembara\u00e7o aduaneiro, em rela\u00e7\u00e3o a ve\u00edculo importado, diretamente ou por meio de \u201ctrading\u201d, do \u00a0\u00a0\u00a0exterior por consumidor final;<\/li>\n<li>incorpora\u00e7\u00e3o de ve\u00edculo ao ativo permanente do fabricante, do revendedor ou do importador;<\/li>\n<li>perda de isen\u00e7\u00e3o ou de n\u00e3o-incid\u00eancia;<\/li>\n<li>restabelecimento do direito de propriedade ou de posse quando injustamente subtra\u00edda;<\/li>\n<\/ol>\n<p>2) decorridos do ano civil, incluindo-se o m\u00eas da ocorr\u00eancia do evento, nas seguintes situa\u00e7\u00f5es:<\/p>\n<ul>\n<li>ocorr\u00eancia da n\u00e3o-incid\u00eancia ou da isen\u00e7\u00e3o;<\/li>\n<li>caso de inutiliza\u00e7\u00e3o, perecimento ou subtra\u00e7\u00e3o injusta.<\/li>\n<\/ul>\n<p><strong>5. ONDE \u00c9 DEVIDO O IPVA?<\/strong><\/p>\n<p>R: Voc\u00ea deve pagar o IPVA para Estado onde o ve\u00edculo automotor terrestre for licenciado, que no caso da pessoa f\u00edsica dever\u00e1 ser o local de resid\u00eancia do propriet\u00e1rio e no caso de pessoa jur\u00eddica dever\u00e1 ser o endere\u00e7o do estabelecimento a que o ve\u00edculo esteja vinculado. E para os aqu\u00e1ticos e a\u00e9reos o IPVA \u00e9 devido se o propriet\u00e1rio for domiciliado neste Estado, independente do local de registro.<\/p>\n<p><strong>6. COMO \u00c9 DEFINIDO O VALOR DO IPVA?<\/strong><\/p>\n<p>R: As regras para se definir o valor do IPVA est\u00e3o no <a href=\"https:\/\/www.sefaz.go.gov.br\/LTE\/LTE_VER_40_3_htm\/Cte\/CTE.htm#a92\">Art. 92 e seus incisos da Lei 11.651\/91<\/a>:<\/p>\n<ul>\n<li>Ve\u00edculo Usado \u2013 Valor publicado no Di\u00e1rio Oficial no m\u00eas de dezembro tendo como base a pesquisa de mercado pela institui\u00e7\u00e3o FIPE para valer no exerc\u00edcio seguinte.<\/li>\n<li>Ve\u00edculo Novo \u2013 Nota Fiscal de Compra.<\/li>\n<li>Ve\u00edculo Importado \u2013 Somat\u00f3rio de Todas as Despesas, Custos e Tributos.<\/li>\n<li>Ve\u00edculo Montado \u2013 Somat\u00f3rio de todos os valores (partes, pe\u00e7as e servi\u00e7os).<\/li>\n<li>Ve\u00edculo Incorporado ao Ativo da Empresa \u2013 Custo de Aquisi\u00e7\u00e3o ou Fabrica\u00e7\u00e3o.<\/li>\n<\/ul>\n<p>A Base de C\u00e1lculo (Valor Venal) do seu ve\u00edculo \u00e9 publicada nas Instru\u00e7\u00f5es Normativas da Subsecretaria da Receita Estadual (Clique\u00a0<a id=\"LPlnk537771\" title=\"https:\/\/goias.gov.br\/economia\/calendario-de-vencimentos\/\" href=\"https:\/\/goias.gov.br\/economia\/calendario-de-vencimentos\/\" target=\"_blank\" rel=\"noopener noreferrer\" data-auth=\"NotApplicable\" data-linkindex=\"1\">AQUI<\/a>), mas tamb\u00e9m pode ser consultada diretamente na base de dados do sistema por marca\/modelo\/vers\u00e3o e ano de fabrica\u00e7\u00e3o (Clique\u00a0<a id=\"LPlnk450078\" title=\"https:\/\/www.sefaz.go.gov.br\/NETACCESS\/Fipe\/consultar\/default.asp\" href=\"https:\/\/www.sefaz.go.gov.br\/NETACCESS\/Fipe\/consultar\/default.asp\" target=\"_blank\" rel=\"noopener noreferrer\" data-auth=\"NotApplicable\" data-linkindex=\"2\">AQUI<\/a>).<\/p>\n<p><strong>7. N\u00c3O CONCORDO COM A BASE DE C\u00c1LCULO. O QUE POSSO FAZER?<\/strong><\/p>\n<p>R: O contribuinte, quando discordar do valor a pagar do IPVA, poder\u00e1 protocolar Pedido de Revis\u00e3o de Lan\u00e7amento contestando a base de c\u00e1lculo at\u00e9 31 de janeiro de cada ano em rela\u00e7\u00e3o ao exerc\u00edcio corrente reunindo elementos (documentos) que comprovem sua argumenta\u00e7\u00e3o.<\/p>\n<ul>\n<li>Somente o propriet\u00e1rio ou seu representante legal poder\u00e1 protocolar a reclama\u00e7\u00e3o contra o lan\u00e7amento;<\/li>\n<li>O servi\u00e7o dever\u00e1 ser solicitado na Plataforma Digital de Processos (PDP) (Clique <a href=\"https:\/\/goias.gov.br\/economia\/plataforma-digital-de-processos\/\">AQUI<\/a>);<\/li>\n<li>N\u00e3o h\u00e1 formul\u00e1rio espec\u00edfico para esse pedido.<\/li>\n<\/ul>\n<p>A Base de C\u00e1lculo (Valor Venal) do seu ve\u00edculo \u00e9 publicada nas Instru\u00e7\u00f5es Normativas da Subsecretaria da Receita Estadual (Clique\u00a0<a id=\"LPlnk537771\" title=\"https:\/\/goias.gov.br\/economia\/calendario-de-vencimentos\/\" href=\"https:\/\/goias.gov.br\/economia\/calendario-de-vencimentos\/\" target=\"_blank\" rel=\"noopener noreferrer\" data-auth=\"NotApplicable\" data-linkindex=\"1\">AQUI<\/a>), mas tamb\u00e9m pode ser consultada diretamente na base de dados do sistema por marca\/modelo\/vers\u00e3o e ano de fabrica\u00e7\u00e3o (Clique\u00a0<a id=\"LPlnk450078\" title=\"https:\/\/www.sefaz.go.gov.br\/NETACCESS\/Fipe\/consultar\/default.asp\" href=\"https:\/\/www.sefaz.go.gov.br\/NETACCESS\/Fipe\/consultar\/default.asp\" target=\"_blank\" rel=\"noopener noreferrer\" data-auth=\"NotApplicable\" data-linkindex=\"2\">AQUI<\/a>).<\/p>\n<p><strong>8. QUAIS S\u00c3O AS AL\u00cdQUOTAS DO IPVA APLICADAS NO ESTADO?<\/strong><\/p>\n<p>R: As al\u00edquotas est\u00e3o no <a href=\"https:\/\/appasp.economia.go.gov.br\/legislacao\/arquivos\/Cte\/CTE.htm#A93\">Art. 93 da Lei 11.651\/91<\/a>.<\/p>\n<ul>\n<li>1,25% (um inteiro e vinte e cinco cent\u00e9simos por cento) para \u00f4nibus, micro-\u00f4nibus, caminh\u00e3o;<\/li>\n<li>3% (tr\u00eas por cento) para motocicleta, ciclomotor, triciclo, quadriciclo, motoneta e autom\u00f3vel de passeio com pot\u00eancia at\u00e9 100cv;<br \/><strong>OBS:<\/strong> Autom\u00f3veis com mais de 100 cavalos de pot\u00eancia (HP) t\u00eam al\u00edquota prevista no inciso IV, de 3,75%.<\/li>\n<li>3,45% (tr\u00eas inteiros e quarenta e cinco cent\u00e9simos por cento) para os ve\u00edculos utilit\u00e1rios;<\/li>\n<li>3,75% (tr\u00eas inteiros e setenta e cinco cent\u00e9simos por cento) para ve\u00edculos terrestres de passeio, ve\u00edculos aqu\u00e1ticos, ve\u00edculos a\u00e9reos e os demais ve\u00edculos n\u00e3o especificados.<br \/><strong>OBS:<\/strong> Demais ve\u00edculos incluem: autom\u00f3veis com mais de 100 cavalos de pot\u00eancia (HP), motor-casa, motor-home, camioneta e caminhonete.<\/li>\n<\/ul>\n<p><strong>9. O QUE \u00c9 A TAXA DE LICENCIAMENTO?<\/strong><\/p>\n<p>R:\u00a0A Taxa de Licenciamento \u00e9 devida ao DETRAN\/GO para a emiss\u00e3o do Certificado de Registro e Licenciamento de Ve\u00edculo \u2013 CRLV.<\/p>\n<p><strong>10. PRECISO COMUNICAR MUDAN\u00c7A DE ENDERE\u00c7O AO \u00d3RG\u00c3O DE TR\u00c2NSITO?<\/strong><\/p>\n<p>R: Sim. A mudan\u00e7a, mesmo que dentro do mesmo munic\u00edpio, deve ser comunicada ao \u00f3rg\u00e3o de tr\u00e2nsito no prazo de 30 dias, conforme estabelece o C\u00f3digo de Tr\u00e2nsito Brasileiro (<a href=\"https:\/\/www.planalto.gov.br\/ccivil_03\/leis\/l9503compilado.htm\" target=\"_blank\" rel=\"noopener\">Lei federal n\u00ba 9.503\/1997<\/a>). Al\u00e9m de atender \u00e0 legisla\u00e7\u00e3o, a comunica\u00e7\u00e3o do novo endere\u00e7o \u00e9 importante para que eventual comunica\u00e7\u00e3o entre o estado e o contribuinte chegue ao destinat\u00e1rio, de modo que ele possa, em tempo h\u00e1bil, tomar ci\u00eancia dos termos desse comunicado.<\/p>\n<p><strong>11.<a id=\"compendereco\" name=\"compendereco\"><\/a><\/strong> <strong>QUAIS OS DOCUMENTOS H\u00c1BEIS PARA COMPROVA\u00c7\u00c3O DE RESID\u00caNCIA?<\/strong><\/p>\n<p>R:\u00a0Tal\u00e3o de \u00e1gua, energia, g\u00e1s canalizado, telecomunica\u00e7\u00f5es fixa ou m\u00f3vel, plano de sa\u00fade, com validade de, no m\u00e1ximo, 90 (noventa) dias, contados da data do vencimento da fatura;<\/p>\n<p>Correspond\u00eancia expedida por \u00f3rg\u00e3os oficiais das esferas Federal, Estadual e Municipal, comprovadamente recebida via Empresa Brasileira de Correios e Tel\u00e9grafos, no pr\u00f3prio documento, com data de emiss\u00e3o de, no m\u00e1ximo, 90 (noventa) dias;<\/p>\n<p>N\u00e3o ser\u00e1 aceito comprovante de endere\u00e7o com informa\u00e7\u00f5es incompletas, tais como: resid\u00eancia e domic\u00edlio situado \u00e0s margens de rodovias, sem identificar o KM, bem como constar o logradouro, sem identificar o bairro, a quadra, lote ou o n\u00famero da resid\u00eancia, ou o apartamento se for um edif\u00edcio.<\/p>\n<p>Na falta de um comprovante v\u00e1lido voc\u00ea pode fazer uma declara\u00e7\u00e3o nos termos da Lei 7.115\/1983, para isto acesse a se\u00e7\u00e3o [<a href=\"https:\/\/goias.gov.br\/economia\/requerimento-de-insencao-e-declaracao\/\">Requerimentos e Formul\u00e1rios<\/a>] e utilize o [Formul\u00e1rio de Declara\u00e7\u00e3o de Resid\u00eancia] e ap\u00f3s preenchimento reconhe\u00e7a a firma num cart\u00f3rio.<\/p>\n<p><strong>12. COMPREI UM CARRO NOVO, \u00c9 DEVIDO O IPVA?<\/strong><\/p>\n<p>R: Se a compra for realizada num estabelecimento revendedor localizado no Estado de Goi\u00e1s o ve\u00edculo \u00e9 isento at\u00e9 31 de dezembro do mesmo ano. (<a href=\"https:\/\/appasp.economia.go.gov.br\/legislacao\/arquivos\/Cte\/CTE.htm#a94\" target=\"_blank\" rel=\"noopener\">Lei 11.651\/91, Art.94, \u00a75\u00ba, I<\/a>), caso contr\u00e1rio o IPVA ser\u00e1 devido proporcionalmente de acordo com os meses faltantes para o t\u00e9rmino do ano.<\/p>\n<p><strong>13. COMPREI O VE\u00cdCULO EM NOVEMBRO, NESTE CASO TENHO QUE PAGAR IPVA?<\/strong><\/p>\n<p>R: Se o ve\u00edculo n\u00e3o for isento, voc\u00ea dever\u00e1 pagar apenas o valor proporcional aos dois meses restantes do ano. Se o ve\u00edculo \u00e9 novo e foi adquirido em concession\u00e1rias estabelecidas em Goi\u00e1s, voc\u00ea n\u00e3o ter\u00e1 que pagar o IPVA pois o mesmo estar\u00e1 isento do pagamento referente ao valor proporcional dos meses restantes do ano.<\/p>\n<p><strong>14. COMPREI UM VE\u00cdCULO EM OUTRO ESTADO E O TRANSFERI PARA O GOI\u00c1S. NESTE CASO TENHO QUE PAGAR O IPVA?<\/strong><\/p>\n<p>R: Para Goi\u00e1s voc\u00ea n\u00e3o ter\u00e1 que pagar o IPVA do ano em que ocorrer a transfer\u00eancia.<\/p>\n<p><strong>15. COMPREI UM VE\u00cdCULO EM GOI\u00c1S COM A ISEN\u00c7\u00c3O DE VE\u00cdCULO NOVO. SE EU QUISER TRANSFERIR PARA OUTRO ESTADO ANTES DO FINAL DO EXERC\u00cdCIO EU PERCO A ISEN\u00c7\u00c3O E TENHO QUE PAGAR O IMPOSTO PROPORCIONAL?<\/strong><\/p>\n<p>R: N\u00e3o, a isen\u00e7\u00e3o continua v\u00e1lida para o primeiro exerc\u00edcio.<\/p>\n<p><strong>16. POR QUAL PER\u00cdODO DEVO GUARDAR O COMPROVANTE DE PAGAMENTO DO IPVA?<\/strong><\/p>\n<p>R: O comprovante de pagamento do IPVA dever\u00e1 ser guardado pelo per\u00edodo de 5 (cinco) anos, para efeito de comprova\u00e7\u00e3o de quita\u00e7\u00e3o junto \u00e0 Secretaria de Estado da Economia.<\/p>\n<p><strong>17. RECEBEREI EM CASA O BOLETO DO IPVA?<\/strong><\/p>\n<p>R: N\u00e3o, o DETRAN respons\u00e1vel pelo controle da frota n\u00e3o envia mais correspond\u00eancias, a guia de pagamento deve ser retirada pelo interessado no site do DETRAN, no aplicativo do DETRAN ou nos vapt-vupts.<\/p>\n<p><strong>18. COMO SABEREI O VENCIMENTO DO MEU IPVA (VE\u00cdCULO EMPLACADO NO ANO ANTERIOR)?<\/strong><\/p>\n<p>\u00c9 publicado no Di\u00e1rio Oficial e no site da Economia no m\u00eas de dezembro de cada ano com vig\u00eancia para o exerc\u00edcio seguinte o calend\u00e1rio de pagamento para os ve\u00edculos emplacados no ano anterior.<\/p>\n<p>A publica\u00e7\u00e3o do calend\u00e1rio e da tabela com os valores venais \u00e9 o lan\u00e7amento e a cientifica\u00e7\u00e3o do contribuinte, n\u00e3o requerendo intima\u00e7\u00e3o pessoal.<\/p>\n<p><strong>19. COMO POSSO BAIXAR\/RETIRAR A RESTRI\u00c7\u00c3O TRIBUT\u00c1RIA QUE IMPEDE A ALIENA\u00c7\u00c3O ANTECIPADA (ANTES DO VENCIMENTO) ?<\/strong><\/p>\n<p>R: O interessado que deseja alienar o ve\u00edculo antes do vencimento da restri\u00e7\u00e3o deve solicitar na pasta fazend\u00e1ria via <strong><a href=\"\/economia\/plataforma-digital-de-processos\/\" target=\"_blank\" rel=\"noopener\">Plataforma Digital de Processos<\/a><\/strong> a Autoriza\u00e7\u00e3o para baixa de Restri\u00e7\u00e3o Tribut\u00e1ria. Para saber mais sobre o servi\u00e7o clique <a href=\"https:\/\/goias.gov.br\/economia\/perguntas-e-respostas-6\/?Itemid=101#OUTRO%20SERVICO\" target=\"_blank\" rel=\"noopener\">aqui<\/a>. O documento ser\u00e1 emitido ap\u00f3s o pagamento do ICMS, se for o caso. De posse do documento deve ir num Vapt-Vupt ou Ciretran para solicitar o servi\u00e7o de Baixa de Restri\u00e7\u00e3o Tribut\u00e1ria, este novo processo Sei! deve ser encaminhado para a Ger\u00eancia de Ve\u00edculos (GEVEI), e pagar a taxa do DETRAN que for gerada neste servi\u00e7o. Dependendo do caso o DETRAN tamb\u00e9m exigir\u00e1 uma Autoriza\u00e7\u00e3o da Receita Federal.<\/p>\n<p><strong>20. N\u00c3O ENCONTREI RESPOSTA PARA A MINHA D\u00daVIDA. O QUE POSSO FAZER?<\/strong><\/p>\n<p>R: Sua d\u00favida poder\u00e1 ser esclarecida pela Ouvidoria Fazend\u00e1ria(<a href=\"https:\/\/www.cge.go.gov.br\/ouvidoria\/\">www.cge.go.gov.br\/ouvidoria\/<\/a>) ou ainda pelos telefones:<\/p>\n<ul>\n<li><span data-olk-copy-source=\"MessageBody\">Coordena\u00e7\u00e3o de Atendimento ao Contribuinte<\/span> (62) 3309-6950<\/li>\n<li>Se a sua d\u00favida \u00e9 sobre pagamento ou parcelamento de processo tribut\u00e1rio de IPVA entre em contato com a Superintend\u00eancia de Recupera\u00e7\u00e3o de Cr\u00e9ditos (62) 3309-6700<\/li>\n<li><span data-olk-copy-source=\"MessageBody\">Email: atendimentogipva.economia@goias.gov.br<\/span><\/li>\n<\/ul>\n<p><strong><a id=\"pdpajuda\" name=\"pdpajuda\"><\/a>21.<\/strong> <strong>O QUE \u00c9 E COMO USAR A PLATAFORMA DIGITAL DE PROCESSOS \u2013 PDP?<\/strong><\/p>\n<p>R: A <a href=\"https:\/\/goias.gov.br\/economia\/plataforma-digital-de-processos\/\">Plataforma Digital de Processos &#8211; PDP<\/a>\u00a0 \u00e9 o caminho exclusivo para solicita\u00e7\u00e3o dos servi\u00e7os da Ger\u00eancia do IPVA.\u00a0As pessoas f\u00edsicas podem acessar por <em>login<\/em> e senha ou certificado digital, e as pessoas jur\u00eddicas exclusivamente com certificado digital.<\/p>\n<p>Ap\u00f3s o cadastramento da sua solicita\u00e7\u00e3o voc\u00ea ter\u00e1 o n\u00famero do processo Sei! Na sua tela \u201cMinhas Solicita\u00e7\u00f5es\u201d. A comunica\u00e7\u00e3o entre a Ger\u00eancia do IPVA e o interessado ser\u00e1 via PDP, nesta mesma ferramenta enviaremos os comunicados, documentos, dilig\u00eancias e notifica\u00e7\u00f5es, que voc\u00ea ter\u00e1 que responder quando requisitado no prazo solicitado e pela plataforma.<\/p>\n<p>Sempre que o processo tiver um comunicado emitido, documento assinado ou encartado, tramita\u00e7\u00e3o voc\u00ea receber\u00e1 um e-mail informativo.\u00a0Na plataforma voc\u00ea tem acesso \u00e0 todos os documentos do processo.<\/p>\n<p>A solicita\u00e7\u00e3o dos servi\u00e7os pode ser feita pelo pr\u00f3prio interessado, por um procurador, ou se preferir pode comparecer num dos protocolos nas Delegacias Regionais de Fiscaliza\u00e7\u00e3o ou do Complexo Fazend\u00e1rio para ser realizado por um servidor, mas ainda assim precisar\u00e1 de um e-mail pessoal para receber as informa\u00e7\u00f5es.\u00a0Para os interessados representados por procuradores recomendamos a utiliza\u00e7\u00e3o do modelo de procura\u00e7\u00e3o dispon\u00edvel na se\u00e7\u00e3o [<a href=\"https:\/\/goias.gov.br\/economia\/requerimento-de-insencao-e-declaracao\/\">Requerimentos e Formul\u00e1rios<\/a>] na p\u00e1gina do IPVA na Economia (<a href=\"https:\/\/goias.gov.br\/economia\/wp-content\/uploads\/sites\/45\/component\/content\/article\/236-receita-estadual\/icms\/4136-requerimentos-diversos-icms-e-ipva-desoneracao-reducaoisencao-nao-incidencia-e-restituicao.html?Itemid=101\">link<\/a>). A procura\u00e7\u00e3o precisa ter a firma reconhecida.<\/p>\n<p>Todos os documentos enviados devem estar no formato PDF ou imagem, mas recomendamos tamb\u00e9m transformar as imagens em PDF. Documentos virados, ileg\u00edveis, fora de foco, pequenos demais, ou com emendas, rasuras, remendos (ex. corretivo l\u00edquido), riscos, raspagens que tornem inv\u00e1lidas ou ileg\u00edveis palavras ou marca\u00e7\u00f5es nele contidas poder\u00e3o motivar a conclus\u00e3o do processo sem an\u00e1lise do m\u00e9rito.<\/p>\n<p>Se o interessado precisar incluir ou alterar: email, senha e\/ou nome, ent\u00e3o siga as orienta\u00e7\u00f5es da p\u00e1gina de ajuda do sistema (Clique\u00a0<a id=\"LPlnk\" title=\"https:\/\/goias.gov.br\/economia\/cadastro-portal-de-aplicacoes-e-servicos\/\" href=\"https:\/\/goias.gov.br\/economia\/cadastro-portal-de-aplicacoes-e-servicos\/\" target=\"_blank\" rel=\"noopener noreferrer\" data-auth=\"NotApplicable\" data-linkindex=\"1\">AQUI<\/a>).<\/p>\n<p>Veja mais:\u00a0<a href=\"https:\/\/goias.gov.br\/economia\/plataforma-digital-de-processos\/\">Plataforma Digital de Processos &#8211; PDP<\/a><\/p>\n<p><strong>22. UTILIZA\u00c7\u00c3O DE ASSINATURA DIGITAL ?<\/strong><\/p>\n<p>R: Os documentos e formul\u00e1rios apresentados ou solicitados nos servi\u00e7os da GIPVA podem ser assinados digitalmente e RECOMENDAMOS a sua utiliza\u00e7\u00e3o.<\/p>\n<p>Utilize o seu certificado digital (token) ou aplicativo Gov.br para realizar a assinatura dos PDF\u2019s.<\/p>\n<p>Vantagens:<br \/>(1) N\u00e3o precisa preencher o seu nome e nem data nos formul\u00e1rios;<br \/>(2) Se o documento solicitar a sua assinatura em mais de uma p\u00e1gina, ent\u00e3o \u00e9 suficiente assinar apenas uma vez.<\/p>\n<p>Cuidados:<br \/>(1) A assinatura digital perde a validade se o arquivo PDF for modificado ap\u00f3s a assinatura;<br \/>(2) Se quiser unir documentos assinados, precisa junt\u00e1-los e depois assinar;<br \/>(3) Assinou digitalmente ent\u00e3o use este arquivo e n\u00e3o uma foto dele impresso<\/p>\n<p>Portanto, fa\u00e7a o upload na Plataforma Digital de Processos do arquivo PDF original que cont\u00e9m a assinatura.<\/p>\n<p>Para baixar o aplicativo gov.br clique em uma das lojas abaixo:<br \/><a href=\"https:\/\/apps.apple.com\/us\/app\/id1506827551\"><img decoding=\"async\" class=\"alignnone size-full wp-image-42213\" src=\"https:\/\/goias.gov.br\/economia\/wp-content\/uploads\/sites\/45\/2020\/11\/Appstore.png\" alt=\"\" width=\"162\" height=\"54\" \/><\/a> <a href=\"https:\/\/play.google.com\/store\/apps\/details?id=br.gov.meugovbr&amp;hl=pt_BR\"><img loading=\"lazy\" decoding=\"async\" class=\"alignnone size-full wp-image-42214\" src=\"https:\/\/goias.gov.br\/economia\/wp-content\/uploads\/sites\/45\/2020\/11\/Google-Play.png\" alt=\"\" width=\"163\" height=\"56\" \/><\/a><\/p>\n<p><strong>23. Laudo M\u00e9dico de Deficiente F\u00edsico Tem Validade?<\/strong><\/p>\n<div class=\"x_elementToProof\">R: O Estado de Goi\u00e1s n\u00e3o exige a renova\u00e7\u00e3o peri\u00f3dica do Laudo M\u00e9dico emitido pelo DETRAN, Cl\u00ednicas e Hospitais, mas o formul\u00e1rio do Laudo do Ap\u00eandice XXXVII (Clique\u00a0<a id=\"LPlnk298689\" title=\"https:\/\/appasp.economia.go.gov.br\/legislacao\/arquivos\/Rcte\/Anexos\/ANEXO_09_Beneficio_Fiscal.htm#APXXXVII\" href=\"https:\/\/appasp.economia.go.gov.br\/legislacao\/arquivos\/Rcte\/Anexos\/ANEXO_09_Beneficio_Fiscal.htm#APXXXVII\" target=\"_blank\" rel=\"noopener noreferrer\" data-auth=\"NotApplicable\" data-linkindex=\"1\">AQUI<\/a>) foi atualizado a partir de 01\/01\/2021, e algumas situa\u00e7\u00f5es n\u00e3o podem mais usufruir do benef\u00edcio, como por exemplo a defici\u00eancia LEVE e\/ou PROVIS\u00d3RIA.<\/div>\n<div>\u00a0<\/div>\n<div class=\"x_elementToProof\">Portanto o Laudo apresentado deve estar no formato atual que cont\u00e9m as informa\u00e7\u00f5es necess\u00e1rias para a an\u00e1lise do seu pedido.<\/div>\n<h5><a id=\"pagamento\" name=\"pagamento\"><\/a>PAGAMENTO<\/h5>\n<p><strong>24. QUEM \u00c9 O RESPONS\u00c1VEL PELO PAGAMENTO?<\/strong><\/p>\n<p>R: \u00c9 pessoalmente respons\u00e1vel pelo pagamento do IPVA quem compra o ve\u00edculo ou o remitente do ve\u00edculo, em rela\u00e7\u00e3o a fato gerador anterior ao tempo de sua aquisi\u00e7\u00e3o.<\/p>\n<p><strong>25. QUANDO OCORRE O FATO GERADOR O IPVA?<\/strong><\/p>\n<p>R: Est\u00e1 definido no <a href=\"https:\/\/appasp.economia.go.gov.br\/legislacao\/arquivos\/Cte\/CTE.htm#a91\">Art. 91<\/a> e seus incisos da Lei 11.651\/91:<\/p>\n<ul>\n<li>Ve\u00edculo Usado \u2013 Todo dia 1\u00ba de Janeiro de cada ano<\/li>\n<li>Ve\u00edculo Novo \u2013 Na data da Nota Fiscal de Compra<\/li>\n<li>Ve\u00edculo Importado \u2013 Na data do desembara\u00e7o aduaneiro<\/li>\n<li>Ve\u00edculo Incorporado ao Ativo da Empresa \u2013 Na data da incorpora\u00e7\u00e3o<\/li>\n<li>Ve\u00edculo Isento ou N\u00e3o Incidente \u2013 na data em que ocorrer a perda da isen\u00e7\u00e3o ou da n\u00e3o-incid\u00eancia<\/li>\n<li>Aqu\u00e1ticos e A\u00e9reos no Exerc\u00edcio de 2025 o fato gerador ocorre em 1\u00ba de Abril de 2025, conforme <a href=\"https:\/\/appasp.economia.go.gov.br\/legislacao\/arquivos\/Leis\/L_23173.htm\"> 2\u00ba da Lei 23.173\/24<\/a>.<\/li>\n<\/ul>\n<p><strong>26. QUANDO DEVO PAGAR O IPVA (VENCIMENTO)?<\/strong><\/p>\n<p>R: Est\u00e1 definido no <a href=\"https:\/\/appasp.economia.go.gov.br\/legislacao\/arquivos\/Secretario\/IN\/IN_0325_1998.htm\">Art. 4\u00ba e seus incisos da IN 325\/1998:<\/a><\/p>\n<ul>\n<li>Ve\u00edculo Usado \u2013 <a href=\"https:\/\/goias.gov.br\/economia\/wp-content\/uploads\/sites\/45\/component\/content\/article\/325-receita-estadual\/ipva\/6924-calend%C3%A1rio-de-vencimentos.html?Itemid=101\">De acordo com o calend\u00e1rio publicado<\/a><\/li>\n<li>Ve\u00edculo Novo \u2013 At\u00e9 30 dias ap\u00f3s a data da Nota Fiscal de Compra.<\/li>\n<li>Ve\u00edculo Importado \u2013 At\u00e9 30 dias ap\u00f3s a data do desembara\u00e7o aduaneiro.<\/li>\n<li>Ve\u00edculo Incorporado ao Ativo da Empresa \u2013 \u00a0Na data da incorpora\u00e7\u00e3o ao ativo imobilizado<\/li>\n<li>Ve\u00edculo Recuperado de Furto\/Roubo \u2013 At\u00e9 o 1\u00ba dia \u00fatil seguinte ao do retorno \u00e0 posse (devolu\u00e7\u00e3o).<\/li>\n<li>Ve\u00edculo Isento ou N\u00e3o Incidente \u2013 At\u00e9 o 5\u00ba dia \u00fatil seguinte ao t\u00e9rmino do benef\u00edcio fiscal.<\/li>\n<li>no \u00faltimo dia \u00fatil do m\u00eas de junho, quanto a ve\u00edculo automotor a\u00e9reo ou aquavi\u00e1rio, e quanto a qualquer ve\u00edculo n\u00e3o sujeito a licenciamento, matr\u00edcula ou registro em \u00f3rg\u00e3os p\u00fablicos espec\u00edficos<\/li>\n<\/ul>\n<p><strong>27. ESTOU COM IPVA ATRASADO, QUAIS OS ENCARGOS (ACR\u00c9SCIMOS) QUE SER\u00c3O COBRADOS?<\/strong><\/p>\n<p>R: O IPVA n\u00e3o declarado ou n\u00e3o pago ser\u00e1 cobrado com a incid\u00eancia de penalidade e juros conforme definido nos Artigos da Lei 11.651\/91.<\/p>\n<ul>\n<li>Multas est\u00e3o no <a href=\"https:\/\/appasp.economia.go.gov.br\/legislacao\/arquivos\/Cte\/CTE.htm#A106\">106 da Lei 11.651\/91<\/a>:\n<ol style=\"list-style-type: lower-alpha;\">\n<li>Inadimpl\u00eancia \u2013 20%<\/li>\n<li>Falta de registro do ve\u00edculo \u2013 25%<\/li>\n<li>N\u00e3o apresentar a Declara\u00e7\u00e3o do IPVA prevista no <a href=\"https:\/\/appasp.economia.go.gov.br\/legislacao\/arquivos\/Cte\/CTE.htm#A103_A\">103-A<\/a> \u2013 25%<\/li>\n<li>Diferen\u00e7a de Imposto se declarar valor menor que o de mercado \u2013 25%<\/li>\n<li>Fraude \u2013 100 %\u00a0<\/li>\n<\/ol>\n<\/li>\n<li>Redutor das Multas: <a href=\"https:\/\/appasp.economia.go.gov.br\/legislacao\/arquivos\/Cte\/CTE.htm#A171\">171 <\/a><\/li>\n<li>Juros equivalentes \u00e0 soma da soma da taxa referencial do Sistema Especial de Liquida\u00e7\u00e3o e de Cust\u00f3dia \u2013 SELIC acrescido de 1% (um por cento): <a href=\"https:\/\/appasp.economia.go.gov.br\/legislacao\/arquivos\/Cte\/CTE.htm#A167\">167<\/a><\/li>\n<\/ul>\n<p>Resumo da Multa:<\/p>\n<table class=\" alignright\" style=\"height: 27px; width: 46.1916%; border-collapse: collapse; border-style: dotted; border-color: #000000; background-color: #def224;\">\n<tbody>\n<tr style=\"height: 23px;\">\n<td style=\"width: 100%; height: 23px; text-align: center;\"><strong>Multa Final J\u00e1 com os Redutores Aplicados<\/strong><\/td>\n<\/tr>\n<\/tbody>\n<\/table>\n<table style=\"width: 100.357%;\">\n<thead>\n<tr>\n<th style=\"width: 50.3571%;\" scope=\"col\">Data de Pagamento<\/th>\n<th style=\"width: 0.47619%;\">Redutor<br \/>Art. 171<\/th>\n<th style=\"width: 21.2484%;\" scope=\"col\">Multa\u00a0 Inadimpl\u00eancia 20%<\/th>\n<th style=\"width: 17.3593%;\">Multa Registro &#8211; Declara\u00e7\u00e3o &#8211; Valor Venal Menor 25%<\/th>\n<th style=\"width: 9.88698%;\">Multa por Fraude<br \/>100%<\/th>\n<\/tr>\n<\/thead>\n<tbody>\n<tr>\n<td style=\"width: 50.3571%;\">At\u00e9 30 dias do Vencimento<\/td>\n<td style=\"width: 0.47619%; text-align: center;\">60,00%<\/td>\n<td style=\"width: 21.2484%; text-align: center;\">8,00%<\/td>\n<td style=\"width: 17.3593%; text-align: center;\">10,00%<\/td>\n<td style=\"width: 9.88698%; text-align: center;\">40,00%<\/td>\n<\/tr>\n<tr>\n<td style=\"width: 50.3571%;\">Entre 31 e 60 dias<\/td>\n<td style=\"width: 0.47619%; text-align: center;\">40,00%<\/td>\n<td style=\"width: 21.2484%; text-align: center;\">12,00%<\/td>\n<td style=\"width: 17.3593%; text-align: center;\">15,00%<\/td>\n<td style=\"width: 9.88698%; text-align: center;\">60,00%<\/td>\n<\/tr>\n<tr>\n<td style=\"width: 50.3571%;\">A partir de 61 dias at\u00e9 a v\u00e9spera da D\u00edvida Ativa<\/td>\n<td style=\"width: 0.47619%; text-align: center;\">30,00%<\/td>\n<td style=\"width: 21.2484%; text-align: center;\">14,00%<\/td>\n<td style=\"width: 17.3593%; text-align: center;\">17,50%<\/td>\n<td style=\"width: 9.88698%; text-align: center;\">70,00%<\/td>\n<\/tr>\n<tr>\n<td style=\"width: 50.3571%;\">Da Inscri\u00e7\u00e3o em D\u00edvida Ativa at\u00e9 90 dias<\/td>\n<td style=\"width: 0.47619%; text-align: center;\">25,00%<\/td>\n<td style=\"width: 21.2484%; text-align: center;\">15,00%<\/td>\n<td style=\"width: 17.3593%; text-align: center;\">18,75%<\/td>\n<td style=\"width: 9.88698%; text-align: center;\">75,00%<\/td>\n<\/tr>\n<tr>\n<td style=\"width: 50.3571%;\">Ap\u00f3s 90 dias da Inscri\u00e7\u00e3o na D\u00edvida Ativa<\/td>\n<td style=\"width: 0.47619%; text-align: center;\">0,00%<\/td>\n<td style=\"width: 21.2484%; text-align: center;\">20,00%<\/td>\n<td style=\"width: 17.3593%; text-align: center;\">25,00%<\/td>\n<td style=\"width: 9.88698%; text-align: center;\">100,00%<\/td>\n<\/tr>\n<\/tbody>\n<\/table>\n<p><strong>28. COMO EFETUAR O PAGAMENTO DO IPVA AT\u00c9 A DATA DO VENCIMENTO?<\/strong><\/p>\n<p>R: Para ve\u00edculos terrestres licenciados no DETRAN basta acessar Portal Expresso (Clique <a href=\"https:\/\/www.go.gov.br\/\">AQUI<\/a>) e procurar pelo DETRAN e localizar o servi\u00e7o [Consultar Ve\u00edculo \u2013 IPVA, Multas e CRLV] ou diretamente pelo aplicativo DETRAN GO ON.<\/p>\n<p>Para os demais ve\u00edculos ser\u00e1 por declara\u00e7\u00e3o, enquanto n\u00e3o tiver valor venal publicado, nos termos do <a href=\"https:\/\/appasp.economia.go.gov.br\/legislacao\/arquivos\/Cte\/CTE.htm#A103_A\">Art. 103-A da Lei 11.651-91<\/a> em sistema que est\u00e1 em desenvolvimento.\u00a0<\/p>\n<p><strong>29. COMO EFETUAR O PAGAMENTO DO IPVA QUE J\u00c1 VENCEU?<\/strong><\/p>\n<p>R: Quando o IPVA vence, ele passa para a Secretaria da Economia. O valor aparece com a mensagem\u00a0<b>[D\u00c9BITO NA SEFAZ]<\/b>\u00a0ou\u00a0<b>[AUTUADO SEFAZ]<\/b>.<\/p>\n<div>Para pagar, siga este passo a passo:<\/div>\n<ol start=\"1\">\n<li>Acesse o <a href=\"https:\/\/goias.gov.br\/detran\/\" target=\"_blank\" rel=\"noopener\">site<\/a> ou aplicativo do\u00a0<b>DETRAN<\/b>\u00a0pelo\u00a0<b>Expresso<\/b>.<\/li>\n<li>Consulte o ve\u00edculo (se de outro propriet\u00e1rio, necess\u00e1rio o n\u00famero do <b>RENAVAM<\/b>).<\/li>\n<li>Clique em\u00a0<b>[D\u00e9bitos Ve\u00edculos \/ Infra\u00e7\u00f5es \/ D\u00edvida Ativa]<\/b>.<\/li>\n<li>Depois clique em\u00a0<b>[Pagar $]<\/b>.<\/li>\n<\/ol>\n<div>O sistema do DETRAN buscar\u00e1 o valor do IPVA na Secretaria da Economia e ir\u00e1 gerar um <b>documento \u00fanico<\/b>\u00a0com:<\/div>\n<ul>\n<li>IPVA<\/li>\n<li>Taxa de Licenciamento<\/li>\n<li>Multas de tr\u00e2nsito<\/li>\n<\/ul>\n<div>Esse documento pode ser pago via\u00a0<b>PIX<\/b>, o que acelera o processo e a libera\u00e7\u00e3o da pend\u00eancia.<\/div>\n<div>Se quiser\u00a0<b>parcelar o IPVA<\/b>, o pagamento deve ser feito\u00a0<b>diretamente no site da Secretaria da Economia<\/b>\u00a0(<a href=\"https:\/\/sistemas.sefaz.go.gov.br\/snc\/publico\/ipva\/form\">clique aqui<\/a>).<br \/>Depois de pagar a\u00a0<b>primeira parcela<\/b>, o DETRAN ser\u00e1 informado que voc\u00ea est\u00e1 em dia e poder\u00e1 licenciar o ve\u00edculo (se n\u00e3o houver outras d\u00edvidas).<\/div>\n<div><b>Importante:<\/b><br \/>Se o IPVA estiver\u00a0<b>parcelado<\/b>,\u00a0<b>n\u00e3o \u00e9 permitido vender ou transferir o ve\u00edculo<\/b>.<\/div>\n<p><img loading=\"lazy\" decoding=\"async\" id=\"\" class=\" size-full wp-image-32259\" style=\"font-size: revert; color: initial;\" title=\"\" src=\"https:\/\/goias.gov.br\/economia\/wp-content\/uploads\/sites\/45\/2020\/11\/tabela-525.png\" alt=\"\" width=\"426\" height=\"308\" srcset=\"https:\/\/goias.gov.br\/economia\/wp-content\/uploads\/sites\/45\/2020\/11\/tabela-525.png 426w, https:\/\/goias.gov.br\/economia\/wp-content\/uploads\/sites\/45\/2020\/11\/tabela-525-300x217.png 300w\" sizes=\"(max-width: 426px) 100vw, 426px\" \/><\/p>\n<div style=\"width: 2322px;\" class=\"wp-video\"><video class=\"wp-video-shortcode\" id=\"video-32263-1\" width=\"2322\" height=\"1080\" preload=\"metadata\" controls=\"controls\"><source type=\"video\/mp4\" src=\"https:\/\/goias.gov.br\/economia\/wp-content\/uploads\/sites\/45\/2020\/11\/WhatsApp-Video-2025-10-06-at-14.55.43.mp4?_=1\" \/><a href=\"https:\/\/goias.gov.br\/economia\/wp-content\/uploads\/sites\/45\/2020\/11\/WhatsApp-Video-2025-10-06-at-14.55.43.mp4\">https:\/\/goias.gov.br\/economia\/wp-content\/uploads\/sites\/45\/2020\/11\/WhatsApp-Video-2025-10-06-at-14.55.43.mp4<\/a><\/video><\/div>\n<p><strong>30. NO BOLETO APARECE UMA MULTA DE A\u00c7\u00c3O FISCAL. O QUE ISSO SIGNIFICA?<\/strong><\/p>\n<p>R: A multa de a\u00e7\u00e3o fiscal \u00e9 aplicada quando o prazo para vencimento termina e a pessoa n\u00e3o fez o pagamento. No dia seguinte ao vencimento ocorre a constitui\u00e7\u00e3o definitiva do cr\u00e9dito, ou seja, aquela d\u00edvida n\u00e3o pode mais ser paga espontaneamente sem aplica\u00e7\u00e3o da multa.<\/p>\n<p><strong>31. POSSO PARCELAR O PAGAMENTO DO IPVA?<\/strong><\/p>\n<p>R: Pode sim. O parcelamento \u00e9 permitido em at\u00e9 10 (dez) vezes antes do vencimento pelo DETRAN e em at\u00e9 6 (seis) vezes quando estiver vencido h\u00e1 mais de 90 (noventa) dias e estiver em cobran\u00e7a na Secretaria da Economia. Basta acessar o site\u00a0www.economia.go.gov.br\u00a0<a href=\"https:\/\/www.economia.go.gov.br\/receita-estadual\/ipva.html\" target=\"_blank\" rel=\"noopener\">acessar o link do IPVA<\/a>, clicar em D\u00c9BITOS, informar a placa e RENAVAM, fazer a simula\u00e7\u00e3o do parcelamento e emitir o Documento de Arrecada\u00e7\u00e3o. \u00c9 poss\u00edvel tamb\u00e9m ir diretamente para o\u00a0<a href=\"https:\/\/sistemas.sefaz.go.gov.br\/snc\/publico\/ipva\/form\" target=\"_blank\" rel=\"noopener\">site de parcelamento clicando aqui<\/a>.<\/p>\n<p><strong>32. N\u00c3O PAGUEI TODAS AS PARCELAS OU N\u00c3O PAGUEI A \u00daLTIMA NO SISTEMA DETRAN. AGORA QUANDO GERO O BOLETO APARECE O VALOR TOTAL DO IMPOSTO. O QUE EST\u00c1 ACONTECENDO?<\/strong><\/p>\n<p>R: Se isto est\u00e1 ocorrendo, provavelmente voc\u00ea tem direito \u00e0 algum benef\u00edcio que est\u00e1 condicionado ao pagamento em dia do imposto. Se voc\u00ea n\u00e3o pagou a parcela em dia, voc\u00ea perdeu o benef\u00edcio. Sendo assim, o valor que est\u00e1 aparecendo no boleto se refere ao valor original do IPVA integral (sem o benef\u00edcio) deduzindo deste valor o que voc\u00ea j\u00e1 pagou nas parcelas anteriores. O valor tamb\u00e9m ser\u00e1 acrescido de multa e encargos legais.<\/p>\n<p><strong>33. N\u00c3O CONSEGUI PAGAR O IPVA E O LICENCIAMENTO NO PRAZO. AGORA FUI GERAR O BOLETO E O VALOR \u00c9 MUITO SUPERIOR AO QUE EU ESPERAVA. ISSO EST\u00c1 CORRETO?<\/strong><\/p>\n<p>R:Quando o imposto n\u00e3o \u00e9 pago no prazo estabelecido, est\u00e1 sujeito as penalidades previstas na legisla\u00e7\u00e3o. Consulte o item 26 para mais detalhes.<\/p>\n<p>OBS: Quando o pagamento do IPVA \u00e9 feito no site da economia, o contribuinte dever\u00e1 pagar o licenciamento e infra\u00e7\u00f5es no site do DETRAN.<\/p>\n<p><strong>34. ESTOU EM ATRASO COM O PAGAMENTO DO IPVA, MAS QUERO SABER SE POSSO PAGAR SEM MULTA?<\/strong><\/p>\n<p>R: As multas s\u00f3 podem ser reduzidas ou at\u00e9 mesmo perdoadas por lei espec\u00edfica. Essas leis s\u00e3o de iniciativa do poder legislativo do Estado de Goi\u00e1s e n\u00e3o existe uma previs\u00e3o para que ocorram. A lei institui programas de recupera\u00e7\u00e3o de cr\u00e9ditos da fazenda p\u00fablica estadual e constitui medidas facilitadoras para a quita\u00e7\u00e3o de d\u00e9bitos para com a Fazenda P\u00fablica Estadual. Elas determinam um per\u00edodo espec\u00edfico para que o contribuinte fa\u00e7a ades\u00e3o. Enquanto n\u00e3o houver legisla\u00e7\u00e3o em vigor permitindo o perd\u00e3o fiscal para os casos de IPVA, n\u00e3o existe possibilidade legal para que o estado abra m\u00e3o dessa receita. Por\u00e9m o contribuinte pode parcelar o seu d\u00e9bito em at\u00e9 6(seis) vezes para facilitar o pagamento.<\/p>\n<p>Basta acessar o site\u00a0www.economia.go.gov.br\u00a0<a href=\"https:\/\/goias.gov.br\/economia\/wp-content\/uploads\/sites\/45\/receita-estadual\/ipva.html\" target=\"_blank\" rel=\"noopener\">acessar o link do IPVA<\/a>, clicar em D\u00c9BITOS, informar a placa, fazer a simula\u00e7\u00e3o do parcelamento e emitir o Documento de Arrecada\u00e7\u00e3o. \u00c9 poss\u00edvel tamb\u00e9m ir diretamente para o site de parcelamento <a href=\"https:\/\/sistemas.sefaz.go.gov.br\/snc\/publico\/ipva\/form\" target=\"_blank\" rel=\"noopener\">clicando aqui<\/a><\/p>\n<p><strong>35. MEU VE\u00cdCULO FOI FURTADO\/ROUBADO COMO DEVO PROCEDER?<\/strong><\/p>\n<p>R: Voc\u00ea dever\u00e1 primeiramente procurar a delegacia de pol\u00edcia para registrar o Boletim de Ocorr\u00eancia, as informa\u00e7\u00f5es ser\u00e3o inseridas automaticamente no cadastro do DETRAN e esses dados refletem na base da Secretaria da Economia.<\/p>\n<ul>\n<li>A partir do evento de furto\/roubo inicia-se a suspens\u00e3o da cobran\u00e7a do IPVA automaticamente.<\/li>\n<li>Para o retorno da cobran\u00e7a e libera\u00e7\u00e3o do ve\u00edculo deve abrir processo atrav\u00e9s da <a href=\"\/economia\/plataforma-digital-de-processos\/\" target=\"_blank\" rel=\"noopener\">Plataforma Digital de Processos \u2013 PDP<\/a>. Para saber mais sobre este servi\u00e7o clique <a href=\"https:\/\/goias.gov.br\/economia\/como-solicitar-a-baixa-alteracao-de-isencao-ipva-para-veiculo-furtado-roubado\/\" target=\"_blank\" rel=\"noopener\">aqui<\/a>.<\/li>\n<li>Os d\u00e9bitos de IPVA correspondentes ao per\u00edodo entre a ocorr\u00eancia do roubo\/furto e a devolu\u00e7\u00e3o do ve\u00edculo ficam desobrigados de pagamento neste intervalo.<\/li>\n<li>Os d\u00e9bitos do ve\u00edculo existentes anteriormente \u00e0 ocorr\u00eancia do roubo\/furto continuam ativos e devem ser pagos de acordo com os prazos definidos em Lei.<\/li>\n<li>Quando ocorrer a devolu\u00e7\u00e3o do ve\u00edculo ao propriet\u00e1rio, o d\u00e9bito remanescente do exerc\u00edcio deve ser pago at\u00e9 o 1\u00ba dia \u00fatil seguinte ap\u00f3s o retorno da posse (devolu\u00e7\u00e3o).<\/li>\n<li>Se houve pagamento integral do imposto e o ve\u00edculo foi recuperado e devolvido no mesmo exerc\u00edcio, o contribuinte j\u00e1 pode pedir a restitui\u00e7\u00e3o proporcional aos meses em que a cobran\u00e7a ficou suspensa.<\/li>\n<li>Se o IPVA j\u00e1 estiver pago e o ve\u00edculo n\u00e3o for devolvido durante o exerc\u00edcio, o contribuinte tem direito a pleitear a restitui\u00e7\u00e3o parcial no exerc\u00edcio seguinte apresentando declara\u00e7\u00e3o da Delegacia Estadual de Repress\u00e3o a Furtos e Roubos de Ve\u00edculos Automotores \u2013 DERFRVA de que o ve\u00edculo continua desparecido.<\/li>\n<\/ul>\n<p><strong>36. MEU CARRO SOFREU SINISTRO DE GRANDE MONTA COM PERDA TOTAL, O QUE DEVO FAZER?<\/strong><\/p>\n<p>R: Quando ocorrer um sinistro, em que o ve\u00edculo se torne irrecuper\u00e1vel ou venha a ser desmontado, o propriet\u00e1rio dever\u00e1 solicitar a baixa permanente do registro no Detran\/GO e concluir a baixa conforme <a href=\"https:\/\/appasp.economia.go.gov.br\/legislacao\/arquivos\/Rcte\/RCTE.htm#A408\" target=\"_blank\" rel=\"noopener\">Art. 408 do RCTE<\/a> e <a href=\"https:\/\/legisla.casacivil.go.gov.br\/pesquisa_ato_infralegal\/detran\/11872\/portaria-493\" target=\"_blank\" rel=\"noopener\">Portaria n<span data-olk-copy-source=\"MessageBody\">\u00ba 493 de 30\/06\/2025<\/span><\/a>\u00a0do DETRAN, que determinam recorte do chassi, devolu\u00e7\u00e3o das placas e laudo pericial.<\/p>\n<p>A baixa permanente requer, primeiramente, a quita\u00e7\u00e3o de todos os d\u00e9bitos que recaiam sobre o ve\u00edculo (IPVA, licenciamento, seguro obrigat\u00f3rio e multas de tr\u00e2nsito) at\u00e9 a data do sinistro.<\/p>\n<p>Somente ap\u00f3s a baixa do ve\u00edculo no DETRAN, o contribuinte poder\u00e1 entrar com o pedido de restitui\u00e7\u00e3o do valor pago correspondente \u00e0 fra\u00e7\u00e3o de per\u00edodo que faltar para o final do exerc\u00edcio.<\/p>\n<p>ATEN\u00c7\u00c2O: A Perda Total definida pela Seguradora para indeniza\u00e7\u00e3o n\u00e3o significa o perecimento total do ve\u00edculo, ou seja, se o ve\u00edculo foi apenas transferido para a Seguradora este continuar\u00e1 ativo at\u00e9 a sua efetiva baixa no DETRAN.<\/p>\n<p><strong>37. O QUE DEVO FAZER EM CASO DE PAGAMENTO INDEVIDO DE IPVA OU PAGO EM DUPLICIDADE?<\/strong><\/p>\n<p>R: O contribuinte tem direito \u00e0 restitui\u00e7\u00e3o de valores de IPVA pagos indevidamente, mediante solicita\u00e7\u00e3o e apresenta\u00e7\u00e3o de documentos comprobat\u00f3rios. O requerimento deve ser feito atrav\u00e9s da <a href=\"\/economia\/plataforma-digital-de-processos\/\">Plataforma Digital de Processos \u2013 PDP\u00a0<\/a>.<\/p>\n<p>Os pedidos devem ser feitos ap\u00f3s o vencimento da cota \u00fanica, pois at\u00e9 l\u00e1 os pagamentos em excesso s\u00e3o automaticamente aproveitados nas parcelas a vencer. Consulte a situa\u00e7\u00e3o financeira do ve\u00edculo no DETRAN e se no prazo de 10 dias n\u00e3o tiver ocorrido a compensa\u00e7\u00e3o enviar um e-mail para Ger\u00eancia do IPVA: <strong>atendimentogipva.economia@goias.gov.br<\/strong> informando a placa e o RENAVAM e o pedido..<\/p>\n<p><strong>38. PAGUEI DUAS VEZES A MESMA COTA, POSSO COMPENSAR COM A SEGUINTE?<\/strong><\/p>\n<p>R: Sim. Caso o sistema informatizado de arrecada\u00e7\u00e3o da Secretaria confirme o pagamento em duplicidade, o valor pago a maior ser\u00e1 usado para compensa\u00e7\u00e3o das parcelas que ainda n\u00e3o foram pagas. Esse acerto \u00e9 realizado sem a apresenta\u00e7\u00e3o dos boletos.<\/p>\n<p>Consulte a situa\u00e7\u00e3o financeira do ve\u00edculo no DETRAN e se no prazo de 10 dias n\u00e3o tiver ocorrido a compensa\u00e7\u00e3o enviar um e-mail para Ger\u00eancia do IPVA: <strong>atendimentogipva.economia@goias.gov.br<\/strong> informando a placa, RENAVAM e o pedido.<\/p>\n<p><strong>39. COMO POSSO OBTER A GUIA DO IPVA REFERENTE AOS EXERC\u00cdCIOS ANTERIORES?<\/strong><\/p>\n<p>R: Para pagamento do IPVA dos anos anteriores \u00e9 simples, basta acessar o site\u00a0www.economia.go.gov.br <a href=\"https:\/\/goias.gov.br\/economia\/wp-content\/uploads\/sites\/45\/receita-estadual\/ipva.html\">acessar o link do IPVA<\/a>, clicar em D\u00c9BITOS, informar a placa, fazer a simula\u00e7\u00e3o do parcelamento e emitir o Documento de Arrecada\u00e7\u00e3o. \u00c9 poss\u00edvel tamb\u00e9m ir diretamente para o <a href=\"https:\/\/sistemas.sefaz.go.gov.br\/snc\/publico\/ipva\/form\">site de parcelamento clicando aqui<\/a><\/p>\n<p><strong>40. COMO \u00c9 FEITO O PAGAMENTO DO IPVA DE VE\u00cdCULO RECUPERADO DE ROUBO\/FURTO?<\/strong><\/p>\n<p>Caso j\u00e1 tenha vencido o prazo original de pagamento o IPVA dever\u00e1 ser pago em cota \u00fanica, no site <a href=\"https:\/\/www.detran.go.gov.br\">www.detran.go.go.br<\/a>, at\u00e9 o 1\u00ba dia \u00fatil seguinte ap\u00f3s o retorno da posse (devolu\u00e7\u00e3o) ao propriet\u00e1rio. Ap\u00f3s este prazo incidir\u00e3o os encargos legais.<\/p>\n<p><strong>41. QUAL O PRAZO PARA OCORRER A BAIXA DOS PAGAMENTOS DE TRIBUTOS NO SISTEMA DE INFORM\u00c1TICA DA SECRETARIA?<\/strong><\/p>\n<p>R: Normalmente a baixa dos pagamentos efetuados pelos contribuintes ocorre no sistema de arrecada\u00e7\u00e3o da Secretaria em at\u00e9 24 horas. Se isso n\u00e3o ocorrer procure primeiro a Institui\u00e7\u00e3o Financeira para confirmar a efetiva\u00e7\u00e3o do pagamento, ap\u00f3s a confirma\u00e7\u00e3o o contribuinte poder\u00e1 entrar em contato com o DETRAN se for um documento emitido naquele site ou com a Ger\u00eancia de IPVA se for um DARE pelo e-mail: <a href=\"https:\/\/atendimentogipva.economia@goias.gov.br\" target=\"_blank\" rel=\"noopener\">atendimentogipva.economia@goias.gov.br<\/a>.<\/p>\n<p><strong>42. H\u00c1 DESCONTO PARA O PAGAMENTO \u00c0 VISTA DO IPVA (EM COTA \u00daNICA)?<\/strong><\/p>\n<p>R: Sim, existe desconto para pagamento antecipado e em cota \u00fanica conforme o calend\u00e1rio publicado e a norma que define o desconto:<\/p>\n<ul>\n<li>Exerc\u00edcio 2024 \u2013 Desconto de 7% (IN 1575\/2023)<\/li>\n<li>Exerc\u00edcio 2025 \u2013 Desconto de 8% (IN 1596\/2024)<\/li>\n<\/ul>\n<p><strong>43. N\u00c3O CONCORDO COM VALOR COBRADO DO IPVA, VALOR DE BASE DE C\u00c1LCULO, VALOR DO VE\u00cdCULO OU VALOR VENAL, O QUE FAZER??<\/strong><\/p>\n<p>R:\u00a0O propriet\u00e1rio pode discordar da base de c\u00e1lculo (valor venal), publicada anualmente, no prazo de 30 (trinta) dias, do respectivo lan\u00e7amento (1\u00ba\/jan), anexando os documentos comprobat\u00f3rios que fundamentem a sua alega\u00e7\u00e3o.<\/p>\n<p>O servi\u00e7o dever\u00e1 ser solicitado na Plataforma Digital de Processos (PDP) (Clique <a href=\"https:\/\/goias.gov.br\/economia\/plataforma-digital-de-processos\/\">AQUI<\/a>).<\/p>\n<p>A Base de C\u00e1lculo (Valor Venal) do seu ve\u00edculo \u00e9 publicada nas Instru\u00e7\u00f5es Normativas da Subsecretaria da Receita Estadual (Clique\u00a0<a id=\"LPlnk537771\" title=\"https:\/\/goias.gov.br\/economia\/calendario-de-vencimentos\/\" href=\"https:\/\/goias.gov.br\/economia\/calendario-de-vencimentos\/\" target=\"_blank\" rel=\"noopener noreferrer\" data-auth=\"NotApplicable\" data-linkindex=\"1\">AQUI<\/a>), mas tamb\u00e9m pode ser consultada diretamente na base de dados do sistema por marca\/modelo\/vers\u00e3o e ano de fabrica\u00e7\u00e3o (Clique\u00a0<a id=\"LPlnk450078\" title=\"https:\/\/www.sefaz.go.gov.br\/NETACCESS\/Fipe\/consultar\/default.asp\" href=\"https:\/\/www.sefaz.go.gov.br\/NETACCESS\/Fipe\/consultar\/default.asp\" target=\"_blank\" rel=\"noopener noreferrer\" data-auth=\"NotApplicable\" data-linkindex=\"2\">AQUI<\/a>).<\/p>\n<h5><a id=\"Compra_venda\" name=\"Compra_venda\"><\/a>COMPRA E VENDA<\/h5>\n<p><strong>44. O QUE \u00c9 COMUNICADO DE VENDA E PARA QUE SERVE?<\/strong><\/p>\n<p>R: O Comunicado de Venda \u00e9 um instrumento previsto no Art. 134 do C\u00f3digo de Tr\u00e2nsito Brasileiro (<a href=\"https:\/\/presrepublica.jusbrasil.com.br\/legislacao\/91797\/codigo-de-transito-brasileiro-lei-9503-97\">Lei 9503\/97 \u2013 CTB<\/a>), que transfere a responsabilidade sobre o ve\u00edculo para o comprador.<\/p>\n<p><strong>45. COMO DEVO PROCEDER AO VENDER UM VE\u00cdCULO TERRESTRE LICENCIADO NO DETRAN\/GO DE MINHA PROPRIEDADE?<\/strong><\/p>\n<p>R: Ao vender um ve\u00edculo, \u00e9 necess\u00e1rio que o propriet\u00e1rio comunique ao \u00f3rg\u00e3o de tr\u00e2nsito a transfer\u00eancia dos documentos. Sendo assim, n\u00e3o basta apenas ir ao cart\u00f3rio e efetuar o preenchimento do verso do Autoriza\u00e7\u00e3o para Transfer\u00eancia de Propriedade de Ve\u00edculo (ATPV \u2013 no verso do CRV), com reconhecimento de firma por autenticidade.<\/p>\n<p>Para realizar o servi\u00e7o, o vendedor ou seu Representante Legal deve procurar qualquer unidade do Vapt Vupt ou Ciretran. Agora, o aplicativo Detran GO ON tamb\u00e9m est\u00e1 preparado para receber as solicita\u00e7\u00f5es. O vendedor deve estar munido do <a href=\"https:\/\/goias.gov.br\/economia\/wp-content\/uploads\/sites\/45\/2020\/11\/vvd-doc2002rev001-010713-comunicacao-de-venda-de-veiculo-4d9.pdf\">comunicado de venda<\/a> preenchido \u00a0e ainda de documento de identifica\u00e7\u00e3o pessoal e do ATPV\/CRV (original + c\u00f3pia simples, ou, c\u00f3pia autenticada) devidamente preenchido e com firmas reconhecidas das assinaturas como \u201cverdadeira\u201d, \u201caut\u00eantica\u201d ou \u201caposta na presen\u00e7a do tabeli\u00e3o\u201d. Com isso, o propriet\u00e1rio vendedor ficar\u00e1 isento de todas as responsabilidades pertinentes ao ve\u00edculo em quest\u00e3o (infra\u00e7\u00f5es, pontua\u00e7\u00e3o na CNH, ou quaisquer d\u00e9bitos posteriores ao comunicado). Este servi\u00e7o \u00e9 gratuito.<\/p>\n<p>O prazo para essa comunica\u00e7\u00e3o \u00e9 de 30 dias. Verifique os procedimentos acessando o s\u00edtio do Detran\u00a0<a href=\"https:\/\/www.detran.go.gov.br\">www.detran.go.gov.br<\/a>.<\/p>\n<p><strong>46. VENDI O VE\u00cdCULO TERRESTRE LICENCIADO NO DETRAN\/GO, N\u00c3O FIZ O COMUNICADO DE VENDA E AGORA OS D\u00c9BITOS EST\u00c3O SENDO COBRADOS DE MIM. O QUE DEVO FAZER?<\/strong><\/p>\n<p>R:\u00a0Ao vender um ve\u00edculo, o propriet\u00e1rio vendedor deve efetuar o registro do comunicado de venda no DETRAN\/GO. A obriga\u00e7\u00e3o \u00e9 prevista no C\u00f3digo de Tr\u00e2nsito Brasileiro (CTB) e ajuda a prevenir futuras complica\u00e7\u00f5es ao vendedor. Sem o comunicado, quem passou o ve\u00edculo adiante continua sendo o respons\u00e1vel pelos impostos, multas, taxas e at\u00e9 danos causados a terceiros. Para solicitar o pedido de revis\u00e3o do lan\u00e7amento, \u00e9 preciso fazer primeiramente o comunicado de venda e posteriormente fazer o pedido de revis\u00e3o do lan\u00e7amento atrav\u00e9s da Plataforma Digital de Processos \u2013 PDP. Para saber mais sobre este servi\u00e7o clique <a href=\"https:\/\/goias.gov.br\/economia\/wp-content\/uploads\/sites\/45\/servicos-m\/veja-mais-servi%C3%A7os\/6566-plataforma-digital-de-processos.html\" target=\"_blank\" rel=\"noopener\">aqui<\/a>.<\/p>\n<p><strong>47. FIZ O COMUNICADO DE VENDA MUITO TEMPO DEPOIS DE VENDER O VE\u00cdCULO E AGORA TENHO D\u00c9BITOS EM MEU NOME MESMO COM COMUNICADO DE VENDA ENTREGUE NO DETRAN. O QUE DEVO FAZER?<\/strong><\/p>\n<p>R: R: Os d\u00e9bitos lan\u00e7ados em seu nome s\u00e3o anteriores ao registro do comunicado de venda no sistema do DETRAN. Por esta raz\u00e3o, voc\u00ea poder\u00e1 ingressar com o pedido de revis\u00e3o do lan\u00e7amento atrav\u00e9s da <a href=\"https:\/\/goias.gov.br\/economia\/plataforma-digital-de-processos\/\">Plataforma Digital de Processos &#8211; PDP<\/a>.<\/p>\n<h5><strong><a id=\"d\u00edvida Ativa\" name=\"d\u00edvida Ativa\"><\/a>D\u00cdVIDA ATIVA<\/strong><\/h5>\n<p><strong>48. CONSULTEI MINHA PLACA NO SITE DO DETRAN E VI QUE EST\u00c1 ESCRITO \u201cD\u00c9BITO NA SEFAZ\u201d. O QUE ISSO SIGNIFICA?<\/strong><\/p>\n<p>R: Significa que o seu IPVA n\u00e3o foi pago dentro do prazo estabelecido no calend\u00e1rio de vencimento. Por esta raz\u00e3o, foi inserido num Processo Administrativo Tribut\u00e1rio com a multa pelo inadimplemento e o seu d\u00e9bito est\u00e1 no setor da D\u00edvida Ativa da pasta fazend\u00e1ria.<\/p>\n<p>Para regularizar a situa\u00e7\u00e3o do seu IPVA, basta acessar o site\u00a0www.economia.go.gov.br\u00a0<a href=\"https:\/\/goias.gov.br\/economia\/wp-content\/uploads\/sites\/45\/receita-estadual\/ipva.html\">acessar o link do IPVA<\/a>, clicar em D\u00c9BITOS, informar a placa e emitir o Documento de Arrecada\u00e7\u00e3o. \u00c9 poss\u00edvel tamb\u00e9m ir diretamente para o <a href=\"https:\/\/sistemas.sefaz.go.gov.br\/snc\/publico\/ipva\/form\">site de pagamento clicando aqui<\/a>.<\/p>\n<p>O d\u00e9bito pode ser integral caso n\u00e3o tenha pago nenhuma parcela ou o remanescente se pagou parte do valor.<\/p>\n<p><strong>49. CONSULTEI MINHA PLACA NO SITE DO DETRAN E VI QUE EST\u00c1 ESCRITO \u201cAUTUADO SEFAZ\u201d. O QUE ISSO SIGNIFICA?<\/strong><\/p>\n<p>R: Significa que o seu IPVA n\u00e3o foi pago dentro do prazo estabelecido no calend\u00e1rio de vencimento. Por esta raz\u00e3o, foi lavrado um Processo Administrativo Tribut\u00e1rio com a multa pelo inadimplemento.<\/p>\n<p>Para regularizar a situa\u00e7\u00e3o do seu IPVA, basta acessar o site\u00a0www.economia.go.gov.br\u00a0acessar o <a href=\"https:\/\/sistemas.sefaz.go.gov.br\/snc\/publico\/ipva\/form\">link do IPVA<\/a> ,clicar em D\u00c9BITOS, informar a placa e emitir o Documento de Arrecada\u00e7\u00e3o. \u00c9 poss\u00edvel tamb\u00e9m ir diretamente para o <a href=\"https:\/\/sistemas.sefaz.go.gov.br\/snc\/publico\/ipva\/form\">site de pagamento clicando aqui<\/a>.<\/p>\n<p>O d\u00e9bito pode ser integral caso n\u00e3o tenha pago nenhuma parcela ou o remanescente se pagou parte do valor.<\/p>\n<p><strong>50. ONDE CONSULTAR O IPVA EFETIVAMENTE INSCRITO EM D\u00cdVIDA ATIVA?<\/strong><\/p>\n<p>R: <a href=\"https:\/\/goias.gov.br\/economia\/wp-content\/uploads\/sites\/45\/index.php?option=com_content&amp;view=article&amp;id=4663&amp;catid=39\">Acesse a fun\u00e7\u00e3o Emitir Certid\u00e3o Negativa de D\u00e9bito<\/a> e informe o seu CPF ou CNPJ \u00a0para consultar todos os d\u00e9bitos (IPVA e outros) inscritos em d\u00edvida ativa.<\/p>\n<p><strong>51. POR QUE O VALOR VENCIDO \u00c9 MAIOR DO QUE O VALOR ORIGINAL LAN\u00c7ADO?<\/strong><\/p>\n<p>R: Quando o d\u00e9bito \u00e9 inscrito em d\u00edvida ativa, significa que o mesmo n\u00e3o foi pago dentro do prazo estabelecido no calend\u00e1rio de vencimento do IPVA ou foi declarado com valor menor que o devido. Ao tributo n\u00e3o recolhido tempestivamente, cabe aplica\u00e7\u00e3o da multa prevista na legisla\u00e7\u00e3o. O valor ainda \u00e9 acrescido de juros. Consulte o item 26 para mais detalhes.<\/p>\n<p><strong style=\"font-size: revert; color: initial;\">52. COMO PAGAR UM D\u00c9BITO INSCRITO EM D\u00cdVIDA ATIVA?<\/strong><\/p>\n<p>R: \u00c9 simples, basta acessar o site\u00a0www.economia.go.gov.br, acessar o link do IPVA ,clicar em D\u00c9BITOS, informar a placa e emitir o Documento de Arrecada\u00e7\u00e3o. \u00c9 poss\u00edvel tamb\u00e9m ir diretamente para <a href=\"https:\/\/sistemas.sefaz.go.gov.br\/snc\/publico\/ipva\/form\">o site de pagamento clicando aqui<\/a>.<\/p>\n<p><strong>53. QUAL O PRAZO PARA QUE O D\u00c9BITO LAN\u00c7ADO SEJA INSCRITO EM D\u00cdVIDA ATIVA?<\/strong><\/p>\n<p>R: A lavratura do Processo Administrativo Tribut\u00e1rio pode ocorrer em qualquer momento ap\u00f3s o vencimento.<\/p>\n<p>A inscri\u00e7\u00e3o em d\u00edvida ativa ocorrer\u00e1 em at\u00e9 90 dias ap\u00f3s aquela lavratura.<\/p>\n<p><strong>54. POSSO FAZER UMA IMPUGNA\u00c7\u00c3O ADMINISTRATIVA?<\/strong><\/p>\n<p>R: Sim. Voc\u00ea poder\u00e1 ingressar com o pedido de revis\u00e3o do lan\u00e7amento, atrav\u00e9s da\u00a0<a href=\"https:\/\/goias.gov.br\/economia\/wp-content\/uploads\/sites\/45\/servicos-m\/veja-mais-servi%C3%A7os\/6566-plataforma-digital-de-processos.html\" target=\"_blank\" rel=\"noopener\">Plataforma Digital de Processos &#8211; PDP<\/a>, no prazo de 2 anos contados a partir da cientifica\u00e7\u00e3o do lan\u00e7amento (1\u00ba de janeiro de cada ano para ve\u00edculos emplacados no ano anterior). Para reclamar da base de c\u00e1lculo o prazo \u00e9 de 30 (trinta) dias. Mais detalhes na <a href=\"https:\/\/appasp.economia.go.gov.br\/legislacao\/arquivos\/Cat\/Leis\/L_16469.htm\" target=\"_blank\" rel=\"noopener\">Lei 16.469\/09<\/a>.<\/p>\n<p>A Base de C\u00e1lculo (Valor Venal) do seu ve\u00edculo \u00e9 publicada nas Instru\u00e7\u00f5es Normativas da Subsecretaria da Receita Estadual (Clique\u00a0<a id=\"LPlnk537771\" title=\"https:\/\/goias.gov.br\/economia\/calendario-de-vencimentos\/\" href=\"https:\/\/goias.gov.br\/economia\/calendario-de-vencimentos\/\" target=\"_blank\" rel=\"noopener noreferrer\" data-auth=\"NotApplicable\" data-linkindex=\"1\">AQUI<\/a>), mas tamb\u00e9m pode ser consultada diretamente na base de dados do sistema por marca\/modelo\/vers\u00e3o e ano de fabrica\u00e7\u00e3o (Clique\u00a0<a id=\"LPlnk450078\" title=\"https:\/\/www.sefaz.go.gov.br\/NETACCESS\/Fipe\/consultar\/default.asp\" href=\"https:\/\/www.sefaz.go.gov.br\/NETACCESS\/Fipe\/consultar\/default.asp\" target=\"_blank\" rel=\"noopener noreferrer\" data-auth=\"NotApplicable\" data-linkindex=\"2\">AQUI<\/a>).<\/p>\n<p><strong>55. RECEBI UM COMUNICADO DO CADIN \u00a0\u00a0INFORMANDO QUE TENHO D\u00c9BITOS DE IPVA. O QUE DEVO FAZER?<\/strong><\/p>\n<p>R: Para pagar\/consultar os d\u00e9bitos de IPVA, basta acessar o site\u00a0www.economia.go.gov.br\u00a0clicar no link do IPVA, clicar em D\u00c9BITOS e informar a placa. Nesta tela ser\u00e1 exibido os processos referentes aos d\u00e9bitos existentes e os que tiveram inscri\u00e7\u00e3o em d\u00edvida ativa juntamente com o exerc\u00edcio a que se refere.<\/p>\n<p>Para pagamento dos d\u00e9bitos \u00e9 poss\u00edvel gerar o DARE para pagamento \u00e0 vista ou parcelado em at\u00e9 6(seis) vezes.<\/p>\n<p>\u00c9 poss\u00edvel tamb\u00e9m ir diretamente para <a href=\"https:\/\/sistemas.sefaz.go.gov.br\/snc\/publico\/ipva\/form\">o site consulta d\u00e9bitos clicando aqui<\/a>.<\/p>\n<p><strong>56. QUANTO TEMPO AP\u00d3S O PAGAMENTO DEMORA PARA O MEU NOME SAIR DO CADIN?<\/strong><\/p>\n<p>R: Sai no mesmo dia que o pagamento for comunicado pelo banco e o procedimento \u00e9 autom\u00e1tico.<\/p>\n<p><strong>57. QUANTO TEMPO AP\u00d3S O PAGAMENTO DEMORA PARA O MEU NOME SAIR DA SERASA?<\/strong><\/p>\n<p>R: Se n\u00e3o houver protesto, o comunicado de baixa \u00e9 enviado para a Serasa no dia seguinte \u00e0 data de envio e \u00e9 feito automaticamente. Se houver protesto, o devedor deve comparecer ao cart\u00f3rio ap\u00f3s o terceiro dia do pagamento para efetuar o pagamento das custas cartoriais. Neste caso quem solicita a baixa \u00e9 o cart\u00f3rio.<\/p>\n<p><strong>58. PAGUEI O IPVA DEVIDO, ENTRETANTO FUI INSCRITO NA D\u00cdVIDA ATIVA. O QUE DEVO FAZER?<\/strong><\/p>\n<p>R: No caso de pagamento, o interessado dever\u00e1 requerer a baixa do d\u00e9bito, apresentando o comprovante de recolhimento do IPVA.<\/p>\n<p>Voc\u00ea precisa ingressar com o pedido de revis\u00e3o do lan\u00e7amento, atrav\u00e9s da <a href=\"https:\/\/goias.gov.br\/economia\/plataforma-digital-de-processos\/\">Plataforma Digital de Processos &#8211; PDP<\/a>, no prazo de 2 anos contados a partir da cientifica\u00e7\u00e3o do lan\u00e7amento (1\u00ba de janeiro de cada ano para ve\u00edculos emplacados no ano anterior).<\/p>\n<h5><a id=\"Isencao\" name=\"Isencao\"><\/a>ISEN\u00c7\u00c3O<\/h5>\n<p><strong>59. O QUE SIGNIFICA A ISEN\u00c7\u00c3O DO IPVA?<\/strong><\/p>\n<p>R: Ocorre a isen\u00e7\u00e3o quando o Estado decide n\u00e3o cobrar o IPVA do propriet\u00e1rio do ve\u00edculo. Isso pode ocorrer em diversos casos previstos na legisla\u00e7\u00e3o.<\/p>\n<p><strong>60. QUEM TEM DIREITO \u00c0 ISEN\u00c7\u00c3O?<\/strong><\/p>\n<p>R: Est\u00e3o isentos do IPVA:<\/p>\n<ul>\n<li>m\u00e1quina e trator de terraplenagem;;<\/li>\n<li>destinado exclusivamente ao socorro e transporte de ferido ou doente;<\/li>\n<li>destinado ao uso de pessoa portadora de defici\u00eancia f\u00edsica, visual, mental severa ou profunda,\u00a0S\u00edndrome de Down\u00a0ou autista, cujo valor n\u00e3o seja superior ao estabelecido para a isen\u00e7\u00e3o do ICMS, limitada a isen\u00e7\u00e3o a 1 (um) ve\u00edculo por benefici\u00e1rio;<\/li>\n<li>de aluguel (t\u00e1xi ou motot\u00e1xi), dotado ou n\u00e3o de tax\u00edmetro, destinado ao transporte de pessoa, limitada a isen\u00e7\u00e3o a 1 (um) ve\u00edculo por propriet\u00e1rio;<\/li>\n<li>de combate a inc\u00eandio;<\/li>\n<li>locomotiva e vag\u00e3o ou vagonete automovidos, de uso ferrovi\u00e1rio;<\/li>\n<li><span data-olk-copy-source=\"MessageBody\">todos os ve\u00edculos com 15 (quinze) anos ou mais de uso;<\/span><\/li>\n<li><span data-olk-copy-source=\"MessageBody\">motocicleta, ciclomotor, triciclo e motoneta at\u00e9 150 cc com 6 (seis) anos ou mais de uso;<\/span><\/li>\n<li>\u00f4nibus ou micro-\u00f4nibus destinado ao servi\u00e7o de transporte de passageiro de turismo e escolar, desde que credenciado junto a \u00f3rg\u00e3o competente para regula\u00e7\u00e3o, controle e fiscaliza\u00e7\u00e3o desse servi\u00e7o.<\/li>\n<li>de propriedade de entidades filantr\u00f3picas.*<\/li>\n<li>adquiridos por pessoas em tratamento de c\u00e2ncer na rede p\u00fablica de sa\u00fade municipal, estadual ou federal.*<\/li>\n<\/ul>\n<p>* Servi\u00e7o n\u00e3o dispon\u00edvel\u00a0por falta de regulamenta\u00e7\u00e3o.<\/p>\n<p>R: \u00c9 tamb\u00e9m isento o IPVA incidente:<\/p>\n<ul>\n<li>na data da primeira aquisi\u00e7\u00e3o do ve\u00edculo novo por consumidor final de que trata o <a href=\"https:\/\/appasp.economia.go.gov.br\/legislacao\/arquivos\/Cte\/CTE.htm#a91\" target=\"_blank\" rel=\"noopener\">inciso I do art. 91<\/a>, desde que adquirido de estabelecimento localizado no Estado de Goi\u00e1s; \u00a0e que o adquirente n\u00e3o tenha pend\u00eancia\u00a0<b>tribut\u00e1ria\u00a0<\/b>no Cadastro Informativo dos Cr\u00e9ditos n\u00e3o Quitados de \u00d3rg\u00e3os e Entidades Estaduais (CADIN ESTADUAL), conforme Art. 6\u00ba, IV da\u00a0<a title=\"https:\/\/appasp.economia.go.gov.br\/legislacao\/arquivos\/Leis\/L_19754.htm\" href=\"https:\/\/appasp.economia.go.gov.br\/legislacao\/arquivos\/Leis\/L_19754.htm\" target=\"_blank\" rel=\"noopener noreferrer\" data-auth=\"NotApplicable\" data-linkindex=\"1\">Lei n\u00ba 19.754\/2017<\/a>.<\/li>\n<li>no per\u00edodo compreendido entre a data da apreens\u00e3o e a da arremata\u00e7\u00e3o, na hip\u00f3tese de aquisi\u00e7\u00e3o, realizada em leil\u00e3o promovido pelo poder p\u00fablico, de ve\u00edculo apreendido nos termos do C\u00f3digo de Tr\u00e2nsito Brasileiro.<\/li>\n<\/ul>\n<p><strong>61. POR QUE PERDI A ISEN\u00c7\u00c3O DE IPVA NO 1\u00ba ANO (VE\u00cdCULO NOVO) SE POSSUO D\u00c9BITOS NO CADIN?<\/strong><\/p>\n<p>R: De acordo com a <strong>Lei Estadual n\u00ba <a href=\"https:\/\/appasp.economia.go.gov.br\/legislacao\/arquivos\/Leis\/L_19754.htm\" target=\"_blank\" rel=\"noopener\">19.754\/2017<\/a><\/strong>, a exist\u00eancia de pend\u00eancias no <strong>CADIN<\/strong> <strong>Estadual<\/strong> impede a concess\u00e3o de benef\u00edcios fiscais. Para o IPVA de ve\u00edculos novos, a verifica\u00e7\u00e3o de regularidade \u00e9 feita automaticamente na data do fato gerador, ou seja, no <strong>dia da emiss\u00e3o da nota fiscal de compra<\/strong>.<\/p>\n<p><strong>Pontos importantes:<\/strong><\/p>\n<ul>\n<li><strong>Data Cr\u00edtica:<\/strong> Se houver inscri\u00e7\u00e3o no CADIN no dia da compra (nota fiscal), o benef\u00edcio \u00e9 bloqueado. Regulariza\u00e7\u00f5es feitas ap\u00f3s a data da nota fiscal n\u00e3o restauram a isen\u00e7\u00e3o para aquele ve\u00edculo espec\u00edfico.<\/li>\n<li><strong>D\u00e9bitos que bloqueiam:<\/strong> Inscri\u00e7\u00f5es decorrentes de d\u00e9bitos de ICMS, ITCD, taxas e multas tribut\u00e1rias.<\/li>\n<li><strong>O que N\u00c3O bloqueia:<\/strong> Por for\u00e7a da<strong> Lei n\u00ba<a href=\"https:\/\/goias.gov.br\/economia\/rascunho-automatico-6\/\" target=\"_blank\" rel=\"noopener\"> 21.434\/2022<\/a><\/strong>, d\u00e9bitos do pr\u00f3prio IPVA (referentes a outros ve\u00edculos do propriet\u00e1rio) n\u00e3o s\u00e3o considerados para este bloqueio.<\/li>\n<\/ul>\n<p>Link para consulta do CADIN: <a href=\"https:\/\/cdn-consultas.sefaz.go.gov.br\/cdn-consultas\/pendencia\" target=\"_blank\" rel=\"noopener\">https:\/\/cdn-consultas.sefaz.go.gov.br\/cdn-consultas\/pendencia<\/a><\/p>\n<p><strong>62. N\u00c3O CONCORDO COM MINHA INCLUS\u00c3O NO CADIN OU A BAIXA N\u00c3O OCORREU. O QUE FAZER?<\/strong><\/p>\n<p>R: O questionamento sobre a legitimidade da inclus\u00e3o no CADIN deve ser feito diretamente ao <strong>\u00f3rg\u00e3o respons\u00e1vel pela inscri\u00e7\u00e3o<\/strong> da d\u00edvida:<\/p>\n<p>1. <strong>D\u00e9bitos da Secretaria da Economia (ICMS, ITCD, etc.):<\/strong><\/p>\n<ul>\n<li>Caso entenda que a inclus\u00e3o \u00e9 indevida ou que a baixa deveria ter ocorrido em data anterior, voc\u00ea deve autuar um processo administrativo questionando a inscri\u00e7\u00e3o.<\/li>\n<li>O pedido deve ser enviado para o e-mail <strong><a href=\"mailto:protocolo.economia@goias.gov.br\" target=\"_blank\" rel=\"noopener\">protocolo.economia@goias.gov.br<\/a><\/strong>, sendo direcionado \u00e0 <strong>Superintend\u00eancia de Recupera\u00e7\u00e3o de Cr\u00e9dito<\/strong>.<\/li>\n<\/ul>\n<p>2. <strong>D\u00e9bitos de outros \u00d3rg\u00e3os (DETRAN, AGRODEFESA, etc.):<\/strong><\/p>\n<ul>\n<li>Voc\u00ea deve procurar diretamente o \u00f3rg\u00e3o de origem da pend\u00eancia para contestar a inscri\u00e7\u00e3o ou solicitar a regulariza\u00e7\u00e3o\/baixa.<\/li>\n<\/ul>\n<p><strong>Recupera\u00e7\u00e3o do Benef\u00edcio:<\/strong><\/p>\n<p>Se voc\u00ea obtiver uma decis\u00e3o favor\u00e1vel do \u00f3rg\u00e3o respons\u00e1vel, confirmando que a inclus\u00e3o no CADIN era indevida ou que a baixa deveria ter ocorrido em data <strong>anterior<\/strong> \u00e0 compra do ve\u00edculo, voc\u00ea poder\u00e1 acessar a <strong>Plataforma Digital de Processos<\/strong> para autuar o pedido de:<\/p>\n<ul>\n<li><strong>Restitui\u00e7\u00e3o de Ind\u00e9bito<\/strong> (caso j\u00e1 tenha pago o imposto); ou<\/li>\n<li><strong>Reconhecimento de Isen\u00e7\u00e3o<\/strong> (caso o imposto ainda esteja em aberto).<\/li>\n<\/ul>\n<p><strong>Aten\u00e7\u00e3o:<\/strong> Al\u00e9m de anexar a prova da decis\u00e3o do \u00f3rg\u00e3o que reconheceu o erro, \u00e9 fundamental que a pend\u00eancia tenha sido efetivamente <strong>baixada e atualizada no sistema do CADIN<\/strong>. Se a pend\u00eancia ainda constar como ativa no momento do pedido, o sistema poder\u00e1 bloquear o processamento do benef\u00edcio, sendo necess\u00e1rio aguardar a atualiza\u00e7\u00e3o sist\u00eamica pelo \u00f3rg\u00e3o que originou o d\u00e9bito.<\/p>\n<p>Link para consulta do CADIN: <a href=\"https:\/\/cdn-consultas.sefaz.go.gov.br\/cdn-consultas\/pendencia\" target=\"_blank\" rel=\"noopener\">https:\/\/cdn-consultas.sefaz.go.gov.br\/cdn-consultas\/pendencia<\/a><\/p>\n<p><strong>63. QUANDO N\u00c3O INCIDE O IPVA (CAUSAS DE N\u00c3O INCID\u00caNCIA) ?<\/strong><\/p>\n<p>R: Est\u00e1 definido no <a href=\"https:\/\/appasp.economia.go.gov.br\/legislacao\/arquivos\/Cte\/CTE.htm#A95\">Art. 95<\/a> e <a href=\"https:\/\/appasp.economia.go.gov.br\/legislacao\/arquivos\/Cte\/CTE.htm#A95_A\">Art. 95-A<\/a> da Lei 11.651\/91:<\/p>\n<p>O IPVA n\u00e3o incide sobre a propriedade de ve\u00edculo pertencente:<\/p>\n<ul>\n<li>\u00e0 Uni\u00e3o, aos Estados, ao Distrito Federal e aos Munic\u00edpios;<\/li>\n<li>\u00e0 embaixada e consulado estrangeiros credenciados junto ao Governo brasileiro;<\/li>\n<li>\u00e0s entidades a seguir relacionadas, desde que o ve\u00edculo esteja vinculado com as suas finalidades essenciais ou com as delas decorrentes:<\/li>\n<li>autarquia ou funda\u00e7\u00e3o institu\u00edda e mantida pelo poder p\u00fablico;<\/li>\n<li>entidades religiosas e templos de qualquer culto, inclusive suas organiza\u00e7\u00f5es assistenciais e beneficentes;<\/li>\n<li>institui\u00e7\u00e3o de educa\u00e7\u00e3o ou de assist\u00eancia social, sem fins lucrativos;<\/li>\n<li>partido pol\u00edtico, inclusive suas funda\u00e7\u00f5es;<\/li>\n<li>entidade sindical de trabalhador.<\/li>\n<li>empresa p\u00fablica prestadora de servi\u00e7o postal;<\/li>\n<li>aeronaves agr\u00edcolas e de operador certificado para prestar servi\u00e7os a\u00e9reos a terceiros;<\/li>\n<li>embarca\u00e7\u00f5es de pessoa jur\u00eddica que detenha outorga para prestar servi\u00e7os de transporte aquavi\u00e1rio ou de pessoa f\u00edsica ou jur\u00eddica que pratique pesca industrial, artesanal, cient\u00edfica ou de subsist\u00eancia;<\/li>\n<li>plataformas suscet\u00edveis de se locomoverem na \u00e1gua por meios pr\u00f3prios, inclusive aquelas cuja finalidade principal seja a explora\u00e7\u00e3o de atividades econ\u00f4micas em \u00e1guas territoriais e na zona econ\u00f4mica exclusiva e embarca\u00e7\u00f5es que tenham essa mesma finalidade principal;<\/li>\n<li>tratores e m\u00e1quinas agr\u00edcolas.<\/li>\n<\/ul>\n<p><strong>64. COMO SOLICITAR A ISEN\u00c7\u00c3O DO IPVA?<\/strong><\/p>\n<p>R:\u00a0Para solicitar a isen\u00e7\u00e3o de IPVA, basta acessar a <a href=\"https:\/\/goias.gov.br\/economia\/plataforma-digital-de-processos\/\">Plataforma Digital de Processos &#8211; PDP<\/a> e seguir as orienta\u00e7\u00f5es descritas para cada caso.<\/p>\n<p><strong>65. PARA QUANTOS VE\u00cdCULOS POSSO TER A ISEN\u00c7\u00c3O?<\/strong><\/p>\n<p>R: Se a isen\u00e7\u00e3o for para PCD, t\u00e1xi ou motot\u00e1xi s\u00f3 pode ser concedida a um ve\u00edculo por vez. Para escolar e turismo a isen\u00e7\u00e3o pode ser concedida para mais de um ve\u00edculo.<\/p>\n<p><strong>66. SE EU FOR TAXISTA, POSSO TER UM VE\u00cdCULO ISENTO COMO TAXISTA E OUTRO COMO DEFICIENTE?<\/strong><\/p>\n<p>R: Sim. Desde que atendidas as condi\u00e7\u00f5es previstas para concess\u00e3o de cada benef\u00edcio.<\/p>\n<p><strong>67. QUALQUER VE\u00cdCULO PODE RECEBER A ISEN\u00c7\u00c3O?<\/strong><\/p>\n<p>R: N\u00e3o. A isen\u00e7\u00e3o \u00e9 para ve\u00edculos de at\u00e9 R$ 120 mil no caso de PCD, para o taxista o limite \u00e9 a motoriza\u00e7\u00e3o, pois n\u00e3o pode ter cilindrada superior a dois mil cent\u00edmetros c\u00fabicos. Para o escolar e turismo n\u00e3o existe a regra de valor, apenas do tipo que deve ser \u00f4nibus e micro-\u00f4nibus.<\/p>\n<p>Para o PCD a isen\u00e7\u00e3o \u00e9 parcial, cobrando-se o IPVA sobre a parcela que exceder R$ 70 mil, ou integral se o valor de aquisi\u00e7\u00e3o n\u00e3o ultrapassar R$ 70 mil.<\/p>\n<p><strong>68. O QUE \u00c9 PRECISO FAZER SE O BENEFICI\u00c1RIO DA ISEN\u00c7\u00c3O FALECER?<\/strong><\/p>\n<p>R: \u00c9 preciso comunicar imediatamente \u00e0 Secretaria da Economia, autue um processo via sistema PDP (leia mais no item 21) selecionando o servi\u00e7o de Encerramento de Isen\u00e7\u00e3o, consulte a se\u00e7\u00e3o Outros Servi\u00e7os desta p\u00e1gina. O ato declarat\u00f3rio que concedeu a isen\u00e7\u00e3o ser\u00e1 encerrado e o IPVA voltar\u00e1 a ser cobrado a partir daquela data.<\/p>\n<p><strong>69. O QUE ACONTECE SE EU CONTINUAR USANDO O VE\u00cdCULO SEM PAGAR O IPVA AP\u00d3S O FALECIMENTO DO BENEFICI\u00c1RIO?<\/strong><\/p>\n<p>R: A secretaria da Economia possui consultas capazes de verificar a exist\u00eancia do atestado de \u00f3bito do benefici\u00e1rio. Nesse caso, assim que a informa\u00e7\u00e3o for inclu\u00edda no sistema, o benef\u00edcio ser\u00e1 encerrado com data retroativa ao \u00f3bito e os d\u00e9bitos posteriores \u00e0 esta mesma data ser\u00e3o acrescidos da multa e demais encargos legais.<\/p>\n<p><strong>70. QUEM \u00c9 CONSIDERADO PROPRIET\u00c1RIO DO VE\u00cdCULO?<\/strong><\/p>\n<p>R: Para ve\u00edculos terrestres licenciados considera-se propriet\u00e1rio do ve\u00edculo a pessoa indicada no sistema de controle da frota administrado pelo DETRAN. Para os demais aquele indicado na respectiva cadeia de cust\u00f3dia documentada em sistemas espec\u00edficos.<\/p>\n<p><strong>71. QUEM \u00c9 CONSIDERADO PROPRIET\u00c1RIO SE O VE\u00cdCULO ESTIVER EM NOME DA ARRENDADORA \/ LEASING?<\/strong><\/p>\n<p>R: O credor fiduci\u00e1rio (Arrendadora) \u00e9 considerado propriet\u00e1rio e o arrendat\u00e1rio \u00e9 o possuidor e ambos aparecem no sistema de controle da frota administrado pelo DETRAN. E ambos s\u00e3o respons\u00e1veis pelo IPVA.<\/p>\n<p><strong>72. QUEM \u00c9 CONSIDERADO PROPRIET\u00c1RIO SE O VE\u00cdCULO ESTIVER COM ALIENA\u00c7\u00c3O FIDUCI\u00c1RIA?<\/strong><\/p>\n<p>R: Neste caso o propriet\u00e1rio \u00e9 o devedor fiduciante (quem comprou o carro) e a institui\u00e7\u00e3o financeira det\u00e9m o gravame sobre o ve\u00edculo, sendo, portanto, tamb\u00e9m respons\u00e1vel pelo IPVA.<\/p>\n<p><strong>73. QUEM \u00c9 CONSIDERADO PROPRIET\u00c1RIO SE O BENEFICI\u00c1RIO FOR INCAPAZ?<\/strong><\/p>\n<p>R: Para todos os casos, mesmo sendo incapaz, o benefici\u00e1rio \u00e9 considerado o propriet\u00e1rio do ve\u00edculo no sistema de controle da frota administrado pelo DETRAN.<\/p>\n<p><strong>74. QUAL O PRAZO PARA SOLICITAR A ISEN\u00c7\u00c3O DE VE\u00cdCULO USADO?<\/strong><\/p>\n<p>R: Em qualquer caso de isen\u00e7\u00e3o de ve\u00edculo usado, a solicita\u00e7\u00e3o dever\u00e1 ser feita at\u00e9 30 dias antes do vencimento da cota \u00fanica do IPVA. O n\u00e3o cumprimento do prazo \u00e9 causa de INDEFERIMENTO imediato do pedido (perde o direito). No caso de ve\u00edculo zero antes do emplacamento.<\/p>\n<p><strong>75. UMA VEZ CONCEDIDA A ISEN\u00c7\u00c3O PARA AQUELE VE\u00cdCULO, O CIDAD\u00c3O(\u00c3) PRECISA SOLICITAR A ISEN\u00c7\u00c3O NOS ANOS SEGUINTES OU O SISTEMA FAR\u00c1 A RENOVA\u00c7\u00c3O DE FORMA AUTOM\u00c1TICA?<\/strong><\/p>\n<p>R: Para os PCDs o benef\u00edcio permanece vigente enquanto pertencer ao mesmo propriet\u00e1rio, ou at\u00e9 o seu falecimento.<\/p>\n<p>Para o T\u00e1xi, Moto-T\u00e1xi, Turismo, Escolar o benef\u00edcio permanecer\u00e1 vigente enquanto durar a validade dos documentos apresentados: Certificados, Permiss\u00f5es, Outorgas, Licen\u00e7as, Alvar\u00e1s.<\/p>\n<p><strong>76. ADQUIRI O VE\u00cdCULO NO LEIL\u00c3O DO DETRAN\/GO OU DA SSP\/GO \u2013 QUAIS OS PROCEDIMENTOS?<\/strong><\/p>\n<p>R: O arrematante (quem comprou o ve\u00edculo no leil\u00e3o) \u00e9 respons\u00e1vel pelos d\u00e9bitos a partir da data da arremata\u00e7\u00e3o.<\/p>\n<p>Deve providenciar junto ao DETRAN as anota\u00e7\u00f5es respectivas que geram automaticamente a desvincula\u00e7\u00e3o dos d\u00e9bitos anteriores e a desonera\u00e7\u00e3o entre a data da apreens\u00e3o e do leil\u00e3o.<\/p>\n<p><strong>77. ADQUIRI O VE\u00cdCULO NO LEIL\u00c3O DE OUTROS LOCAIS \u2013 QUAIS OS PROCEDIMENTOS?<\/strong><\/p>\n<p>R: O arrematante (quem comprou o ve\u00edculo no leil\u00e3o) \u00e9 respons\u00e1vel pelos d\u00e9bitos a partir da data da arremata\u00e7\u00e3o.<\/p>\n<p>Se arrematou o ve\u00edculo da frota goiana em leil\u00e3o de outros locais ou UFs, deve abrir processo atrav\u00e9s da Plataforma Digital de Processos \u2013 PDP. Para saber mais sobre este servi\u00e7o pesquise nesta p\u00e1gina pelo servi\u00e7o [Como solicitar a Desonera\u00e7\u00e3o e\/ou Desvincula\u00e7\u00e3o de IPVA Ve\u00edculo Leiloado?].<\/p>\n<p>O interessado tamb\u00e9m deve requerer junto ao DETRAN\/GO os demais procedimentos, em especial o registro do Comunicado de Venda.<\/p>\n<p><b>78. QUANTO TEMPO TENHO DE ISEN\u00c7\u00c3O?<\/b><\/p>\n<p>R: Para os PCDs o benef\u00edcio permanece vigente enquanto pertencer ao mesmo propriet\u00e1rio, ou at\u00e9 o seu falecimento.<br \/>R: Para Taxi, Turismo e Escolar o benef\u00edcio acompanha o per\u00edodo da permiss\u00e3o\/licen\u00e7a\/alvar\u00e1 apresentados.<br \/>T\u00e1xi &#8211; <a href=\"https:\/\/appasp.economia.go.gov.br\/legislacao\/arquivos\/Secretario\/IN\/IN_0610_2003.htm\" target=\"_blank\" rel=\"noopener\">IN 610\/2003<\/a>, Art. 2\u00ba, \u00a7 2\u00ba, II, &#8220;a&#8221;<br \/>Turismo &#8211; <a href=\"https:\/\/appasp.economia.go.gov.br\/legislacao\/arquivos\/Secretario\/IN\/IN_0610_2003.htm\" target=\"_blank\" rel=\"noopener\">IN 610\/2003<\/a>, Art. 2\u00ba, \u00a7 2\u00ba, IV<br \/>Escolar &#8211; <a href=\"https:\/\/appasp.economia.go.gov.br\/legislacao\/arquivos\/Secretario\/IN\/IN_0610_2003.htm\" target=\"_blank\" rel=\"noopener\">IN 610\/2003<\/a>, Art. 2\u00ba, \u00a7 2\u00ba, V<\/p>\n<p><strong>79. DEFICIENTE VISUAL MONOCULAR TEM DIREITO DE ISEN\u00c7\u00c3O DE IPVA?<\/strong><\/p>\n<p>R: N\u00e3o, conforme Conv\u00eanio ICMS 38\/12 a vis\u00e3o monocular n\u00e3o se enquadra nas normas de isen\u00e7\u00e3o de ICMS e IPVA que determina que o deficiente visual dever\u00e1 seguir o inciso II da Cl\u00e1usula Segunda:<\/p>\n<p>II &#8211; defici\u00eancia visual, aquela que apresenta acuidade visual igual ou menor que 20\/200 (tabela de Snellen) no melhor olho, ap\u00f3s a melhor corre\u00e7\u00e3o, ou campo visual inferior a 20\u00ba, ou ocorr\u00eancia simult\u00e2nea de ambas as situa\u00e7\u00f5es.<\/p>\n<p><strong>80. AUTISTA CONDUTOR TEM DIREITO \u00c0 ISEN\u00c7\u00c3O DE IPVA?<\/strong><\/p>\n<p>R: N\u00e3o, conforme o Conv\u00eanio ICMS 38\/12 e Art. 7\u00ba, XIV, al\u00ednea \u201cd\u201d, item \u20184\u201d do Anexo XI do Decreto 4852\/97 para o benef\u00edcio fiscal considera-se pessoa com autismo aquela que apresenta transtorno autista ou autismo at\u00edpico e gera a incapacidade de dirigir. Veja a reda\u00e7\u00e3o completa:<\/p>\n<ul style=\"list-style-type: circle;\">\n<li>d) considera-se pessoa com:<\/li>\n<li>(&#8230;)<\/li>\n<li>4. autismo aquela que apresenta transtorno autista ou autismo at\u00edpico e gera a incapacidade de\u00a0 \u00a0 \u00a0 \u00a0 dirigir, caracterizados nas seguintes formas:<\/li>\n<li>4.1. defici\u00eancia persistente e clinicamente significativa da comunica\u00e7\u00e3o e da intera\u00e7\u00e3o sociais, manifestada por defici\u00eancia marcada de comunica\u00e7\u00e3o verbal e n\u00e3o verbal usada para intera\u00e7\u00e3o social; aus\u00eancia de reciprocidade social; fal\u00eancia em desenvolver e manter rela\u00e7\u00f5es apropriadas ao seu n\u00edvel de desenvolvimento;<\/li>\n<li>4.2. padr\u00f5es restritivos e repetitivos de comportamentos, interesses e atividades, manifestados por comportamentos motores ou verbais estereotipados ou por comportamentos sensoriais incomuns; excessiva ader\u00eancia a rotinas e padr\u00f5es de comportamento ritualizados; interesses restritos e fixos;<\/li>\n<\/ul>\n<p><strong><a id=\"75\" name=\"75\"><\/a>81. REGISTRO DA INAPTID\u00c3O NO RENACH DO N\u00c3O-CONDUTOR?<\/strong><\/p>\n<p>R: Se voc\u00ea requerer um benef\u00edcio destinado a pessoa portadora de defici\u00eancia f\u00edsica, visual, mental severa ou profunda, s\u00edndrome de Down ou autista como N\u00c3O-CONDUTOR e tiver uma Carteira Nacional de Habilita\u00e7\u00e3o \u2013 CNH \u2013 v\u00e1lida ou vencida, ent\u00e3o fique atento \u00e0s orienta\u00e7\u00f5es deste t\u00f3pico:<\/p>\n<p>Considerando o Art. 10, \u00a7 2\u00ba da RESOLU\u00c7\u00c3O CONTRAN <a href=\"https:\/\/goias.gov.br\/economia\/wp-content\/uploads\/sites\/45\/2020\/11\/Resolucao9272022-a66.pdf\">N\u00ba 927<\/a>, DE 28 DE MAR\u00c7O DE 2022 a inaptid\u00e3o tempor\u00e1ria ou inaptid\u00e3o deve ser comunicada para imediato bloqueio do cadastro nacional (Registro Nacional de Condutores Habilitados (RENACH)).<\/p>\n<p>Considerando o Art. 5\u00ba, \u00a7 1\u00ba da RESOLU\u00c7\u00c3O <a href=\"https:\/\/goias.gov.br\/economia\/wp-content\/uploads\/sites\/45\/2020\/11\/resolucao7892020-4bc.pdf\">N\u00ba 789<\/a>, DE 18 DE JUNHO DE 2020 que determina que para a renova\u00e7\u00e3o de uma CNH cujo exame de aptid\u00e3o f\u00edsica e mental esteja vencida h\u00e1 mais de 5 (cinco) anos os exames e cursos devem ser refeitos (Item 4.2.1 do Anexo I).<\/p>\n<p>Desse modo se o vencimento da sua CNH tem <strong>menos<\/strong> de 5 (cinco) anos, ent\u00e3o antes de solicitar o benef\u00edcio fiscal voc\u00ea deve verificar se a inaptid\u00e3o est\u00e1 registrada no seu Registro Nacional de Condutores Habilitados (RENACH), e se n\u00e3o estiver deve providenci\u00e1-la previamente.<\/p>\n<div class=\"x_elementToProof\" data-olk-copy-source=\"MessageBody\"><strong>82. COMPREI O CARRO COM BENEF\u00cdCIO FISCAL DO ICMS, POSSO ALIENAR (VENDER, TRANSFERIR, DOAR)?<\/strong><\/div>\n<div data-olk-copy-source=\"MessageBody\">\u00a0<\/div>\n<div class=\"x_elementToProof\">R: Os ve\u00edculos comprados com Benef\u00edcio Fiscal do ICMS previsto em Conv\u00eanio tem uma restri\u00e7\u00e3o denominada Benef\u00edcio Tribut\u00e1rio no sum\u00e1rio do ve\u00edculo no DETRAN e que aparece no CRLV do ve\u00edculo, igual ao Gravame do financiamento de uma institui\u00e7\u00e3o financeira, que tamb\u00e9m impede a aliena\u00e7\u00e3o.<\/div>\n<div class=\"x_elementToProof\">\u00a0<\/div>\n<div class=\"x_elementToProof\">Se voc\u00ea \u00e9 uma pessoa portadora de defici\u00eancia (PCD) f\u00edsica, visual, mental severa ou profunda, s\u00edndrome de Down ou autista ent\u00e3o voc\u00ea tem que ficar com o ve\u00edculo por\u00a0<b>4 (quatro) anos<\/b>\u00a0a partir da emiss\u00e3o da Nota Fiscal e se quiser alienar antes precisa utilizar o servi\u00e7o [Como solicitar a Declara\u00e7\u00e3o de Inexist\u00eancia de D\u00e9bitos de ICMS para aliena\u00e7\u00e3o antecipada do ve\u00edculo adquirido pelo\u00a0<a id=\"LPlnk468590\" title=\"https:\/\/www.confaz.fazenda.gov.br\/legislacao\/convenios\/2012\/CV038_12\" href=\"https:\/\/www.confaz.fazenda.gov.br\/legislacao\/convenios\/2012\/CV038_12\" target=\"_blank\" rel=\"noopener noreferrer\" data-auth=\"NotApplicable\" data-linkindex=\"4\">Conv\u00eanio 38\/12<\/a>\u00a0?]\u00a0&#8211; Clique\u00a0<a title=\"https:\/\/goias.gov.br\/economia\/como-solicitar-a-declaracao-de-inexistencia-de-debitos-de-icms-para-alienacao-antecipada-do-veiculo-adquirido-pelo-convenio-38-12-deficiente-fisico\/\" href=\"https:\/\/goias.gov.br\/economia\/como-solicitar-a-declaracao-de-inexistencia-de-debitos-de-icms-para-alienacao-antecipada-do-veiculo-adquirido-pelo-convenio-38-12-deficiente-fisico\/\" target=\"_blank\" rel=\"noopener noreferrer\" data-auth=\"NotApplicable\" data-linkindex=\"5\">AQUI<\/a><a title=\"https:\/\/goias.gov.br\/economia\/como-solicitar-a-declaracao-de-inexistencia-de-debitos-de-icms-para-alienacao-antecipada-do-veiculo-adquirido-pelo-convenio-38-12-deficiente-fisico\/\" href=\"https:\/\/goias.gov.br\/economia\/como-solicitar-a-declaracao-de-inexistencia-de-debitos-de-icms-para-alienacao-antecipada-do-veiculo-adquirido-pelo-convenio-38-12-deficiente-fisico\/\" target=\"_blank\" rel=\"noopener noreferrer\" data-auth=\"NotApplicable\" data-linkindex=\"6\">\u00a0<\/a>para ver mais detalhes do servi\u00e7o.<\/div>\n<div class=\"x_elementToProof\">\u00a0<\/div>\n<div class=\"x_elementToProof\">Se voc\u00ea \u00e9 um\u00a0condutor aut\u00f4nomo de passageiro na categoria de aluguel (t\u00e1xi)\u00a0 ent\u00e3o voc\u00ea tem que ficar com o ve\u00edculo por\u00a0<b>2 (dois) anos<\/b>\u00a0a partir da emiss\u00e3o da Nota Fiscal e se quiser alienar antes precisa utilizar o servi\u00e7o [Como solicitar a Declara\u00e7\u00e3o de Inexist\u00eancia de D\u00e9bitos de ICMS para aliena\u00e7\u00e3o antecipada do ve\u00edculo adquirido pelo\u00a0<a id=\"LPlnk\" title=\"https:\/\/www.confaz.fazenda.gov.br\/legislacao\/convenios\/2001\/CV038_01\" href=\"https:\/\/www.confaz.fazenda.gov.br\/legislacao\/convenios\/2001\/CV038_01\" target=\"_blank\" rel=\"noopener noreferrer\" data-auth=\"NotApplicable\" data-linkindex=\"7\">Conv\u00eanio 38\/01<\/a>\u00a0?]\u00a0&#8211; Clique\u00a0<a id=\"LPlnk959369\" title=\"https:\/\/goias.gov.br\/economia\/como-solicitar-a-declaracao-de-inexistencia-de-debitos-de-icms-para-alienacao-antecipada-do-veiculo-adquirido-pelo-convenio-38-01-pessoa-fisica-ou-juridica\/\" href=\"https:\/\/goias.gov.br\/economia\/como-solicitar-a-declaracao-de-inexistencia-de-debitos-de-icms-para-alienacao-antecipada-do-veiculo-adquirido-pelo-convenio-38-01-pessoa-fisica-ou-juridica\/\" target=\"_blank\" rel=\"noopener noreferrer\" data-auth=\"NotApplicable\" data-linkindex=\"8\">AQUI<\/a>\u00a0para ver mais detalhes do servi\u00e7o.<\/div>\n<div class=\"x_elementToProof\">\u00a0<\/div>\n<div class=\"x_elementToProof\">Se voc\u00ea \u00e9 um Produtor Rural ou Pessoa Jur\u00eddica e adquiriu um ve\u00edculo diretamente de uma montadora no regime do Conv\u00eanio 64\/06 ent\u00e3o voc\u00ea tem que ficar com o ve\u00edculo\u00a0<b>at\u00e9 o \u00faltimo dia do 12\u00ba (d\u00e9cimo segundo) m\u00eas<\/b>\u00a0posterior \u00e0 emiss\u00e3o do respectivo documento fiscal e se quiser alienar antes precisa utilizar o servi\u00e7o [Como solicitar a Declara\u00e7\u00e3o de Inexist\u00eancia de D\u00e9bitos de ICMS para aliena\u00e7\u00e3o antecipada do ve\u00edculo adquirido pelo\u00a0<a id=\"LPlnk881603\" title=\"https:\/\/www.confaz.fazenda.gov.br\/legislacao\/convenios\/2006\/CV064_06\" href=\"https:\/\/www.confaz.fazenda.gov.br\/legislacao\/convenios\/2006\/CV064_06\" target=\"_blank\" rel=\"noopener noreferrer\" data-auth=\"NotApplicable\" data-linkindex=\"9\">Conv\u00eanio 64\/06<\/a>\u00a0?] \u00a0&#8211; Clique\u00a0<a id=\"LPlnk\" title=\"https:\/\/goias.gov.br\/economia\/como-solicitar-a-declaracao-de-inexistencia-de-debitos-de-icms-para-alienacao-antecipada-do-veiculo-adquirido-pelo-convenio-64-06-produtor-rural-ou-qualquer-pessoa-juridica\/\" href=\"https:\/\/goias.gov.br\/economia\/como-solicitar-a-declaracao-de-inexistencia-de-debitos-de-icms-para-alienacao-antecipada-do-veiculo-adquirido-pelo-convenio-64-06-produtor-rural-ou-qualquer-pessoa-juridica\/\" target=\"_blank\" rel=\"noopener noreferrer\" data-auth=\"NotApplicable\" data-linkindex=\"10\">AQUI<\/a>\u00a0para ver mais detalhes do servi\u00e7o.<\/div>\n<h5><strong><a id=\"BENEF\u00cdCIOS\" name=\"BENEF\u00cdCIOS\"><\/a>BENEF\u00cdCIOS<\/strong><\/h5>\n<p><strong>83. QUAIS BENEF\u00cdCIOS O IPVA POSSUI?<\/strong><\/p>\n<div class=\"x_elementToProof\" data-olk-copy-source=\"MessageBody\">R: Os redutores existentes para o IPVA s\u00e3o os discriminados abaixo:<\/div>\n<div class=\"x_elementToProof\">\u2002\u2002\u2002\u2002\u2002\u2002a) <span style=\"font-size: revert;\">Redu\u00e7\u00e3o de Base de C\u00e1lculo (RBC) de 50% prevista no <a href=\"https:\/\/appasp.economia.go.gov.br\/legislacao\/arquivos\/Rcte\/RCTE.htm#A402A\">Art.402-A, RCTE<\/a> para:<br \/><\/span><span style=\"font-size: revert;\">\u00a0 \u00a0 \u00a0 \u00a0 \u00a0 \u00a0 \u00a0 \u00a0 \u00a0 \u00a0 \u00a0 1. Ve\u00edculos do TIPO <strong>Autom\u00f3vel<\/strong> at\u00e9 1000 cilindradas, portanto CAMIONETAS, CAMINHONETES e UTILIT\u00c1RIOS, mesmo que 1.0, n\u00e3o t\u00eam direito ao benef\u00edcio;<br \/><\/span><span style=\"font-size: revert;\">\u00a0 \u00a0 \u00a0 \u00a0 \u00a0 \u00a0 \u00a0 \u00a0 \u00a0 \u00a0 \u00a0 2. Motocicleta, ciclomotor, triciclo e motoneta, at\u00e9 125 cilindradas, portanto QUADRICICLO n\u00e3o tem direito ao benef\u00edcio.<\/span><\/div>\n<div class=\"x_elementToProof\">\u2002\u2002\u2002\u2002\u2002\u2002b) Redu\u00e7\u00e3o de Base de C\u00e1lculo (RBC) de 1% para ve\u00edculos de locadoras, ver\u00a0<a id=\"LPlnk323839\" title=\"https:\/\/appasp.economia.go.gov.br\/legislacao\/arquivos\/Rcte\/RCTE.htm#A402B\" href=\"https:\/\/appasp.economia.go.gov.br\/legislacao\/arquivos\/Rcte\/RCTE.htm#A402B\" target=\"_blank\" rel=\"noopener noreferrer\" data-auth=\"NotApplicable\" data-linkindex=\"1\">Art.402-B, RCTE<\/a><a id=\"LPlnk\" class=\"x_OWAAutoLink\" title=\"https:\/\/appasp.economia.go.gov.br\/legislacao\/arquivos\/Rcte\/RCTE.htm#A402A\" href=\"https:\/\/appasp.economia.go.gov.br\/legislacao\/arquivos\/Rcte\/RCTE.htm#A402A\" target=\"_blank\" rel=\"noopener noreferrer\" data-auth=\"NotApplicable\" data-linkindex=\"2\">.<\/a><\/div>\n<div class=\"x_elementToProof\">\u2002\u2002\u2002\u2002\u2002\u2002c) Programa Nota Fiscal Goiana (NFG), descontos de 5% a 10% no CPF, consulte o portal da Nota Fiscal Goiana (<a id=\"OWA3c5f4664-cf98-1aa3-02e6-6caa20a84fdd\" class=\"x_OWAAutoLink\" title=\"https:\/\/nfgoiana.economia.go.gov.br\/nfg\/cidadao\/login\" href=\"https:\/\/nfgoiana.economia.go.gov.br\/nfg\/cidadao\/login\" target=\"_blank\" rel=\"noopener noreferrer\" data-auth=\"NotApplicable\" data-linkindex=\"3\">https:\/\/nfgoiana.economia.go.gov.br\/nfg\/cidadao\/login<\/a>).<\/div>\n<div class=\"x_elementToProof\">\u2002\u2002\u2002\u2002\u2002\u2002d) Desconto de Antecipa\u00e7\u00e3o publicado anualmente em Ato do Sr Secret\u00e1rio Estadual:<\/div>\n<div class=\"x_elementToProof\">\u2002\u2002\u2002\u2002\u2002\u2002\u2002\u2002\u2002\u2002\u2002\u20021. Exerc\u00edcio de 2024 &#8211; 7% (<a href=\"https:\/\/appasp.economia.go.gov.br\/legislacao\/arquivos\/Secretario\/IN\/IN_1575_2023.htm\">IN 1575\/2023<\/a>)<\/div>\n<div class=\"x_elementToProof\">\u2002\u2002\u2002\u2002\u2002\u2002\u2002\u2002\u2002\u2002\u2002\u20021. Exerc\u00edcio de 2025 &#8211; 8% (<a href=\"https:\/\/appasp.economia.go.gov.br\/legislacao\/arquivos\/Secretario\/IN\/IN_1596_2024.htm\">IN 1596\/2024<\/a>)<\/div>\n<div class=\"x_elementToProof\">\u2002\u2002\u2002\u2002\u2002\u2002e) <span data-olk-copy-source=\"MessageBody\">\u00a0Isen\u00e7\u00e3o por Idade para todos os tipos de ve\u00edculos com 15 (quinze) anos ou mais de uso<\/span>.<\/div>\n<div class=\"x_elementToProof\">\u2002\u2002\u2002\u2002\u2002\u2002f) <span data-olk-copy-source=\"MessageBody\">Isen\u00e7\u00e3o por Idade para motocicleta, ciclomotor, triciclo e motoneta at\u00e9 150 cc com 6 (seis) anos ou mais de uso.<\/span><\/div>\n<div class=\"x_elementToProof\">\u00a0 \u00a0 \u00a0 \u00a0 \u00a0 \u00a0g)\u00a0 Os descontos RBC, NFG e Antecipa\u00e7\u00e3o s\u00e3o aplicados em sequ\u00eancia.<\/div>\n<p><strong>84. POR QUE MEU VE\u00cdCULO N\u00c3O TEM DESCONTO DE CINQUENTA POR CENTO (50%)?<\/strong><\/p>\n<p>R: Para garantir a redu\u00e7\u00e3o da base de c\u00e1lculo de 50% (\u201cdesconto\u201d) as condi\u00e7\u00f5es s\u00e3o que o propriet\u00e1rio na data do Fato Gerador (FG):<\/p>\n<ul>\n<li>N\u00e3o tenha infra\u00e7\u00e3o de tr\u00e2nsito \u2013 ver <a href=\"https:\/\/appasp.economia.go.gov.br\/legislacao\/arquivos\/Rcte\/RCTE.htm#A402A\">402-A<\/a> do Decreto 4852\/97;\n<ul>\n<li>N\u00e3o importa o tipo de penalidade (Advert\u00eancia, Multa, etc.), qualquer infra\u00e7\u00e3o impede o desconto<\/li>\n<\/ul>\n<\/li>\n<li>O ve\u00edculo esteja com o licenciamento em dia no momento do pagamento. N\u00e3o pode estar IMPEDIDO e tem que ser pago at\u00e9 a data limite \u2013 ver <a href=\"https:\/\/appasp.economia.go.gov.br\/legislacao\/arquivos\/Rcte\/RCTE.htm#A402A\">402-A<\/a> do Decreto 4852\/97;<\/li>\n<li>N\u00e3o esteja inscrito no CADIN conforme Art. 6\u00ba da <a href=\"https:\/\/appasp.economia.go.gov.br\/legislacao\/arquivos\/Leis\/L_19754.htm\">Lei 19.754\/17<\/a> (Consulta CADIN Clique <a href=\"https:\/\/goias.gov.br\/economia\/cadin-estadual\/\">AQUI<\/a>).<\/li>\n<\/ul>\n<p>Se a infra\u00e7\u00e3o de tr\u00e2nsito n\u00e3o \u00e9 uma das indicadas no Art. 259, \u00a7 4\u00ba da <a href=\"https:\/\/www.planalto.gov.br\/ccivil_03\/leis\/L9503Compilado.htm\">Lei 9.503\/97<\/a> (C\u00f3digo de Tr\u00e2nsito Brasileiro) e voc\u00ea indicou um REAL CONDUTOR ent\u00e3o tem direito ao benef\u00edcio.<\/p>\n<p>Da mesma forma se voc\u00ea tiver sido indicado como REAL CONDUTOR por outra pessoa, ent\u00e3o tamb\u00e9m n\u00e3o ter\u00e1 direito ao benef\u00edcio.<\/p>\n<p>A infra\u00e7\u00e3o de Tr\u00e2nsito com efeito suspensivo (em julgamento) n\u00e3o d\u00e1 direito ao desconto, somente o seu efetivo cancelamento. Ent\u00e3o recomendamos pagar SEM o desconto e se o julgamento concluir pelo cancelamento ent\u00e3o poder\u00e1 pedir a Restitui\u00e7\u00e3o via Plataforma Digital de Processos. Se deixar passar o prazo de pagamento esperando o resultado do recurso perder\u00e1 pelo inadimplemento.<\/p>\n<p>A regulariza\u00e7\u00e3o do CADIN ap\u00f3s o fato gerador n\u00e3o retorna o benef\u00edcio, exceto se o apontamento for indevido.<\/p>\n<p>A regulariza\u00e7\u00e3o do licenciamento com a emiss\u00e3o do CRLV libera o benef\u00edcio desde que seja realizada at\u00e9 o pagamento.<\/p>\n<p>Se o propriet\u00e1rio atende os crit\u00e9rios acima, mas o ve\u00edculo n\u00e3o recebeu o benef\u00edcio ent\u00e3o verifique se o VE\u00cdCULO \u00e9 do TIPO <strong>AUTOM\u00d3VEL<\/strong> com at\u00e9 1000 cilindradas, ou uma Motocicleta, ciclomotor, triciclo e motoneta com at\u00e9 125 cc, pois CAMIONETAS, CAMINHONETES, UTILIT\u00c1RIOS e QUADRICICLOS n\u00e3o t\u00eam direito ao benef\u00edcio.<\/p>\n<p>Realize previamente a pesquisa se o propriet\u00e1rio e o ve\u00edculo atendem os crit\u00e9rios e para reclamar siga as orienta\u00e7\u00f5es do t\u00f3pico de ajuda mais abaixo [<a href=\"https:\/\/goias.gov.br\/economia\/como-reclamar-a-nao-concessao-automatica-da-reducao-da-base-de-calculo-desconto-de-50\/\">Como reclamar a N\u00e3o Concess\u00e3o Autom\u00e1tica da Redu\u00e7\u00e3o da Base de C\u00e1lculo (desconto) de 50%?<\/a>].<\/p>\n<p><strong>85. POR QUE MEU VE\u00cdCULO N\u00c3O TEM DESCONTO DA NOTA FISCAL GOIANA?<\/strong><\/p>\n<div class=\"x_elementToProof\" data-olk-copy-source=\"MessageBody\"><span data-olk-copy-source=\"MessageBody\">R: O CPF do propriet\u00e1rio na data do Fato Gerador (1\u00ba\/Jan Ve\u00edculos usados) deve conter pontua\u00e7\u00e3o necess\u00e1ria para gerar descontos, n\u00e3o pode estar inscrito no CADIN em 31\/Dez do ano anterior e o ve\u00edculo n\u00e3o pode ter falta ou atraso no pagamento do IPVA. Veja mais informa\u00e7\u00f5es no portal da Nota Fiscal Goiana \u00a0(<\/span><a id=\"OWA265df39c-74b3-5a8d-58f4-62c308a2eeda\" class=\"x_x_OWAAutoLink\" title=\"https:\/\/nfgoiana.economia.go.gov.br\/nfg\/cidadao\/login\" href=\"https:\/\/nfgoiana.economia.go.gov.br\/nfg\/cidadao\/login\" target=\"_blank\" rel=\"noopener noreferrer\" data-linkindex=\"2\" data-auth=\"NotApplicable\">https:\/\/nfgoiana.economia.go.gov.br\/nfg\/cidadao\/login<\/a>).<\/div>\n<p><strong>86. COMO FAZER PARA TER DESCONTO NA NOTA FISCAL GOIANA?<\/strong><\/p>\n<p>R: O usu\u00e1rio dever\u00e1 pedir para colocar o CPF nas compras, verifique a sua situa\u00e7\u00e3o no portal da Nota Fiscal Goiana \u00a0(<a id=\"OWAcaccd79a-6e10-db9d-2ec6-b560f2dd2409\" class=\"x_OWAAutoLink\" title=\"https:\/\/nfgoiana.economia.go.gov.br\/nfg\/cidadao\/login\" href=\"https:\/\/nfgoiana.economia.go.gov.br\/nfg\/cidadao\/login\" target=\"_blank\" rel=\"noopener noreferrer\" data-auth=\"NotApplicable\" data-linkindex=\"7\">https:\/\/nfgoiana.economia.go.gov.br\/nfg\/cidadao\/login<\/a>).<\/p>\n<h5><strong><a id=\"aquatico\"><\/a>AQU\u00c1TICOS E A\u00c9REOS \/ EMBARCA\u00c7\u00d5ES E AERONAVES<\/strong><\/h5>\n<p><strong>87. GOI\u00c1S COBRA IPVA SOBRE VE\u00cdCULOS AQU\u00c1TICOS E A\u00c9REOS \/ EMBARCA\u00c7\u00d5ES E AERONAVES ? (<span data-olk-copy-source=\"MessageBody\">Sem Efeito -Texto Revogado pela <a href=\"https:\/\/legisla.casacivil.go.gov.br\/pesquisa_legislacao\/110513\/lei-23287\">Lei 23.287\/25<\/a>)<\/span><\/strong><\/p>\n<p>R. Sim, existe a previs\u00e3o legal de cobran\u00e7a para este tipo de ve\u00edculo automotor conforme altera\u00e7\u00e3o legal promovida pela <a href=\"https:\/\/appasp.economia.go.gov.br\/legislacao\/arquivos\/Leis\/L_23173.htm\">Lei 23.173\/24<\/a> que modificou o C\u00f3digo Tribut\u00e1rio Estadual. Esta altera\u00e7\u00e3o foi autorizada pela Emenda Constitucional <a href=\"https:\/\/www.planalto.gov.br\/ccivil_03\/Constituicao\/Emendas\/Emc\/emc132.htm#art1\">n\u00ba 132 de 2023<\/a>. Esta cobran\u00e7a \u00e9 a partir do exerc\u00edcio de 2025.<\/p>\n<p><strong>88. QUAL A BASE DE C\u00c1LCULO DAS EMBARCA\u00c7\u00d5ES E AERONAVES ?<br \/><\/strong><strong>(<span data-olk-copy-source=\"MessageBody\">Sem Efeito -Texto Revogado pela <a href=\"https:\/\/legisla.casacivil.go.gov.br\/pesquisa_legislacao\/110513\/lei-23287\">Lei 23.287\/25<\/a>)<\/span><\/strong><\/p>\n<p>R: Enquanto n\u00e3o for publicada a tabela de valores o propriet\u00e1rio dever\u00e1 fazer a declara\u00e7\u00e3o e o pagamento do IPVA, utilizando como base de c\u00e1lculo o valor de mercado, que posteriormente ser\u00e1 examinado pela autoridade fiscal.<\/p>\n<p><strong>89. QUAL A AL\u00cdQUOTA DAS EMBARCA\u00c7\u00d5ES E AERONAVES ?<br \/><\/strong><strong>(<span data-olk-copy-source=\"MessageBody\">Sem Efeito -Texto Revogado pela <a href=\"https:\/\/legisla.casacivil.go.gov.br\/pesquisa_legislacao\/110513\/lei-23287\">Lei 23.287\/25<\/a>)<\/span><\/strong><\/p>\n<p>R: A Al\u00edquota \u00e9 de 3,75% a partir do exerc\u00edcio de 2025.<\/p>\n<p><strong>90. ONDE DEVO REALIZAR A DECLARA\u00c7\u00c3O DO IPVA ?<br \/><\/strong><\/p>\n<p><strong>(<span data-olk-copy-source=\"MessageBody\">Sem Efeito -Texto Revogado pela <a href=\"https:\/\/legisla.casacivil.go.gov.br\/pesquisa_legislacao\/110513\/lei-23287\">Lei 23.287\/25<\/a>)<\/span><\/strong><\/p>\n<p>R: O sistema est\u00e1 em desenvolvimento e ser\u00e1 amplamente divulgado assim que a utiliza\u00e7\u00e3o for liberada.<\/p>\n<p><strong>91. A COBRAN\u00c7A DO IPVA SOBRE EMBARCA\u00c7\u00d5ES E AERONAVES \u00c9 INTEGRAL ?<br \/>(<span data-olk-copy-source=\"MessageBody\">Sem Efeito -Texto Revogado pela <a href=\"https:\/\/legisla.casacivil.go.gov.br\/pesquisa_legislacao\/110513\/lei-23287\">Lei 23.287\/25<\/a>)<\/span><br \/><\/strong><\/p>\n<p>R: Sim, mas excepcionalmente o valor a ser pago para o exerc\u00edcio de 2025 corresponder\u00e1 \u00e0 9\/12 (nove doze avos) do total, pois o fato gerador ocorre em 1\u00ba\/Abril para o exerc\u00edcio de 2025.<\/p>\n<h5><strong><a id=\"SOLICITAR BENEFICIOS\" name=\"SOLICITAR BENEFICIOS\"><\/a>COMO SOLICITAR ISEN\u00c7\u00c3O PARA PCD:<\/strong><\/h5>\n<p>92. <a href=\"https:\/\/goias.gov.br\/economia\/isencao-de-icms-e-ipva-autista-nao-condutor\/\">Como solicitar a isen\u00e7\u00e3o de ICMS\/IPVA para aquisi\u00e7\u00e3o de ve\u00edculo novo para portador\u00a0de Autismo\u00a0\u2013 n\u00e3o condutor?<\/a><\/p>\n<p>93. <a href=\"https:\/\/goias.gov.br\/economia\/isencao-de-icms-e-ipva-deficiente-fisico-condutor\/\">Como solicitar a\u00a0isen\u00e7\u00e3o\u00a0de\u00a0ICMS\/IPVA\u00a0para aquisi\u00e7\u00e3o\u00a0de\u00a0ve\u00edculo novo para portador\u00a0de\u00a0Defici\u00eancia F\u00edsica Condutor?<\/a><\/p>\n<p>94. <a href=\"https:\/\/goias.gov.br\/economia\/isencao-de-icms-e-ipva-deficiente-fisico-nao-condutor\/\">Como solicitar a isen\u00e7\u00e3o de ICMS\/IPVA para aquisi\u00e7\u00e3o de ve\u00edculo novo para portador de Defici\u00eancia F\u00edsica\u00a0 n\u00e3o condutor?<\/a><\/p>\n<p>95. <a href=\"https:\/\/goias.gov.br\/economia\/como-solicitar-a-isencao-de-ipva-para-veiculo-para-pessoa-portadora-de-deficiencia-mental-nao-condutor\/\">Como solicitar a isen\u00e7\u00e3o de ICMS\/IPVA para aquisi\u00e7\u00e3o de ve\u00edculo novo para portador de Defici\u00eancia Mental, n\u00e3o condutor?<\/a><\/p>\n<p>96.<a href=\"https:\/\/goias.gov.br\/economia\/isencao-de-ipva-deficiente-visual-nao-condutor\/\">Como solicitar a isen\u00e7\u00e3o de ICMS e IPVA para aquisi\u00e7\u00e3o de ve\u00edculo novo para portador de Defici\u00eancia Visual, n\u00e3o condutor?<\/a><\/p>\n<p>97. <a href=\"https:\/\/goias.gov.br\/economia\/como-solicitar-a-isencao-de-ipva-para-veiculo-de-pessoa-portadora-de-autismo-nao-condutor\/\">Como solicitar a isen\u00e7\u00e3o de IPVA para ve\u00edculo de pessoa portadora de Autismo \u2013 N\u00e3o Condutor?<\/a><\/p>\n<p>98. <a href=\"https:\/\/goias.gov.br\/economia\/como-solicitar-a-isencao-de-ipva-para-veiculo-de-pessoa-portadora-de-deficiencia-fisica-condutor\/\">Como solicitar a isen\u00e7\u00e3o de IPVA para ve\u00edculo de pessoa portadora de Defici\u00eancia F\u00edsica &#8211; Condutor?<\/a><\/p>\n<p>99. <a href=\"https:\/\/goias.gov.br\/economia\/como-solicitar-a-isencao-de-ipva-para-veiculo-de-portador-de-deficiencia-fisica\/\">Como solicitar a isen\u00e7\u00e3o de IPVA para ve\u00edculo de portador de Defici\u00eancia F\u00edsica &#8211; N\u00e3o Condutor?<\/a><\/p>\n<p>100. <a href=\"https:\/\/goias.gov.br\/economia\/como-solicitar-a-isencao-de-ipva-para-veiculo-para-pessoa-portadora-de-deficiencia-mental-nao-condutor\/\">Como solicitar a isen\u00e7\u00e3o de IPVA para ve\u00edculo para pessoa portadora de Defici\u00eancia Mental \u2013 N\u00e3o Condutor?<\/a><\/p>\n<p>101. <a href=\"https:\/\/goias.gov.br\/economia\/como-solicitar-a-isencao-de-ipva-para-veiculo-para-pessoa-portadora-de-deficiencia-visual\/\">Como solicitar a isen\u00e7\u00e3o de IPVA para ve\u00edculo para pessoa portadora de Defici\u00eancia Visual\u00a0\u2013 n\u00e3o condutor?<\/a><\/p>\n<p>102. <a href=\"https:\/\/goias.gov.br\/economia\/como-solicitar-a-isencao-de-icms-ipva-para-aquisicao-de-veiculo-novo-para-pessoa-com-a-sindrome-de-down-nao-condutor\/\">Como solicitar a isen\u00e7\u00e3o de ICMS\/IPVA para aquisi\u00e7\u00e3o de ve\u00edculo novo para pessoa com a S\u00edndrome de Down &#8211; N\u00e3o Condutor?<\/a><\/p>\n<p>103. <a href=\"https:\/\/goias.gov.br\/economia\/como-solicitar-a-isencao-de-ipva-para-veiculo-usado-da-pessoa-com-a-sindrome-de-down-nao-condutor\/\">Como solicitar a isen\u00e7\u00e3o de IPVA para ve\u00edculo usado da pessoa com a S\u00edndrome de Down &#8211; N\u00e3o Condutor?<\/a><\/p>\n<h5><a id=\"TRANS.PASSAGEIROS\" name=\"TRANS.PASSAGEIROS\"><\/a>COMO SOLICITAR ISEN\u00c7\u00c3O PARA TRANSPORTE DE PASSAGEIROS:<\/h5>\n<p>104. <a href=\"https:\/\/goias.gov.br\/economia\/como-solicitar-a-isencao-de-icms-ipva-para-veiculo-de-transporte-de-passageiro-taxi-pessoa-fisica\/\">Como solicitar a isen\u00e7\u00e3o de ICMS\/IPVA para ve\u00edculo de Transporte de Passageiro T\u00e1xi \u2013 Pessoa F\u00edsica?<\/a><\/p>\n<p>105. <a href=\"https:\/\/goias.gov.br\/economia\/como-solicitar-a-isencao-de-icms-ipva-para-veiculo-de-transporte-de-passageiro-taxi-pessoa-juridica\/\">Como solicitar a isen\u00e7\u00e3o de ICMS\/IPVA para ve\u00edculo de Transporte de Passageiro T\u00e1xi \u2013 Pessoa Jur\u00eddica?<\/a><\/p>\n<p>106. <a href=\"https:\/\/goias.gov.br\/economia\/como-solicitar-a-isencao-de-ipva-para-veiculo-de-transporte-de-passageiro-taxi-pessoa-fisica\/\">Como solicitar a isen\u00e7\u00e3o de IPVA para ve\u00edculo de Transporte de Passageiro T\u00e1xi \u2013 Pessoa F\u00edsica?<\/a><\/p>\n<p>107. <a href=\"https:\/\/goias.gov.br\/economia\/como-solicitar-a-isencao-de-ipva-para-veiculo-de-transporte-de-passageiro-taxi-pessoa-juridica\/\">Como solicitar a isen\u00e7\u00e3o de IPVA para ve\u00edculo de Transporte de Passageiro T\u00e1xi \u2013 Pessoa Jur\u00eddica?<\/a><\/p>\n<p>108. <a href=\"https:\/\/goias.gov.br\/economia\/como-solicitar-a-isencao-de-ipva-para-veiculo-de-transporte-de-passageiro-moto-taxi\/\">Como solicitar a isen\u00e7\u00e3o de IPVA para ve\u00edculo de Transporte de Passageiro Moto T\u00e1xi?<\/a><\/p>\n<p>109. <a href=\"https:\/\/goias.gov.br\/economia\/como-solicitar-a-isencao-de-ipva-para-veiculo-de-transporte-de-passageiro-ambulancia-pessoa-fisica\/\">Como solicitar a isen\u00e7\u00e3o de IPVA para ve\u00edculo de Transporte de passageiro Ambul\u00e2ncia \u2013 Pessoa F\u00edsica?<\/a><\/p>\n<p>110. <a href=\"https:\/\/goias.gov.br\/economia\/como-solicitar-a-isencao-de-ipva-para-veiculo-transporte-de-passageiro-ambulancia-pessoa-juridica\/\">Como solicitar a isen\u00e7\u00e3o de IPVA para ve\u00edculo Transporte de Passageiro Ambul\u00e2ncia \u2013 Pessoa Jur\u00eddica?<\/a><\/p>\n<p>111. <a href=\"https:\/\/goias.gov.br\/economia\/como-solicitar-a-isencao-de-ipva-para-veiculo-de-transporte-de-passageiro-turismo-pessoa-juridica\/\">Como solicitar a isen\u00e7\u00e3o de IPVA para ve\u00edculo de Transporte de Passageiro Turismo \u2013 Pessoa Jur\u00eddica?<\/a><\/p>\n<p>112. <a href=\"https:\/\/goias.gov.br\/economia\/como-solicitar-a-isencao-de-ipva-para-veiculo-de-transporte-de-passageiro-escolar-pessoa-fisica\/\">Como solicitar a isen\u00e7\u00e3o de IPVA para ve\u00edculo de Transporte de Passageiro Escolar \u2013 Pessoa F\u00edsica?<\/a><\/p>\n<p>113. <a href=\"https:\/\/goias.gov.br\/economia\/como-solicitar-a-isencao-de-ipva-para-veiculo-de-transporte-de-passageiro-escolar-pessoa-juridica\/\">Como solicitar a isen\u00e7\u00e3o de IPVA para ve\u00edculo de Transporte de Passageiro Escolar \u2013 Pessoa Jur\u00eddica?<\/a><\/p>\n<h5><a id=\"incidencia\" name=\"incidencia\"><\/a>COMO SOLICITAR N\u00c3O INCID\u00caNCIA DE IPVA:<\/h5>\n<p>114. <a href=\"https:\/\/goias.gov.br\/economia\/como-solicitar-a-nao-incidencia-de-ipva-para-entidade-sindical-de-trabalhador\/\" target=\"_blank\" rel=\"noopener\">Como solicitar a N\u00e3o Incid\u00eancia de IPVA para Entidade Sindical de Trabalhador?<\/a><\/p>\n<p>115. <a href=\"https:\/\/goias.gov.br\/economia\/como-solicitar-a-nao-incidencia-de-ipva-para-instituicao-de-educacao-ou-assistencia-social\/\">Como solicitar a N\u00e3o Incid\u00eancia de IPVA para Institui\u00e7\u00e3o de Educa\u00e7\u00e3o ou Assist\u00eancia Social?<\/a><\/p>\n<p>116. <a href=\"https:\/\/goias.gov.br\/economia\/como-solicitar-a-nao-incidencia-de-ipva-para-orgao-publico\/\">Como solicitar a N\u00e3o Incid\u00eancia de IPVA para \u00d3rg\u00e3o P\u00fablico?<\/a><\/p>\n<p>117. <a href=\"https:\/\/goias.gov.br\/economia\/como-solicitar-a-nao-incidencia-de-ipva-para-partido-politico\/\">Como solicitar a N\u00e3o Incid\u00eancia de IPVA para Partido Pol\u00edtico?<\/a><\/p>\n<p>118. <a href=\"https:\/\/goias.gov.br\/economia\/como-solicitar-a-nao-incidencia-de-ipva-para-templo-de-qualquer-culto\/\">Como solicitar a N\u00e3o Incid\u00eancia de IPVA para Templo de Qualquer Culto?<\/a><\/p>\n<h5><a id=\"OUTRO SERVICO\" name=\"OUTRO SERVICO\"><\/a>OUTROS SERVI\u00c7OS:<\/h5>\n<p>119. <a href=\"https:\/\/goias.gov.br\/economia\/como-solicitar-reducao-de-aliquota-de-ipva-para-empresa-locadora-de-veiculos\/\">Como solicitar Redu\u00e7\u00e3o de Al\u00edquota de IPVA para empresa Locadora de Ve\u00edculos?<\/a><\/p>\n<p>120. <a href=\"https:\/\/goias.gov.br\/economia\/como-solicitar-a-baixa-alteracao-de-isencao-ipva-para-veiculo-furtado-roubado\/\">Como solicitar a Baixa\/Altera\u00e7\u00e3o de Isen\u00e7\u00e3o IPVA para ve\u00edculo Furtado\/Roubado?<\/a><\/p>\n<p>121. <a href=\"https:\/\/goias.gov.br\/economia\/como-solicitar-o-cadastro-de-nota-fiscal-de-veiculo-importado\/\">Como solicitar o cadastro de Nota Fiscal de ve\u00edculo importado?<\/a><\/p>\n<p>122. <a href=\"https:\/\/goias.gov.br\/economia\/como-solicitar-o-encerramento-de-isencao-de-ipva-pessoa-fisica\/\">Como solicitar o Encerramento de Isen\u00e7\u00e3o de IPVA \u2013 Pessoa F\u00edsica?<\/a><\/p>\n<p>123. <a href=\"https:\/\/goias.gov.br\/economia\/como-solicitar-o-encerramento-de-isencao-de-ipva-pessoa-juridica\/\">Como solicitar o Encerramento de Isen\u00e7\u00e3o de IPVA Pessoa Jur\u00eddica?<\/a><\/p>\n<p>124. <a href=\"https:\/\/goias.gov.br\/economia\/como-solicitar-o-encerramento-de-nao-incidencia-de-ipva\/\">Como solicitar o Encerramento de N\u00e3o Incid\u00eancia de IPVA?<\/a><\/p>\n<p>125. <a href=\"https:\/\/goias.gov.br\/economia\/como-solicitar-o-pedido-de-revisao-de-lancamento-de-ipva-roubo-furto-alienacao-apreensao-sinistro-leilao-outros\/\">Como solicitar o Pedido de Revis\u00e3o de Lan\u00e7amento de IPVA \u2013 Base de C\u00e1lculo\/Roubo\/Furto; Aliena\u00e7\u00e3o\/Apreens\u00e3o\/Sinistro\/Leil\u00e3o\/Outros?<\/a><\/p>\n<p>126. <a href=\"https:\/\/goias.gov.br\/economia\/como-reclamar-a-nao-concessao-automatica-da-reducao-da-base-de-calculo-desconto-de-50\/\">Como reclamar a N\u00e3o Concess\u00e3o Autom\u00e1tica da Redu\u00e7\u00e3o da Base de C\u00e1lculo (desconto) de 50%?<\/a><\/p>\n<p>127. <a href=\"https:\/\/goias.gov.br\/economia\/como-solicitar-a-declaracao-de-inexistencia-de-debitos-de-icms-para-alienacao-antecipada-do-veiculo-adquirido-pelo-convenio-38-12-deficiente-fisico\/\">Como solicitar a Declara\u00e7\u00e3o de Inexist\u00eancia de D\u00e9bitos de ICMS para aliena\u00e7\u00e3o antecipada do ve\u00edculo adquirido pelo Conv\u00eanio 38\/12 \u2013 Deficiente F\u00edsico?<\/a><\/p>\n<p>128. <a href=\"https:\/\/goias.gov.br\/economia\/como-solicitar-a-declaracao-de-inexistencia-de-debitos-de-icms-para-alienacao-antecipada-do-veiculo-adquirido-pelo-convenio-64-06-produtor-rural-ou-qualquer-pessoa-juridica\/\">Como solicitar a Declara\u00e7\u00e3o de Inexist\u00eancia de D\u00e9bitos de ICMS para aliena\u00e7\u00e3o antecipada do ve\u00edculo adquirido pelo Conv\u00eanio 64\/06 \u2013 Produtor Rural ou Qualquer Pessoa Jur\u00eddica?<\/a><\/p>\n<p>129. <a href=\"https:\/\/goias.gov.br\/economia\/como-solicitar-a-declaracao-de-inexistencia-de-debitos-de-icms-para-alienacao-antecipada-do-veiculo-adquirido-pelo-convenio-38-01-pessoa-fisica-ou-juridica\/\">Como solicitar a Declara\u00e7\u00e3o de Inexist\u00eancia de D\u00e9bitos de ICMS para aliena\u00e7\u00e3o antecipada do ve\u00edculo adquirido pelo Conv\u00eanio 38\/01 \u2013 Pessoa F\u00edsica ou Jur\u00eddica?<\/a><\/p>\n<p>130. <a href=\"https:\/\/goias.gov.br\/economia\/como-solicitar-a-desoneracao-e-ou-desvinculacao-de-ipva-veiculo-leiloado\/\">Como solicitar a Desonera\u00e7\u00e3o e\/ou Desvincula\u00e7\u00e3o de IPVA Ve\u00edculo Leiloado?<\/a><\/p>\n<p>131. <a href=\"https:\/\/goias.gov.br\/economia\/como-solicitar-o-cadastro-de-nota-fiscal-de-veiculo-doado-para-orgao-publico\/\">Como solicitar o cadastro de Nota Fiscal de ve\u00edculo doado para \u00d3rg\u00e3o P\u00fablico?<\/a><\/p>\n<p>132. <a href=\"https:\/\/goias.gov.br\/economia\/como-atender-uma-notificacao-fiscal-da-gerencia-do-ipva-gipva\/\">Como Atender uma Notifica\u00e7\u00e3o Fiscal da Ger\u00eancia do IPVA (GIPVA)?<\/a><\/p>\n<p>133. <a href=\"https:\/\/goias.gov.br\/economia\/denuncia-espontanea-do-ipva-veiculo-outra-uf\/\">Den\u00fancia Espont\u00e2nea do IPVA \u2013 Ve\u00edculo outra UF?<\/a><\/p>\n<p>134. <a href=\"https:\/\/goias.gov.br\/economia\/como-solicitar-isencao-do-primeiro-ano-cadin-indevido\/\">Como Solicitar Isen\u00e7\u00e3o do Primeiro Ano &#8211; CADIN Indevido<\/a><\/p>\n\n\n<p><\/p>\n","protected":false},"excerpt":{"rendered":"<p>Esta se\u00e7\u00e3o de ajuda n\u00e3o substitui a publica\u00e7\u00e3o da norma no Di\u00e1rio Oficial. \u00a0 Navegue pelos temas: INFORMA\u00c7\u00d5ES GERAIS\u00a0 PAGAMENTO\u00a0 COMPRA E VENDA\u00a0 AQU\u00c1TICOS E A\u00c9REOS \/ EMBARCA\u00c7\u00d5ES E AERONAVES D\u00cdVIDA ATIVA ISEN\u00c7\u00c3O BENEF\u00cdCIOS COMO SOLICITAR ISEN\u00c7\u00c3O PARA PCD COMO SOLICITAR ISEN\u00c7\u00c3O PARA TRANSPORTE DE PASSAGEIROS COMO SOLICITAR N\u00c3O INCID\u00caNCIA DE IPVA OUTROS SERVI\u00c7OS INFORMA\u00c7\u00d5ES [&hellip;]<\/p>\n","protected":false},"author":1019,"featured_media":32250,"comment_status":"closed","ping_status":"open","sticky":false,"template":"","format":"standard","meta":{"footnotes":""},"categories":[176],"tags":[],"class_list":["post-32263","post","type-post","status-publish","format-standard","has-post-thumbnail","hentry","category-ipva"],"rttpg_featured_image_url":{"full":["https:\/\/goias.gov.br\/economia\/wp-content\/uploads\/sites\/45\/2020\/11\/BANNER-CHAT-BOOT-ALICE-5cc.png",283,182,false],"landscape":["https:\/\/goias.gov.br\/economia\/wp-content\/uploads\/sites\/45\/2020\/11\/BANNER-CHAT-BOOT-ALICE-5cc.png",283,182,false],"portraits":["https:\/\/goias.gov.br\/economia\/wp-content\/uploads\/sites\/45\/2020\/11\/BANNER-CHAT-BOOT-ALICE-5cc.png",283,182,false],"thumbnail":["https:\/\/goias.gov.br\/economia\/wp-content\/uploads\/sites\/45\/2020\/11\/BANNER-CHAT-BOOT-ALICE-5cc-150x150.png",150,150,true],"medium":["https:\/\/goias.gov.br\/economia\/wp-content\/uploads\/sites\/45\/2020\/11\/BANNER-CHAT-BOOT-ALICE-5cc.png",283,182,false],"large":["https:\/\/goias.gov.br\/economia\/wp-content\/uploads\/sites\/45\/2020\/11\/BANNER-CHAT-BOOT-ALICE-5cc.png",283,182,false],"1536x1536":["https:\/\/goias.gov.br\/economia\/wp-content\/uploads\/sites\/45\/2020\/11\/BANNER-CHAT-BOOT-ALICE-5cc.png",283,182,false],"2048x2048":["https:\/\/goias.gov.br\/economia\/wp-content\/uploads\/sites\/45\/2020\/11\/BANNER-CHAT-BOOT-ALICE-5cc.png",283,182,false]},"rttpg_author":{"display_name":"","author_link":"https:\/\/goias.gov.br\/economia\/author\/"},"rttpg_comment":0,"rttpg_category":"<a href=\"https:\/\/goias.gov.br\/economia\/categoria\/receita-estadual\/ipva\/\" rel=\"category tag\">IPVA<\/a>","rttpg_excerpt":"Esta se\u00e7\u00e3o de ajuda n\u00e3o substitui a publica\u00e7\u00e3o da norma no Di\u00e1rio Oficial. \u00a0 Navegue pelos temas: INFORMA\u00c7\u00d5ES GERAIS\u00a0 PAGAMENTO\u00a0 COMPRA E VENDA\u00a0 AQU\u00c1TICOS E A\u00c9REOS \/ EMBARCA\u00c7\u00d5ES E AERONAVES D\u00cdVIDA ATIVA ISEN\u00c7\u00c3O BENEF\u00cdCIOS COMO SOLICITAR ISEN\u00c7\u00c3O PARA PCD COMO SOLICITAR ISEN\u00c7\u00c3O PARA TRANSPORTE DE PASSAGEIROS COMO SOLICITAR N\u00c3O INCID\u00caNCIA DE IPVA OUTROS SERVI\u00c7OS INFORMA\u00c7\u00d5ES&hellip;","_links":{"self":[{"href":"https:\/\/goias.gov.br\/economia\/wp-json\/wp\/v2\/posts\/32263","targetHints":{"allow":["GET"]}}],"collection":[{"href":"https:\/\/goias.gov.br\/economia\/wp-json\/wp\/v2\/posts"}],"about":[{"href":"https:\/\/goias.gov.br\/economia\/wp-json\/wp\/v2\/types\/post"}],"author":[{"embeddable":true,"href":"https:\/\/goias.gov.br\/economia\/wp-json\/wp\/v2\/users\/1019"}],"replies":[{"embeddable":true,"href":"https:\/\/goias.gov.br\/economia\/wp-json\/wp\/v2\/comments?post=32263"}],"version-history":[{"count":2,"href":"https:\/\/goias.gov.br\/economia\/wp-json\/wp\/v2\/posts\/32263\/revisions"}],"predecessor-version":[{"id":447950,"href":"https:\/\/goias.gov.br\/economia\/wp-json\/wp\/v2\/posts\/32263\/revisions\/447950"}],"wp:featuredmedia":[{"embeddable":true,"href":"https:\/\/goias.gov.br\/economia\/wp-json\/wp\/v2\/media\/32250"}],"wp:attachment":[{"href":"https:\/\/goias.gov.br\/economia\/wp-json\/wp\/v2\/media?parent=32263"}],"wp:term":[{"taxonomy":"category","embeddable":true,"href":"https:\/\/goias.gov.br\/economia\/wp-json\/wp\/v2\/categories?post=32263"},{"taxonomy":"post_tag","embeddable":true,"href":"https:\/\/goias.gov.br\/economia\/wp-json\/wp\/v2\/tags?post=32263"}],"curies":[{"name":"wp","href":"https:\/\/api.w.org\/{rel}","templated":true}]}}