

{"id":30421,"date":"2019-08-23T18:38:24","date_gmt":"2019-08-23T21:38:24","guid":{"rendered":"https:\/\/siteshom.goias.gov.br\/economia\/doze-projetos-goianos-concorrem-ao-premio-nacional-de-educacao-fiscal\/"},"modified":"2019-08-23T18:38:24","modified_gmt":"2019-08-23T21:38:24","slug":"doze-projetos-goianos-concorrem-ao-premio-nacional-de-educacao-fiscal","status":"publish","type":"post","link":"https:\/\/goias.gov.br\/economia\/doze-projetos-goianos-concorrem-ao-premio-nacional-de-educacao-fiscal\/","title":{"rendered":"Doze projetos goianos concorrem ao pr\u00eamio nacional de Educa\u00e7\u00e3o Fiscal"},"content":{"rendered":"<p>A edi&ccedil;&atilde;o de 2019 do Pr&ecirc;mio Nacional de Educa&ccedil;&atilde;o Fiscal, promovido por federa&ccedil;&atilde;o que re&uacute;ne associa&ccedil;&otilde;es de fiscais de todo o Brasil (Febrafite), recebeu 12 trabalhos realizados em Goi&aacute;s como candidatos nas categorias &quot;Escolas&quot; e &quot;Institui&ccedil;&otilde;es&quot;. As categorias &quot;Imprensa&quot; e &quot;Tecnologia&quot; est&atilde;o com as inscri&ccedil;&otilde;es abertas at&eacute; o dia 10 de outubro.&nbsp;<\/p>\n<p>Temas relacionados a ICMS Ecol&oacute;gico, preserva&ccedil;&atilde;o do patrim&ocirc;nio p&uacute;blico e rela&ccedil;&atilde;o entre consci&ecirc;ncia fiscal e empreendedorismo, foram trabalhados em projetos de nove escolas de&nbsp;An&aacute;polis, Caldas Novas, Formosa, Jata&iacute; e Rio Verde.&nbsp;Na categoria &quot;Institui&ccedil;&otilde;es&quot;, tr&ecirc;s projetos, respectivamente, da Universidade Estadual de Goi&aacute;s, Prefeitura Municipal de An&aacute;polis e Secretaria Municipal de Educa&ccedil;&atilde;o de An&aacute;polis s&atilde;o candidatos ao pr&ecirc;mio.<\/p>\n<p>Segundo o coordenador do Programa de Educa&ccedil;&atilde;o Fiscal em Goi&aacute;s, Jos&eacute; Humberto Corr&ecirc;a de Miranda, os trabalhos coordenados pela Secretaria da Economia t&ecirc;m sensibilizado v&aacute;rias institui&ccedil;&otilde;es de maneira permanente. Ele lembra que o col&eacute;gio Nest&oacute;rio Ribeiro, de Jata&iacute;, que venceu o pr&ecirc;mio em 2016, participa como candidato em 2019 pelo 5&ordm; ano consecutivo, com o projeto &quot;Educa&ccedil;&atilde;o Fiscal: Uma discuss&atilde;o permanente&quot;.<\/p>\n<p>Os pr&ecirc;mios ser&atilde;o entregues no dia 28 de novembro, em S&atilde;o Paulo. A campanha das inscri&ccedil;&otilde;es deste ano tem como patrono, o cartunista, empres&aacute;rio e escritor Maur&iacute;cio de Sousa.<\/p>\n<h2>Imprensa e Tecnologia<\/h2>\n<p>Jornalistas e pessoas interessadas em tecnologia ainda podem se inscrever ao pr&ecirc;mio nacional, pelo site <a href=\"https:\/\/www.premioeducacaofiscal.org.br\">https:\/\/www.premioeducacaofiscal.org.br<\/a>. O objetivo da premia&ccedil;&atilde;o na categoria &ldquo;Imprensa&rdquo; &eacute; incentivar reportagens que tratam de temas como atua&ccedil;&atilde;o do fisco no Estado Brasileiro, combate &agrave; sonega&ccedil;&atilde;o e corrup&ccedil;&atilde;o fiscal, import&acirc;ncia da nota e do cupom fiscal, acompanhamento das contas p&uacute;blicas, controle social, transpar&ecirc;ncia e qualidade dos gastos p&uacute;blicos, preserva&ccedil;&atilde;o do patrim&ocirc;nio p&uacute;blico, entre outros.&nbsp;<\/p>\n<p>A categoria &ldquo;Tecnologia&rdquo; &eacute; destinada a amadores, profissionais e organiza&ccedil;&otilde;es da iniciativa p&uacute;blica, privada ou do 3&ordm; setor, que desenvolvam aplicativos, jogos e programas para computadores ou dispositivos m&oacute;veis, relacionados &agrave; educa&ccedil;&atilde;o fiscal.<\/p>\n<p><strong>Comunica&ccedil;&atilde;o Setorial &ndash; Economia\/GO<\/strong><\/p>\n","protected":false},"excerpt":{"rendered":"<p>A edi&ccedil;&atilde;o de 2019 do Pr&ecirc;mio Nacional de Educa&ccedil;&atilde;o Fiscal, promovido por federa&ccedil;&atilde;o que re&uacute;ne associa&ccedil;&otilde;es de fiscais de todo o Brasil (Febrafite), recebeu 12 trabalhos realizados em Goi&aacute;s como candidatos nas categorias &quot;Escolas&quot; e &quot;Institui&ccedil;&otilde;es&quot;. As categorias &quot;Imprensa&quot; e &quot;Tecnologia&quot; est&atilde;o com as inscri&ccedil;&otilde;es abertas at&eacute; o dia 10 de outubro.&nbsp; Temas relacionados a [&hellip;]<\/p>\n","protected":false},"author":46,"featured_media":0,"comment_status":"closed","ping_status":"open","sticky":false,"template":"","format":"standard","meta":{"footnotes":""},"categories":[118],"tags":[194],"class_list":["post-30421","post","type-post","status-publish","format-standard","hentry","category-noticias","tag-despublicadas-periodo-eleitoral"],"rttpg_featured_image_url":null,"rttpg_author":{"display_name":"cleybetsls","author_link":"https:\/\/goias.gov.br\/economia\/author\/cleybetsls\/"},"rttpg_comment":0,"rttpg_category":"<a href=\"https:\/\/goias.gov.br\/economia\/categoria\/noticias\/\" rel=\"category tag\">Not\u00edcias<\/a>","rttpg_excerpt":"A edi&ccedil;&atilde;o de 2019 do Pr&ecirc;mio Nacional de Educa&ccedil;&atilde;o Fiscal, promovido por federa&ccedil;&atilde;o que re&uacute;ne associa&ccedil;&otilde;es de fiscais de todo o Brasil (Febrafite), recebeu 12 trabalhos realizados em Goi&aacute;s como candidatos nas categorias &quot;Escolas&quot; e &quot;Institui&ccedil;&otilde;es&quot;. As categorias &quot;Imprensa&quot; e &quot;Tecnologia&quot; est&atilde;o com as inscri&ccedil;&otilde;es abertas at&eacute; o dia 10 de outubro.&nbsp; Temas relacionados a&hellip;","_links":{"self":[{"href":"https:\/\/goias.gov.br\/economia\/wp-json\/wp\/v2\/posts\/30421","targetHints":{"allow":["GET"]}}],"collection":[{"href":"https:\/\/goias.gov.br\/economia\/wp-json\/wp\/v2\/posts"}],"about":[{"href":"https:\/\/goias.gov.br\/economia\/wp-json\/wp\/v2\/types\/post"}],"author":[{"embeddable":true,"href":"https:\/\/goias.gov.br\/economia\/wp-json\/wp\/v2\/users\/46"}],"replies":[{"embeddable":true,"href":"https:\/\/goias.gov.br\/economia\/wp-json\/wp\/v2\/comments?post=30421"}],"version-history":[{"count":0,"href":"https:\/\/goias.gov.br\/economia\/wp-json\/wp\/v2\/posts\/30421\/revisions"}],"wp:attachment":[{"href":"https:\/\/goias.gov.br\/economia\/wp-json\/wp\/v2\/media?parent=30421"}],"wp:term":[{"taxonomy":"category","embeddable":true,"href":"https:\/\/goias.gov.br\/economia\/wp-json\/wp\/v2\/categories?post=30421"},{"taxonomy":"post_tag","embeddable":true,"href":"https:\/\/goias.gov.br\/economia\/wp-json\/wp\/v2\/tags?post=30421"}],"curies":[{"name":"wp","href":"https:\/\/api.w.org\/{rel}","templated":true}]}}