

{"id":236874,"date":"2025-03-07T15:19:20","date_gmt":"2025-03-07T18:19:20","guid":{"rendered":"https:\/\/goias.gov.br\/economia\/?p=236874"},"modified":"2025-03-07T15:24:45","modified_gmt":"2025-03-07T18:24:45","slug":"drf-de-anapolis-esta-sem-energia-eletrica","status":"publish","type":"post","link":"https:\/\/goias.gov.br\/economia\/drf-de-anapolis-esta-sem-energia-eletrica\/","title":{"rendered":"DRF de An\u00e1polis est\u00e1 sem energia el\u00e9trica"},"content":{"rendered":"\n<p>A Delegacia Regional de Fiscaliza\u00e7\u00e3o (DRF) de An\u00e1polis (GO) comunica nesta sexta-feira, 7\/3, que a unidade est\u00e1 sem energia el\u00e9trica. N\u00e3o h\u00e1 previs\u00e3o de restabelecimento do servi\u00e7o.<\/p>\n\n\n\n<p>Secretaria da Economia &#8211; Governo de Goi\u00e1s<\/p>\n","protected":false},"excerpt":{"rendered":"<p>A Delegacia Regional de Fiscaliza\u00e7\u00e3o (DRF) de An\u00e1polis (GO) comunica nesta sexta-feira, 7\/3, que a unidade est\u00e1 sem energia el\u00e9trica. N\u00e3o h\u00e1 previs\u00e3o de restabelecimento do servi\u00e7o. Secretaria da Economia &#8211; Governo de Goi\u00e1s<\/p>\n","protected":false},"author":368,"featured_media":0,"comment_status":"closed","ping_status":"open","sticky":false,"template":"","format":"standard","meta":{"footnotes":""},"categories":[239],"tags":[240],"class_list":["post-236874","post","type-post","status-publish","format-standard","hentry","category-aviso","tag-aviso"],"rttpg_featured_image_url":null,"rttpg_author":{"display_name":"fernandadeoliveira","author_link":"https:\/\/goias.gov.br\/economia\/author\/fernandadeoliveira\/"},"rttpg_comment":0,"rttpg_category":"<a href=\"https:\/\/goias.gov.br\/economia\/categoria\/avisos\/aviso\/\" rel=\"category tag\">Aviso<\/a>","rttpg_excerpt":"A Delegacia Regional de Fiscaliza\u00e7\u00e3o (DRF) de An\u00e1polis (GO) comunica nesta sexta-feira, 7\/3, que a unidade est\u00e1 sem energia el\u00e9trica. N\u00e3o h\u00e1 previs\u00e3o de restabelecimento do servi\u00e7o. Secretaria da Economia &#8211; Governo de Goi\u00e1s","_links":{"self":[{"href":"https:\/\/goias.gov.br\/economia\/wp-json\/wp\/v2\/posts\/236874","targetHints":{"allow":["GET"]}}],"collection":[{"href":"https:\/\/goias.gov.br\/economia\/wp-json\/wp\/v2\/posts"}],"about":[{"href":"https:\/\/goias.gov.br\/economia\/wp-json\/wp\/v2\/types\/post"}],"author":[{"embeddable":true,"href":"https:\/\/goias.gov.br\/economia\/wp-json\/wp\/v2\/users\/368"}],"replies":[{"embeddable":true,"href":"https:\/\/goias.gov.br\/economia\/wp-json\/wp\/v2\/comments?post=236874"}],"version-history":[{"count":2,"href":"https:\/\/goias.gov.br\/economia\/wp-json\/wp\/v2\/posts\/236874\/revisions"}],"predecessor-version":[{"id":236877,"href":"https:\/\/goias.gov.br\/economia\/wp-json\/wp\/v2\/posts\/236874\/revisions\/236877"}],"wp:attachment":[{"href":"https:\/\/goias.gov.br\/economia\/wp-json\/wp\/v2\/media?parent=236874"}],"wp:term":[{"taxonomy":"category","embeddable":true,"href":"https:\/\/goias.gov.br\/economia\/wp-json\/wp\/v2\/categories?post=236874"},{"taxonomy":"post_tag","embeddable":true,"href":"https:\/\/goias.gov.br\/economia\/wp-json\/wp\/v2\/tags?post=236874"}],"curies":[{"name":"wp","href":"https:\/\/api.w.org\/{rel}","templated":true}]}}