

{"id":23542,"date":"2013-09-25T08:09:42","date_gmt":"2013-09-25T11:09:42","guid":{"rendered":"https:\/\/siteshom.goias.gov.br\/economia\/adesao-ao-recuperar-comeca-ate-segunda\/"},"modified":"2013-09-25T08:09:42","modified_gmt":"2013-09-25T11:09:42","slug":"adesao-ao-recuperar-comeca-ate-segunda","status":"publish","type":"post","link":"https:\/\/goias.gov.br\/economia\/adesao-ao-recuperar-comeca-ate-segunda\/","title":{"rendered":"Ades\u00e3o ao Recuperar come\u00e7a at\u00e9 segunda"},"content":{"rendered":"<p><!DOCTYPE html PUBLIC \"-\/\/W3C\/\/DTD HTML 4.0 Transitional\/\/EN\" \"https:\/\/www.w3.org\/TR\/REC-html40\/loose.dtd\"><br \/>\n<html><body><\/p>\n<p>A Secretaria da Fazenda inicia at&eacute; segunda-feira (30) a ades&atilde;o ao Programa de Recupera&ccedil;&atilde;o de Cr&eacute;ditos da Fazenda P&uacute;blica Estadual (Recuperar) para contribuintes em d&eacute;bito de ICMS, IPVA e ITCD. A lei que cria o programa j&aacute; foi sancionada pelo governador Marconi Perillo e aguarda publica&ccedil;&atilde;o no Di&aacute;rio Oficial do Estado. O an&uacute;ncio foi feito hoje (26) pelo secret&aacute;rio da Fazenda, Jos&eacute; Taveira, em entrevista coletiva &agrave; imprensa, no complexo fazend&aacute;rio. O maior desconto, que isenta o pagamento de juros e multas, ser&aacute; concedido &agrave;queles que pagarem a d&iacute;vida &agrave; vista at&eacute; 11 de outubro.<\/p>\n<p>O secret&aacute;rio Jos&eacute; Taveira disse que a expectativa &eacute; arrecadar R$ 160 milh&otilde;es at&eacute; o final deste ano, mas apenas 40% ficam no Tesouro estadual ap&oacute;s partilha com as vincula&ccedil;&otilde;es constitucionais.&ldquo;O Recuperar tem efeitos positivos nos munic&iacute;pios pois eles tamb&eacute;m maximizam suas receitas&rdquo;, declarou Taveira. Afinal, os munic&iacute;pios recebem 25% do ICMS e 50% do IPVA.<\/p>\n<p>Taveira disse metaforicamente que o governo estadual tem duas gavetas: uma para investimento, que &eacute; farta, resultado de empr&eacute;stimos de institui&ccedil;&otilde;es financeiras como Banco do Brasil, Caixa Econ&ocirc;mica, BNDES e BID e que s&oacute; podem ser usados para obras. A outra gaveta, que &eacute; a de custeio da m&aacute;quina administrativa, usada para pagamento da folha do funcionalismo e d&iacute;vida, por exemplo, precisa de refor&ccedil;os.&nbsp; E o Recuperar &eacute; uma das medidas adotadas para incrementar esse caixa. Segundo Taveira, 90% da arrecada&ccedil;&atilde;o s&atilde;o consumidos pela folha de pagamento do funcionalismo e para o servi&ccedil;o da d&iacute;vida, contra&iacute;da ao longo de d&eacute;cadas.&nbsp;<br \/>&nbsp; <br \/><strong>Vantagens &#8211;<\/strong> A Sefaz estima que o programa pode beneficiar cerca de 190 mil contribuintes, sendo 30 mil devedores de ICMS, 157 mil devedores de IPVA e 1.100 de ITCD. O fato gerador do tributo deve ter ocorrido at&eacute; 31 de julho de 2013. O programa alcan&ccedil;a tamb&eacute;m aqueles inscritos na d&iacute;vida ativa e em execu&ccedil;&atilde;o fiscal.<\/p>\n<p>A maior vantagem oferecida pelo programa &eacute; para aquele contribuinte que pagar a d&iacute;vida, &agrave; vista at&eacute; 11 de outubro, situa&ccedil;&atilde;o em que a Sefaz oferece desconto de 100% dos juros e multas, 50% da corre&ccedil;&atilde;o monet&aacute;ria e 97% das multas formais. Multas formais s&atilde;o aquelas ocorridas pelo n&atilde;o cumprimento de uma obriga&ccedil;&atilde;o acess&oacute;ria, como por exemplo, a entrega de arquivos digitais, com a Escritura&ccedil;&atilde;o Fiscal Digital (EFD) e o Sintegra.&nbsp;<\/p>\n<p>O contribuinte tamb&eacute;m pode optar pelo pagamento da d&iacute;vida, &agrave; vista, at&eacute; 31 de outubro com descontos de 97% dos juros e multas, 45% da corre&ccedil;&atilde;o monet&aacute;ria e 96% das multas formais. Descontos superiores a 90% tamb&eacute;m s&atilde;o oferecidos aos contribuintes que pagarem &agrave; vista at&eacute; 20 de dezembro de 2013. (veja tabela abaixo com descontos e forma de pagamento).<\/p>\n<p>A d&iacute;vida pode ser parcelada em at&eacute; 60 vezes e os descontos decrescem &agrave; medida que o n&uacute;mero de parcelas aumenta. Em duas parcelas, o desconto para juros e multas &eacute; de 90% e em 60 vezes cai para 40%. (veja tabela abaixo). O valor m&iacute;nimo das parcelas de d&iacute;vidas de ICMS e de ITCD ser&aacute; de R$ 300,00. A parcela m&iacute;nima do IPVA ser&aacute; de R$ 100,00. A ades&atilde;o poder&aacute; ser feita nas Delegacias Regionais de Fiscaliza&ccedil;&atilde;o, no complexo fazend&aacute;rio e pelo site da Secretaria da Fazenda.<\/p>\n<p>Comunica&ccedil;&atilde;o Setorial &#8211; Sefaz<\/p>\n<p><img decoding=\"async\" title=\"\" src=\"https:\/\/goias.gov.br\/economia\/wp-content\/uploads\/sites\/45\/2013\/09\/recuperarnovo-b8a.jpg\" alt=\"\">&nbsp;<\/p>\n<p><\/p>\n<p>&nbsp;<\/p>\n<table style=\"width: 100%; height: 100%;\" border=\"0\">\n<tbody>\n<tr>\n<td style=\"width: 25%; height: 25%;\">&nbsp;<\/td>\n<td style=\"width: 25%; height: 25%;\"><img fetchpriority=\"high\" decoding=\"async\" src=\"https:\/\/goias.gov.br\/economia\/wp-content\/uploads\/sites\/45\/2013\/09\/273edit1-56a.jpg\" alt=\"\" width=\"350\" height=\"233\"><\/td>\n<td style=\"width: 25%; height: 25%;\"><img decoding=\"async\" src=\"https:\/\/goias.gov.br\/economia\/wp-content\/uploads\/sites\/45\/2013\/09\/295edit1-09c.jpg\" alt=\"\" width=\"350\" height=\"233\"><\/td>\n<td style=\"width: 25%; height: 25%;\">&nbsp;<\/td>\n<\/tr>\n<\/tbody>\n<\/table>\n<p><\/body><\/html><\/p>\n","protected":false},"excerpt":{"rendered":"<p>A Secretaria da Fazenda inicia at&eacute; segunda-feira (30) a ades&atilde;o ao Programa de Recupera&ccedil;&atilde;o de Cr&eacute;ditos da Fazenda P&uacute;blica Estadual (Recuperar) para contribuintes em d&eacute;bito de ICMS, IPVA e ITCD. A lei que cria o programa j&aacute; foi sancionada pelo governador Marconi Perillo e aguarda publica&ccedil;&atilde;o no Di&aacute;rio Oficial do Estado. O an&uacute;ncio foi feito [&hellip;]<\/p>\n","protected":false},"author":1,"featured_media":23539,"comment_status":"closed","ping_status":"open","sticky":false,"template":"","format":"standard","meta":{"footnotes":""},"categories":[118],"tags":[194],"class_list":["post-23542","post","type-post","status-publish","format-standard","has-post-thumbnail","hentry","category-noticias","tag-despublicadas-periodo-eleitoral"],"rttpg_featured_image_url":{"full":["https:\/\/goias.gov.br\/economia\/wp-content\/uploads\/sites\/45\/2013\/09\/recuperarnovo-b8a.jpg",788,312,false],"landscape":["https:\/\/goias.gov.br\/economia\/wp-content\/uploads\/sites\/45\/2013\/09\/recuperarnovo-b8a.jpg",788,312,false],"portraits":["https:\/\/goias.gov.br\/economia\/wp-content\/uploads\/sites\/45\/2013\/09\/recuperarnovo-b8a.jpg",788,312,false],"thumbnail":["https:\/\/goias.gov.br\/economia\/wp-content\/uploads\/sites\/45\/2013\/09\/recuperarnovo-b8a-150x150.jpg",150,150,true],"medium":["https:\/\/goias.gov.br\/economia\/wp-content\/uploads\/sites\/45\/2013\/09\/recuperarnovo-b8a-300x119.jpg",300,119,true],"large":["https:\/\/goias.gov.br\/economia\/wp-content\/uploads\/sites\/45\/2013\/09\/recuperarnovo-b8a.jpg",788,312,false],"1536x1536":["https:\/\/goias.gov.br\/economia\/wp-content\/uploads\/sites\/45\/2013\/09\/recuperarnovo-b8a.jpg",788,312,false],"2048x2048":["https:\/\/goias.gov.br\/economia\/wp-content\/uploads\/sites\/45\/2013\/09\/recuperarnovo-b8a.jpg",788,312,false]},"rttpg_author":{"display_name":"wagner.viana","author_link":"https:\/\/goias.gov.br\/economia\/author\/wagner-viana\/"},"rttpg_comment":0,"rttpg_category":"<a href=\"https:\/\/goias.gov.br\/economia\/categoria\/noticias\/\" rel=\"category tag\">Not\u00edcias<\/a>","rttpg_excerpt":"A Secretaria da Fazenda inicia at&eacute; segunda-feira (30) a ades&atilde;o ao Programa de Recupera&ccedil;&atilde;o de Cr&eacute;ditos da Fazenda P&uacute;blica Estadual (Recuperar) para contribuintes em d&eacute;bito de ICMS, IPVA e ITCD. A lei que cria o programa j&aacute; foi sancionada pelo governador Marconi Perillo e aguarda publica&ccedil;&atilde;o no Di&aacute;rio Oficial do Estado. O an&uacute;ncio foi feito&hellip;","_links":{"self":[{"href":"https:\/\/goias.gov.br\/economia\/wp-json\/wp\/v2\/posts\/23542","targetHints":{"allow":["GET"]}}],"collection":[{"href":"https:\/\/goias.gov.br\/economia\/wp-json\/wp\/v2\/posts"}],"about":[{"href":"https:\/\/goias.gov.br\/economia\/wp-json\/wp\/v2\/types\/post"}],"author":[{"embeddable":true,"href":"https:\/\/goias.gov.br\/economia\/wp-json\/wp\/v2\/users\/1"}],"replies":[{"embeddable":true,"href":"https:\/\/goias.gov.br\/economia\/wp-json\/wp\/v2\/comments?post=23542"}],"version-history":[{"count":0,"href":"https:\/\/goias.gov.br\/economia\/wp-json\/wp\/v2\/posts\/23542\/revisions"}],"wp:featuredmedia":[{"embeddable":true,"href":"https:\/\/goias.gov.br\/economia\/wp-json\/wp\/v2\/media\/23539"}],"wp:attachment":[{"href":"https:\/\/goias.gov.br\/economia\/wp-json\/wp\/v2\/media?parent=23542"}],"wp:term":[{"taxonomy":"category","embeddable":true,"href":"https:\/\/goias.gov.br\/economia\/wp-json\/wp\/v2\/categories?post=23542"},{"taxonomy":"post_tag","embeddable":true,"href":"https:\/\/goias.gov.br\/economia\/wp-json\/wp\/v2\/tags?post=23542"}],"curies":[{"name":"wp","href":"https:\/\/api.w.org\/{rel}","templated":true}]}}