

{"id":23065,"date":"2014-02-19T12:02:26","date_gmt":"2014-02-19T15:02:26","guid":{"rendered":"https:\/\/siteshom.goias.gov.br\/economia\/brasilia-sedia-reuniao-nacional-de-educacao-fiscal\/"},"modified":"2014-02-19T12:02:26","modified_gmt":"2014-02-19T15:02:26","slug":"brasilia-sedia-reuniao-nacional-de-educacao-fiscal","status":"publish","type":"post","link":"https:\/\/goias.gov.br\/economia\/brasilia-sedia-reuniao-nacional-de-educacao-fiscal\/","title":{"rendered":"Bras\u00edlia sedia reuni\u00e3o nacional de Educa\u00e7\u00e3o Fiscal"},"content":{"rendered":"<p><!DOCTYPE html PUBLIC \"-\/\/W3C\/\/DTD HTML 4.0 Transitional\/\/EN\" \"https:\/\/www.w3.org\/TR\/REC-html40\/loose.dtd\"><br \/>\n<html><body><\/p>\n<p>O Grupo Estadual de Educa&ccedil;&atilde;o Fiscal (GEFE-GO) participa nesta quinta e sexta-feira (20 e 21) da 55&ordf; Reuni&atilde;o dos Grupos Estaduais de Educa&ccedil;&atilde;o Fiscal. O evento ser&aacute; realizado na Escola de Administra&ccedil;&atilde;o Fazend&aacute;ria &#8211; ESAF, em Bras&iacute;lia. O coordenador do GEFE-GO, Jos&eacute; Humberto Corr&ecirc;a de Miranda, estar&aacute; representando Goi&aacute;s e tamb&eacute;m como membro do Comit&ecirc; Nacional de Planejamento Estrat&eacute;gico. Na oportunidade, ele ir&aacute; falar sobre as a&ccedil;&otilde;es do grupo goiano, destacando as &uacute;ltimas iniciativas, entre as quais est&atilde;o: capacita&ccedil;&atilde;o de estudantes do ensino superior e as novas parcerias com entidades de classe, a exemplo da Comiss&atilde;o Tribut&aacute;ria da OAB-GO.<\/p>\n<p>A programa&ccedil;&atilde;o do evento prev&ecirc; ainda palestras de gestores do Minist&eacute;rio da Educa&ccedil;&atilde;o, sobre o Programa Mais Educa&ccedil;&atilde;o, e da Controladoria-Geral da Uni&atilde;o, sobre o Portal da Transpar&ecirc;ncia, al&eacute;m de delibera&ccedil;&otilde;es do comit&ecirc; executivo sobre o plano estrat&eacute;gico do Grupo de Educa&ccedil;&atilde;o Fiscal Nacional.<\/p>\n<p>Comunica&ccedil;&atilde;o Setorial &ndash; Sefaz<\/p>\n<p><\/body><\/html><\/p>\n","protected":false},"excerpt":{"rendered":"<p>O Grupo Estadual de Educa&ccedil;&atilde;o Fiscal (GEFE-GO) participa nesta quinta e sexta-feira (20 e 21) da 55&ordf; Reuni&atilde;o dos Grupos Estaduais de Educa&ccedil;&atilde;o Fiscal. O evento ser&aacute; realizado na Escola de Administra&ccedil;&atilde;o Fazend&aacute;ria &#8211; ESAF, em Bras&iacute;lia. O coordenador do GEFE-GO, Jos&eacute; Humberto Corr&ecirc;a de Miranda, estar&aacute; representando Goi&aacute;s e tamb&eacute;m como membro do Comit&ecirc; [&hellip;]<\/p>\n","protected":false},"author":1,"featured_media":0,"comment_status":"closed","ping_status":"open","sticky":false,"template":"","format":"standard","meta":{"footnotes":""},"categories":[118],"tags":[194],"class_list":["post-23065","post","type-post","status-publish","format-standard","hentry","category-noticias","tag-despublicadas-periodo-eleitoral"],"rttpg_featured_image_url":null,"rttpg_author":{"display_name":"wagner.viana","author_link":"https:\/\/goias.gov.br\/economia\/author\/wagner-viana\/"},"rttpg_comment":0,"rttpg_category":"<a href=\"https:\/\/goias.gov.br\/economia\/categoria\/noticias\/\" rel=\"category tag\">Not\u00edcias<\/a>","rttpg_excerpt":"O Grupo Estadual de Educa&ccedil;&atilde;o Fiscal (GEFE-GO) participa nesta quinta e sexta-feira (20 e 21) da 55&ordf; Reuni&atilde;o dos Grupos Estaduais de Educa&ccedil;&atilde;o Fiscal. O evento ser&aacute; realizado na Escola de Administra&ccedil;&atilde;o Fazend&aacute;ria &#8211; ESAF, em Bras&iacute;lia. O coordenador do GEFE-GO, Jos&eacute; Humberto Corr&ecirc;a de Miranda, estar&aacute; representando Goi&aacute;s e tamb&eacute;m como membro do Comit&ecirc;&hellip;","_links":{"self":[{"href":"https:\/\/goias.gov.br\/economia\/wp-json\/wp\/v2\/posts\/23065","targetHints":{"allow":["GET"]}}],"collection":[{"href":"https:\/\/goias.gov.br\/economia\/wp-json\/wp\/v2\/posts"}],"about":[{"href":"https:\/\/goias.gov.br\/economia\/wp-json\/wp\/v2\/types\/post"}],"author":[{"embeddable":true,"href":"https:\/\/goias.gov.br\/economia\/wp-json\/wp\/v2\/users\/1"}],"replies":[{"embeddable":true,"href":"https:\/\/goias.gov.br\/economia\/wp-json\/wp\/v2\/comments?post=23065"}],"version-history":[{"count":0,"href":"https:\/\/goias.gov.br\/economia\/wp-json\/wp\/v2\/posts\/23065\/revisions"}],"wp:attachment":[{"href":"https:\/\/goias.gov.br\/economia\/wp-json\/wp\/v2\/media?parent=23065"}],"wp:term":[{"taxonomy":"category","embeddable":true,"href":"https:\/\/goias.gov.br\/economia\/wp-json\/wp\/v2\/categories?post=23065"},{"taxonomy":"post_tag","embeddable":true,"href":"https:\/\/goias.gov.br\/economia\/wp-json\/wp\/v2\/tags?post=23065"}],"curies":[{"name":"wp","href":"https:\/\/api.w.org\/{rel}","templated":true}]}}