

{"id":129788,"date":"2024-12-05T08:04:30","date_gmt":"2024-12-05T11:04:30","guid":{"rendered":"https:\/\/goias.gov.br\/economia\/?p=129788"},"modified":"2024-12-05T10:33:59","modified_gmt":"2024-12-05T13:33:59","slug":"inovacao-na-gestao-tributaria-marca-programacao-vespertina-de-seminario-sobre-autorregularizacao","status":"publish","type":"post","link":"https:\/\/goias.gov.br\/economia\/inovacao-na-gestao-tributaria-marca-programacao-vespertina-de-seminario-sobre-autorregularizacao\/","title":{"rendered":"Inova\u00e7\u00e3o na gest\u00e3o tribut\u00e1ria marca programa\u00e7\u00e3o vespertina de semin\u00e1rio sobre autorregulariza\u00e7\u00e3o"},"content":{"rendered":"\n<div class=\"TTb5N2DgAn9VHs\">\n<div class=\"ak-renderer-wrapper is-full-width css-1jke4yk\">\n<div class=\"css-16sps2l\">\n<div class=\"ak-renderer-document\">\n<p style=\"text-align: center\" data-renderer-start-pos=\"1059\"><em data-renderer-mark=\"true\">Evento destacou estrat\u00e9gias para simplifica\u00e7\u00e3o tribut\u00e1ria, uso de tecnologia e fortalecimento da comunica\u00e7\u00e3o entre Fisco e contribuintes.<\/em><\/p>\n<p data-renderer-start-pos=\"1198\">Dando continuidade ao <a href=\"https:\/\/goias.gov.br\/economia\/receita-estadual-de-goias-e-receita-federal-trocam-experiencias-sobre-conformidade-tributaria\/\">semin\u00e1rio sobre autorregulariza\u00e7\u00e3o e conformidade tribut\u00e1ria<\/a>, promovido pela Secretaria da Economia, por meio da Subsecretaria da Receita Estadual, as atividades da tarde focaram em estrat\u00e9gias para simplifica\u00e7\u00e3o das normas, aprimoramento de sistemas de informa\u00e7\u00e3o e comunica\u00e7\u00e3o com os contribuintes. Coordenado pela Superintend\u00eancia de Controle e Auditoria, o evento refor\u00e7ou o papel orientador do Fisco e os benef\u00edcios sociais do cumprimento fiscal.<\/p>\n<\/div>\n<\/div>\n<\/div>\n<\/div>\n\n\n<div class=\"wp-block-image\">\n<figure class=\"aligncenter size-large is-resized\"><img fetchpriority=\"high\" decoding=\"async\" width=\"1024\" height=\"683\" src=\"https:\/\/goias.gov.br\/economia\/wp-content\/uploads\/sites\/45\/2024\/12\/Foto_DenisMarlon-63-1-1024x683.jpg\" alt=\"\" class=\"wp-image-129792\" style=\"width:654px;height:auto\" srcset=\"https:\/\/goias.gov.br\/economia\/wp-content\/uploads\/sites\/45\/2024\/12\/Foto_DenisMarlon-63-1-1024x683.jpg 1024w, https:\/\/goias.gov.br\/economia\/wp-content\/uploads\/sites\/45\/2024\/12\/Foto_DenisMarlon-63-1-300x200.jpg 300w, https:\/\/goias.gov.br\/economia\/wp-content\/uploads\/sites\/45\/2024\/12\/Foto_DenisMarlon-63-1-768x512.jpg 768w, https:\/\/goias.gov.br\/economia\/wp-content\/uploads\/sites\/45\/2024\/12\/Foto_DenisMarlon-63-1-1536x1024.jpg 1536w, https:\/\/goias.gov.br\/economia\/wp-content\/uploads\/sites\/45\/2024\/12\/Foto_DenisMarlon-63-1-2048x1365.jpg 2048w\" sizes=\"(max-width: 1024px) 100vw, 1024px\" \/><\/figure>\n<\/div>\n\n<p data-renderer-start-pos=\"1675\">O auditor fiscal da Receita Estadual de Goi\u00e1s, Luiz Gustavo Aires, abriu os debates da tarde apresentado um estudo inspirado em pr\u00e1ticas de segmenta\u00e7\u00e3o utilizadas por empresas como o Google, adaptadas \u00e0 administra\u00e7\u00e3o tribut\u00e1ria. Na pr\u00e1tica, a meta foi a de definir como classificar e segmentar contribuintes de forma a otimizar a fiscaliza\u00e7\u00e3o e promover a conformidade tribut\u00e1ria.<\/p>\n<blockquote>\n<p data-renderer-start-pos=\"2052\">\u201cO modelo desenvolvido demonstra como a an\u00e1lise de dados pode ser usada para promover uma gest\u00e3o tribut\u00e1ria mais justa e eficaz, incentivando boas pr\u00e1ticas fiscais\u201d, destacou Luiz Gustavo.<\/p>\n<\/blockquote>\n\n<div class=\"wp-block-image\">\n<figure class=\"aligncenter size-large is-resized\"><img decoding=\"async\" width=\"1024\" height=\"683\" src=\"https:\/\/goias.gov.br\/economia\/wp-content\/uploads\/sites\/45\/2024\/12\/Foto_DenisMarlon-67-1024x683.jpg\" alt=\"\" class=\"wp-image-129791\" style=\"width:712px;height:auto\" srcset=\"https:\/\/goias.gov.br\/economia\/wp-content\/uploads\/sites\/45\/2024\/12\/Foto_DenisMarlon-67-1024x683.jpg 1024w, https:\/\/goias.gov.br\/economia\/wp-content\/uploads\/sites\/45\/2024\/12\/Foto_DenisMarlon-67-300x200.jpg 300w, https:\/\/goias.gov.br\/economia\/wp-content\/uploads\/sites\/45\/2024\/12\/Foto_DenisMarlon-67-768x512.jpg 768w, https:\/\/goias.gov.br\/economia\/wp-content\/uploads\/sites\/45\/2024\/12\/Foto_DenisMarlon-67-1536x1024.jpg 1536w, https:\/\/goias.gov.br\/economia\/wp-content\/uploads\/sites\/45\/2024\/12\/Foto_DenisMarlon-67-2048x1365.jpg 2048w\" sizes=\"(max-width: 1024px) 100vw, 1024px\" \/><\/figure>\n<\/div>\n\n\n<p>Na sequ\u00eancia, F\u00e1bio Verbic\u00e1rio, auditor fiscal da Receita Estadual do Rio de Janeiro, apresentou o programa de autorregulariza\u00e7\u00e3o implementado no estado. Ele frisou que o principal objetivo da administra\u00e7\u00e3o tribut\u00e1ria \u00e9 fomentar a conformidade tribut\u00e1ria. \u201cConformidade tribut\u00e1ria n\u00e3o significa apenas &#8216;facilitar&#8217; para os contribuintes, mas garantir que a legisla\u00e7\u00e3o seja respeitada, avaliando o ambiente tribut\u00e1rio e cultural para implementar medidas eficazes\u201d, ressaltou.<\/p>\n\n\n\n<figure class=\"wp-block-gallery has-nested-images columns-default is-cropped wp-block-gallery-1 is-layout-flex wp-block-gallery-is-layout-flex\">\n<figure class=\"wp-block-image size-large\"><img decoding=\"async\" width=\"1024\" height=\"682\" data-id=\"129796\" src=\"https:\/\/goias.gov.br\/economia\/wp-content\/uploads\/sites\/45\/2024\/12\/image-1-1024x682.jpg\" alt=\"\" class=\"wp-image-129796\" srcset=\"https:\/\/goias.gov.br\/economia\/wp-content\/uploads\/sites\/45\/2024\/12\/image-1-1024x682.jpg 1024w, https:\/\/goias.gov.br\/economia\/wp-content\/uploads\/sites\/45\/2024\/12\/image-1-300x200.jpg 300w, https:\/\/goias.gov.br\/economia\/wp-content\/uploads\/sites\/45\/2024\/12\/image-1-768x512.jpg 768w, https:\/\/goias.gov.br\/economia\/wp-content\/uploads\/sites\/45\/2024\/12\/image-1-1536x1023.jpg 1536w, https:\/\/goias.gov.br\/economia\/wp-content\/uploads\/sites\/45\/2024\/12\/image-1.jpg 1600w\" sizes=\"(max-width: 1024px) 100vw, 1024px\" \/><\/figure>\n\n\n\n<figure class=\"wp-block-image size-large\"><img loading=\"lazy\" decoding=\"async\" width=\"1024\" height=\"683\" data-id=\"129795\" src=\"https:\/\/goias.gov.br\/economia\/wp-content\/uploads\/sites\/45\/2024\/12\/Foto_DenisMarlon-71-1-1024x683.jpg\" alt=\"\" class=\"wp-image-129795\" srcset=\"https:\/\/goias.gov.br\/economia\/wp-content\/uploads\/sites\/45\/2024\/12\/Foto_DenisMarlon-71-1-1024x683.jpg 1024w, https:\/\/goias.gov.br\/economia\/wp-content\/uploads\/sites\/45\/2024\/12\/Foto_DenisMarlon-71-1-300x200.jpg 300w, https:\/\/goias.gov.br\/economia\/wp-content\/uploads\/sites\/45\/2024\/12\/Foto_DenisMarlon-71-1-768x512.jpg 768w, https:\/\/goias.gov.br\/economia\/wp-content\/uploads\/sites\/45\/2024\/12\/Foto_DenisMarlon-71-1-1536x1024.jpg 1536w, https:\/\/goias.gov.br\/economia\/wp-content\/uploads\/sites\/45\/2024\/12\/Foto_DenisMarlon-71-1-2048x1365.jpg 2048w\" sizes=\"(max-width: 1024px) 100vw, 1024px\" \/><\/figure>\n<\/figure>\n\n\n<blockquote>\n<p data-renderer-start-pos=\"2717\">A auditora fiscal de Goi\u00e1s, Gisele Lacerda, falou sobre a evolu\u00e7\u00e3o da Autorregulariza\u00e7\u00e3o em Goi\u00e1s, refor\u00e7ando que a pr\u00e1tica j\u00e1 est\u00e1 prevista na legisla\u00e7\u00e3o desde 2017. \u201cIsso reflete o compromisso de Goi\u00e1s com a moderniza\u00e7\u00e3o e efici\u00eancia tribut\u00e1ria\u201d, pontuou.<\/p>\n<\/blockquote>\n<p data-renderer-start-pos=\"2976\">A \u00faltima palestra foi ministrada pelo auditor fiscal de Goi\u00e1s, Diego Vidier, que apresentou o sistema AUTOREG, explicando sua funcionalidade tanto do ponto de vista do contribuinte quanto do auditor, al\u00e9m de detalhar os principais servi\u00e7os dispon\u00edveis.<\/p>\n\n\n<figure class=\"wp-block-image size-large\"><img loading=\"lazy\" decoding=\"async\" width=\"1024\" height=\"683\" src=\"https:\/\/goias.gov.br\/economia\/wp-content\/uploads\/sites\/45\/2024\/12\/Foto_DenisMarlon-72-1-1024x683.jpg\" alt=\"\" class=\"wp-image-129789\" srcset=\"https:\/\/goias.gov.br\/economia\/wp-content\/uploads\/sites\/45\/2024\/12\/Foto_DenisMarlon-72-1-1024x683.jpg 1024w, https:\/\/goias.gov.br\/economia\/wp-content\/uploads\/sites\/45\/2024\/12\/Foto_DenisMarlon-72-1-300x200.jpg 300w, https:\/\/goias.gov.br\/economia\/wp-content\/uploads\/sites\/45\/2024\/12\/Foto_DenisMarlon-72-1-768x512.jpg 768w, https:\/\/goias.gov.br\/economia\/wp-content\/uploads\/sites\/45\/2024\/12\/Foto_DenisMarlon-72-1-1536x1024.jpg 1536w, https:\/\/goias.gov.br\/economia\/wp-content\/uploads\/sites\/45\/2024\/12\/Foto_DenisMarlon-72-1-2048x1365.jpg 2048w\" sizes=\"(max-width: 1024px) 100vw, 1024px\" \/><\/figure>\n\n\n\n<p>A subsecret\u00e1ria da Receita Estadual, Lilian Fagundes, fez o encerramento do evento enfatizando os avan\u00e7os conquistados pelo Fisco em 2024 e nos investimentos feitos na capacita\u00e7\u00e3o dos auditores. \u00a0\u201cEm 2024 realizamos 3 webin\u00e1rios trabalhando temas relevantes, como a Administra\u00e7\u00e3o Tribut\u00e1ria do Futuro e outros 2 semin\u00e1rios sobre Reforma Tribut\u00e1ria, que envolveram mais de 200 auditores. Hoje terminamos o ano com esse importante evento sobre conformidade tribut\u00e1ria e autorregulariza\u00e7\u00e3o, temas de relev\u00e2ncia internacional e preciosos para o nosso futuro. Para 2025, queremos ampliar a sequ\u00eancia de semin\u00e1rios e eventos, sempre com temas que agreguem valor ao nosso trabalho. Por isso, seria interessante receber sugest\u00f5es de temas futuros\u201d, concluiu.<\/p>\n\n\n\n<p><strong data-renderer-mark=\"true\">Secretaria da Economia \u2013 Governo de Goi\u00e1s<\/strong><\/p>\n\n\n\n<figure class=\"wp-block-gallery has-nested-images columns-default is-cropped wp-block-gallery-2 is-layout-flex wp-block-gallery-is-layout-flex\"><\/figure>\n\n\n\n<p><\/p>\n","protected":false},"excerpt":{"rendered":"<p>Evento destacou estrat\u00e9gias para simplifica\u00e7\u00e3o tribut\u00e1ria, uso de tecnologia e fortalecimento da comunica\u00e7\u00e3o entre Fisco e contribuintes.<\/p>\n","protected":false},"author":534,"featured_media":129790,"comment_status":"closed","ping_status":"open","sticky":false,"template":"","format":"standard","meta":{"footnotes":""},"categories":[118],"tags":[314],"class_list":["post-129788","post","type-post","status-publish","format-standard","has-post-thumbnail","hentry","category-noticias","tag-seminario"],"rttpg_featured_image_url":{"full":["https:\/\/goias.gov.br\/economia\/wp-content\/uploads\/sites\/45\/2024\/12\/Foto_DenisMarlon-72-1-1-scaled.jpg",2560,1707,false],"landscape":["https:\/\/goias.gov.br\/economia\/wp-content\/uploads\/sites\/45\/2024\/12\/Foto_DenisMarlon-72-1-1-scaled.jpg",2560,1707,false],"portraits":["https:\/\/goias.gov.br\/economia\/wp-content\/uploads\/sites\/45\/2024\/12\/Foto_DenisMarlon-72-1-1-scaled.jpg",2560,1707,false],"thumbnail":["https:\/\/goias.gov.br\/economia\/wp-content\/uploads\/sites\/45\/2024\/12\/Foto_DenisMarlon-72-1-1-150x150.jpg",150,150,true],"medium":["https:\/\/goias.gov.br\/economia\/wp-content\/uploads\/sites\/45\/2024\/12\/Foto_DenisMarlon-72-1-1-300x200.jpg",300,200,true],"large":["https:\/\/goias.gov.br\/economia\/wp-content\/uploads\/sites\/45\/2024\/12\/Foto_DenisMarlon-72-1-1-1024x683.jpg",1024,683,true],"1536x1536":["https:\/\/goias.gov.br\/economia\/wp-content\/uploads\/sites\/45\/2024\/12\/Foto_DenisMarlon-72-1-1-1536x1024.jpg",1536,1024,true],"2048x2048":["https:\/\/goias.gov.br\/economia\/wp-content\/uploads\/sites\/45\/2024\/12\/Foto_DenisMarlon-72-1-1-2048x1365.jpg",2048,1365,true]},"rttpg_author":{"display_name":"larissatirabosqui","author_link":"https:\/\/goias.gov.br\/economia\/author\/larissatirabosqui\/"},"rttpg_comment":0,"rttpg_category":"<a href=\"https:\/\/goias.gov.br\/economia\/categoria\/noticias\/\" rel=\"category tag\">Not\u00edcias<\/a>","rttpg_excerpt":"Evento destacou estrat\u00e9gias para simplifica\u00e7\u00e3o tribut\u00e1ria, uso de tecnologia e fortalecimento da comunica\u00e7\u00e3o entre Fisco e contribuintes.","_links":{"self":[{"href":"https:\/\/goias.gov.br\/economia\/wp-json\/wp\/v2\/posts\/129788","targetHints":{"allow":["GET"]}}],"collection":[{"href":"https:\/\/goias.gov.br\/economia\/wp-json\/wp\/v2\/posts"}],"about":[{"href":"https:\/\/goias.gov.br\/economia\/wp-json\/wp\/v2\/types\/post"}],"author":[{"embeddable":true,"href":"https:\/\/goias.gov.br\/economia\/wp-json\/wp\/v2\/users\/534"}],"replies":[{"embeddable":true,"href":"https:\/\/goias.gov.br\/economia\/wp-json\/wp\/v2\/comments?post=129788"}],"version-history":[{"count":2,"href":"https:\/\/goias.gov.br\/economia\/wp-json\/wp\/v2\/posts\/129788\/revisions"}],"predecessor-version":[{"id":129806,"href":"https:\/\/goias.gov.br\/economia\/wp-json\/wp\/v2\/posts\/129788\/revisions\/129806"}],"wp:featuredmedia":[{"embeddable":true,"href":"https:\/\/goias.gov.br\/economia\/wp-json\/wp\/v2\/media\/129790"}],"wp:attachment":[{"href":"https:\/\/goias.gov.br\/economia\/wp-json\/wp\/v2\/media?parent=129788"}],"wp:term":[{"taxonomy":"category","embeddable":true,"href":"https:\/\/goias.gov.br\/economia\/wp-json\/wp\/v2\/categories?post=129788"},{"taxonomy":"post_tag","embeddable":true,"href":"https:\/\/goias.gov.br\/economia\/wp-json\/wp\/v2\/tags?post=129788"}],"curies":[{"name":"wp","href":"https:\/\/api.w.org\/{rel}","templated":true}]}}