

{"id":128421,"date":"2024-11-22T10:52:01","date_gmt":"2024-11-22T13:52:01","guid":{"rendered":"https:\/\/goias.gov.br\/economia\/?p=128421"},"modified":"2024-11-26T07:06:05","modified_gmt":"2024-11-26T10:06:05","slug":"confira-as-agenfas-que-nao-terao-expediente-na-quarta-feira-27-11","status":"publish","type":"post","link":"https:\/\/goias.gov.br\/economia\/confira-as-agenfas-que-nao-terao-expediente-na-quarta-feira-27-11\/","title":{"rendered":"Confira as Agenfas que n\u00e3o ter\u00e3o expediente na quarta-feira (27\/11)"},"content":{"rendered":"\n<p><\/p>\n\n\n\n<p>Devido ao feriado de Nossa Senhora das Gra\u00e7as, na quarta-feira (27\/11), comemorado em v\u00e1rios munic\u00edpios goianos, as Agenfas localizadas nessas cidades n\u00e3o ter\u00e3o expediente. O atendimento retorna ao normal na quinta, 28.<\/p>\n\n\n\n<ul class=\"wp-block-list\">\n<li>Agenfa de Mina\u00e7u<\/li>\n\n\n\n<li>Agenfa de Alto Para\u00edso<\/li>\n\n\n\n<li>Agenfa de Perol\u00e2ndia<\/li>\n<\/ul>\n\n\n\n<p>Secretaria da Economia \u2013 Governo de Goi\u00e1s<\/p>\n","protected":false},"excerpt":{"rendered":"<p>Devido ao feriado de Nossa Senhora das Gra\u00e7as, na quarta-feira (27\/11), comemorado em v\u00e1rios munic\u00edpios goianos, as Agenfas localizadas nessas cidades n\u00e3o ter\u00e3o expediente. O atendimento retorna ao normal na quinta, 28. Secretaria da Economia \u2013 Governo de Goi\u00e1s<\/p>\n","protected":false},"author":363,"featured_media":0,"comment_status":"closed","ping_status":"open","sticky":false,"template":"","format":"standard","meta":{"footnotes":""},"categories":[226],"tags":[240],"class_list":["post-128421","post","type-post","status-publish","format-standard","hentry","category-avisos","tag-aviso"],"rttpg_featured_image_url":null,"rttpg_author":{"display_name":"katiacosta","author_link":"https:\/\/goias.gov.br\/economia\/author\/katiacosta\/"},"rttpg_comment":0,"rttpg_category":"<a href=\"https:\/\/goias.gov.br\/economia\/categoria\/avisos\/\" rel=\"category tag\">Avisos<\/a>","rttpg_excerpt":"Devido ao feriado de Nossa Senhora das Gra\u00e7as, na quarta-feira (27\/11), comemorado em v\u00e1rios munic\u00edpios goianos, as Agenfas localizadas nessas cidades n\u00e3o ter\u00e3o expediente. O atendimento retorna ao normal na quinta, 28. Secretaria da Economia \u2013 Governo de Goi\u00e1s","_links":{"self":[{"href":"https:\/\/goias.gov.br\/economia\/wp-json\/wp\/v2\/posts\/128421","targetHints":{"allow":["GET"]}}],"collection":[{"href":"https:\/\/goias.gov.br\/economia\/wp-json\/wp\/v2\/posts"}],"about":[{"href":"https:\/\/goias.gov.br\/economia\/wp-json\/wp\/v2\/types\/post"}],"author":[{"embeddable":true,"href":"https:\/\/goias.gov.br\/economia\/wp-json\/wp\/v2\/users\/363"}],"replies":[{"embeddable":true,"href":"https:\/\/goias.gov.br\/economia\/wp-json\/wp\/v2\/comments?post=128421"}],"version-history":[{"count":2,"href":"https:\/\/goias.gov.br\/economia\/wp-json\/wp\/v2\/posts\/128421\/revisions"}],"predecessor-version":[{"id":128642,"href":"https:\/\/goias.gov.br\/economia\/wp-json\/wp\/v2\/posts\/128421\/revisions\/128642"}],"wp:attachment":[{"href":"https:\/\/goias.gov.br\/economia\/wp-json\/wp\/v2\/media?parent=128421"}],"wp:term":[{"taxonomy":"category","embeddable":true,"href":"https:\/\/goias.gov.br\/economia\/wp-json\/wp\/v2\/categories?post=128421"},{"taxonomy":"post_tag","embeddable":true,"href":"https:\/\/goias.gov.br\/economia\/wp-json\/wp\/v2\/tags?post=128421"}],"curies":[{"name":"wp","href":"https:\/\/api.w.org\/{rel}","templated":true}]}}