

{"id":118186,"date":"2024-10-30T10:08:36","date_gmt":"2024-10-30T13:08:36","guid":{"rendered":"https:\/\/goias.gov.br\/economia\/?p=118186"},"modified":"2024-10-30T10:08:36","modified_gmt":"2024-10-30T13:08:36","slug":"oito-projetos-goianos-sao-classificados-para-premio-nacional-de-educacao-fiscal","status":"publish","type":"post","link":"https:\/\/goias.gov.br\/economia\/oito-projetos-goianos-sao-classificados-para-premio-nacional-de-educacao-fiscal\/","title":{"rendered":"Oito projetos goianos s\u00e3o classificados para Pr\u00eamio Nacional de Educa\u00e7\u00e3o Fiscal"},"content":{"rendered":"\n<p class=\"has-text-align-center\"><em>Escolas p\u00fablicas de Goi\u00e2nia, Aparecida de Goi\u00e2nia, Formosa e Planaltina est\u00e3o na disputa; resultado final ser\u00e1 divulgado em 4 de dezembro<\/em><\/p>\n\n\n\n<p>Mantendo a tradi\u00e7\u00e3o de bons resultados no Pr\u00eamio Nacional de Educa\u00e7\u00e3o Fiscal, oito projetos goianos, nas categorias &#8220;Escolas&#8221; e &#8220;Institui\u00e7\u00f5es&#8221;, foram classificados para as avalia\u00e7\u00f5es do certame de 2024, promovido pela Associa\u00e7\u00e3o Nacional das Associa\u00e7\u00f5es de Fiscais de Tributos Estaduais (Febrafite).<\/p>\n\n\n\n<p>An\u00e1lises de campo aprovaram projetos de escolas da rede p\u00fablica de ensino de Goi\u00e2nia, Aparecida de Goi\u00e2nia, Formosa e Planaltina. Tamb\u00e9m foram aprovados projetos institucionais do Servi\u00e7o Nacional de Aprendizagem Comercial de Catal\u00e3o (Senac) e da Universidade Federal de Goi\u00e1s.<\/p>\n\n\n\n<p>Todos os projetos goianos ser\u00e3o ainda submetidos a novas etapas avaliativas, em Bras\u00edlia, pela comiss\u00e3o julgadora do Pr\u00eamio. Os resultados ser\u00e3o conhecidos na solenidade de entrega do Pr\u00eamio, em 4 de dezembro, no Audit\u00f3rio da Confedera\u00e7\u00e3o Nacional da Ind\u00fastria (CNI), em Bras\u00edlia.<\/p>\n\n\n\n<p>O coordenador do Programa de Educa\u00e7\u00e3o Fiscal da Secretaria da Economia, Jos\u00e9 Humberto Corr\u00eaa de Miranda, destaca que quatro projetos de escolas goianas, de Aparecida de Goi\u00e2nia, Goi\u00e2nia e Jata\u00ed, j\u00e1 obtiveram reconhecimento nacional em edi\u00e7\u00f5es anteriores do Pr\u00eamio e que, neste ano, \u201ch\u00e1 muita expectativa por novos pr\u00eamios, diante da qualidade dos projetos apresentados\u201d.<\/p>\n\n\n<div class=\"wp-block-image\">\n<figure class=\"aligncenter size-large is-resized\"><img fetchpriority=\"high\" decoding=\"async\" width=\"1024\" height=\"461\" src=\"https:\/\/goias.gov.br\/economia\/wp-content\/uploads\/sites\/45\/2024\/10\/fotozeumberto-3f1-1024x461.jpeg\" alt=\"\" class=\"wp-image-118187\" style=\"width:618px;height:auto\" srcset=\"https:\/\/goias.gov.br\/economia\/wp-content\/uploads\/sites\/45\/2024\/10\/fotozeumberto-3f1-1024x461.jpeg 1024w, https:\/\/goias.gov.br\/economia\/wp-content\/uploads\/sites\/45\/2024\/10\/fotozeumberto-3f1-300x135.jpeg 300w, https:\/\/goias.gov.br\/economia\/wp-content\/uploads\/sites\/45\/2024\/10\/fotozeumberto-3f1-768x346.jpeg 768w, https:\/\/goias.gov.br\/economia\/wp-content\/uploads\/sites\/45\/2024\/10\/fotozeumberto-3f1-1536x691.jpeg 1536w, https:\/\/goias.gov.br\/economia\/wp-content\/uploads\/sites\/45\/2024\/10\/fotozeumberto-3f1.jpeg 1600w\" sizes=\"(max-width: 1024px) 100vw, 1024px\" \/><figcaption class=\"wp-element-caption\"><em>Coordenador Jos\u00e9 Humberto com representantes do Col\u00e9gio Estadual Gerv\u00e1sio Santana Dourado, que conquistou o segundo lugar no Pr\u00eamio Nacional de Educa\u00e7\u00e3o Fiscal em 2022, na categoria &#8220;Escolas&#8221;<\/em><\/figcaption><\/figure>\n<\/div>\n\n\n<p>Confira abaixo os projetos selecionados.<\/p>\n\n\n\n<p><strong>Categoria Escolas:<\/strong><\/p>\n\n\n\n<ul class=\"wp-block-list\">\n<li>CEPI Francisco Maria Dantas (Goi\u00e2nia) &#8211; &#8220;Cidade inteligente na mente&#8221;<\/li>\n\n\n\n<li>Escola Municipal Terra Prometida (Aparecida de Goi\u00e2nia) &#8211; &#8220;Construindo consci\u00eancia: Origens dos recursos e preserva\u00e7\u00e3o escolar&#8221;<\/li>\n\n\n\n<li>Gl\u00e1ucia de Oliveira Ferreira (Planaltina) &#8211; &#8220;Educa\u00e7\u00e3o Fiscal e cidadania &#8211; O or\u00e7amento ao seu alcance&#8221;<\/li>\n\n\n\n<li>Escola Estadual Ant\u00f4nio de Magalh\u00e3es (Formosa) &#8211; &#8220;Conscientiza\u00e7\u00e3o acerca da cidadania&#8221;<\/li>\n\n\n\n<li>Centro Municipal de Educa\u00e7\u00e3o Infantil Jardim Maranata (Aparecida de Goi\u00e2nia) &#8211; &#8220;Educa\u00e7\u00e3o Fiscal e o pequeno cidad\u00e3o&#8221;<\/li>\n\n\n\n<li>Centro de Ensino em Per\u00edodo Integral Joaquim Edson de Camargo (Goi\u00e2nia) &#8211; &#8220;A import\u00e2ncia da Educa\u00e7\u00e3o Fiscal na adolesc\u00eancia&#8221;<\/li>\n<\/ul>\n\n\n\n<p><strong>Categoria Institui\u00e7\u00f5es:<\/strong><\/p>\n\n\n\n<ul class=\"wp-block-list\">\n<li>Servi\u00e7o Nacional de Aprendizagem Comercial (Catal\u00e3o) &#8211; &#8220;Conscientiza\u00e7\u00e3o dos alunos sobre sistema tribut\u00e1rio e cidadania&#8221;<\/li>\n\n\n\n<li>Universidade Federal de Goi\u00e1s &#8211; &#8220;Educa\u00e7\u00e3o Popular para Cidadania Fiscal e Direitos Humanos&#8221;<\/li>\n<\/ul>\n\n\n\n<p><strong>Secretaria da Economia &#8211; Governo de Goi\u00e1s<\/strong><\/p>\n\n\n\n<p><\/p>\n\n\n\n<p><\/p>\n","protected":false},"excerpt":{"rendered":"<p>Escolas p\u00fablicas de Goi\u00e2nia, Aparecida de Goi\u00e2nia, Formosa e Planaltina est\u00e3o na disputa; resultado final ser\u00e1 divulgado em 4 de dezembro Mantendo a tradi\u00e7\u00e3o de bons resultados no Pr\u00eamio Nacional de Educa\u00e7\u00e3o Fiscal, oito projetos goianos, nas categorias &#8220;Escolas&#8221; e &#8220;Institui\u00e7\u00f5es&#8221;, foram classificados para as avalia\u00e7\u00f5es do certame de 2024, promovido pela Associa\u00e7\u00e3o Nacional das [&hellip;]<\/p>\n","protected":false},"author":534,"featured_media":118190,"comment_status":"closed","ping_status":"open","sticky":false,"template":"","format":"standard","meta":{"footnotes":""},"categories":[118],"tags":[292],"class_list":["post-118186","post","type-post","status-publish","format-standard","has-post-thumbnail","hentry","category-noticias","tag-educacao-fiscal"],"rttpg_featured_image_url":{"full":["https:\/\/goias.gov.br\/economia\/wp-content\/uploads\/sites\/45\/2024\/10\/fotozeumberto-3f1-1.jpeg",1600,720,false],"landscape":["https:\/\/goias.gov.br\/economia\/wp-content\/uploads\/sites\/45\/2024\/10\/fotozeumberto-3f1-1.jpeg",1600,720,false],"portraits":["https:\/\/goias.gov.br\/economia\/wp-content\/uploads\/sites\/45\/2024\/10\/fotozeumberto-3f1-1.jpeg",1600,720,false],"thumbnail":["https:\/\/goias.gov.br\/economia\/wp-content\/uploads\/sites\/45\/2024\/10\/fotozeumberto-3f1-1-150x150.jpeg",150,150,true],"medium":["https:\/\/goias.gov.br\/economia\/wp-content\/uploads\/sites\/45\/2024\/10\/fotozeumberto-3f1-1-300x135.jpeg",300,135,true],"large":["https:\/\/goias.gov.br\/economia\/wp-content\/uploads\/sites\/45\/2024\/10\/fotozeumberto-3f1-1-1024x461.jpeg",1024,461,true],"1536x1536":["https:\/\/goias.gov.br\/economia\/wp-content\/uploads\/sites\/45\/2024\/10\/fotozeumberto-3f1-1-1536x691.jpeg",1536,691,true],"2048x2048":["https:\/\/goias.gov.br\/economia\/wp-content\/uploads\/sites\/45\/2024\/10\/fotozeumberto-3f1-1.jpeg",1600,720,false]},"rttpg_author":{"display_name":"larissatirabosqui","author_link":"https:\/\/goias.gov.br\/economia\/author\/larissatirabosqui\/"},"rttpg_comment":0,"rttpg_category":"<a href=\"https:\/\/goias.gov.br\/economia\/categoria\/noticias\/\" rel=\"category tag\">Not\u00edcias<\/a>","rttpg_excerpt":"Escolas p\u00fablicas de Goi\u00e2nia, Aparecida de Goi\u00e2nia, Formosa e Planaltina est\u00e3o na disputa; resultado final ser\u00e1 divulgado em 4 de dezembro Mantendo a tradi\u00e7\u00e3o de bons resultados no Pr\u00eamio Nacional de Educa\u00e7\u00e3o Fiscal, oito projetos goianos, nas categorias &#8220;Escolas&#8221; e &#8220;Institui\u00e7\u00f5es&#8221;, foram classificados para as avalia\u00e7\u00f5es do certame de 2024, promovido pela Associa\u00e7\u00e3o Nacional das&hellip;","_links":{"self":[{"href":"https:\/\/goias.gov.br\/economia\/wp-json\/wp\/v2\/posts\/118186","targetHints":{"allow":["GET"]}}],"collection":[{"href":"https:\/\/goias.gov.br\/economia\/wp-json\/wp\/v2\/posts"}],"about":[{"href":"https:\/\/goias.gov.br\/economia\/wp-json\/wp\/v2\/types\/post"}],"author":[{"embeddable":true,"href":"https:\/\/goias.gov.br\/economia\/wp-json\/wp\/v2\/users\/534"}],"replies":[{"embeddable":true,"href":"https:\/\/goias.gov.br\/economia\/wp-json\/wp\/v2\/comments?post=118186"}],"version-history":[{"count":2,"href":"https:\/\/goias.gov.br\/economia\/wp-json\/wp\/v2\/posts\/118186\/revisions"}],"predecessor-version":[{"id":118194,"href":"https:\/\/goias.gov.br\/economia\/wp-json\/wp\/v2\/posts\/118186\/revisions\/118194"}],"wp:featuredmedia":[{"embeddable":true,"href":"https:\/\/goias.gov.br\/economia\/wp-json\/wp\/v2\/media\/118190"}],"wp:attachment":[{"href":"https:\/\/goias.gov.br\/economia\/wp-json\/wp\/v2\/media?parent=118186"}],"wp:term":[{"taxonomy":"category","embeddable":true,"href":"https:\/\/goias.gov.br\/economia\/wp-json\/wp\/v2\/categories?post=118186"},{"taxonomy":"post_tag","embeddable":true,"href":"https:\/\/goias.gov.br\/economia\/wp-json\/wp\/v2\/tags?post=118186"}],"curies":[{"name":"wp","href":"https:\/\/api.w.org\/{rel}","templated":true}]}}