

{"id":109776,"date":"2024-10-04T07:09:23","date_gmt":"2024-10-04T10:09:23","guid":{"rendered":"https:\/\/goias.gov.br\/economia\/?p=109776"},"modified":"2024-10-04T07:09:56","modified_gmt":"2024-10-04T10:09:56","slug":"adaptacoes-da-nf-e-trazidas-pela-reforma-tributaria-sao-apresentadas-no-encat","status":"publish","type":"post","link":"https:\/\/goias.gov.br\/economia\/adaptacoes-da-nf-e-trazidas-pela-reforma-tributaria-sao-apresentadas-no-encat\/","title":{"rendered":"Adapta\u00e7\u00f5es da NF-e trazidas pela reforma tribut\u00e1ria s\u00e3o apresentadas no Encat"},"content":{"rendered":"\n<figure class=\"wp-block-image size-large\"><img fetchpriority=\"high\" decoding=\"async\" width=\"1024\" height=\"682\" src=\"https:\/\/goias.gov.br\/economia\/wp-content\/uploads\/sites\/45\/2024\/10\/WhatsApp-Image-2024-10-02-at-10.10.14-1024x682.jpeg\" alt=\"\" class=\"wp-image-109778\" srcset=\"https:\/\/goias.gov.br\/economia\/wp-content\/uploads\/sites\/45\/2024\/10\/WhatsApp-Image-2024-10-02-at-10.10.14-1024x682.jpeg 1024w, https:\/\/goias.gov.br\/economia\/wp-content\/uploads\/sites\/45\/2024\/10\/WhatsApp-Image-2024-10-02-at-10.10.14-300x200.jpeg 300w, https:\/\/goias.gov.br\/economia\/wp-content\/uploads\/sites\/45\/2024\/10\/WhatsApp-Image-2024-10-02-at-10.10.14-768x512.jpeg 768w, https:\/\/goias.gov.br\/economia\/wp-content\/uploads\/sites\/45\/2024\/10\/WhatsApp-Image-2024-10-02-at-10.10.14-1536x1023.jpeg 1536w, https:\/\/goias.gov.br\/economia\/wp-content\/uploads\/sites\/45\/2024\/10\/WhatsApp-Image-2024-10-02-at-10.10.14.jpeg 1600w\" sizes=\"(max-width: 1024px) 100vw, 1024px\" \/><\/figure>\n\n\n<p style=\"text-align: center\" data-renderer-start-pos=\"841\"><em data-renderer-mark=\"true\">Previs\u00e3o \u00e9 que os testes comecem em 2025, e as novas regras entrem em vigor em janeiro de 2026<\/em><\/p>\n<p data-renderer-start-pos=\"937\">As altera\u00e7\u00f5es propostas para adaptar os documentos fiscais eletr\u00f4nicos \u00e0 nova configura\u00e7\u00e3o dos impostos em virtude da reforma tribut\u00e1ria foram apresentadas pela Secretaria da Economia de Goi\u00e1s e do Rio Grande do Sul durante o 76\u00ba Encontro de Nacional de Coordenadores e Administradores Tribut\u00e1rios Estaduais (Encat), realizado no Rio de Janeiro.<\/p>\n<p data-renderer-start-pos=\"1284\">A apresenta\u00e7\u00e3o \u00e9 resultado do trabalho do grupo nacional com representantes de todos os Estados, Distrito Federal, Uni\u00e3o e Munic\u00edpios criado para discutir propostas de regulamenta\u00e7\u00e3o e adequa\u00e7\u00e3o do layout padronizado do novo documento fiscal eletr\u00f4nico.<\/p>\n<p data-renderer-start-pos=\"1539\">A nova configura\u00e7\u00e3o deve permitir que o contribuinte informe os dados do Imposto sobre Bens e Servi\u00e7os (IBS), a Contribui\u00e7\u00e3o Sobre Bens e Servi\u00e7os e ao Imposto Seletivo (IS), os novos tributos sobre o consumo criados pela reforma tribut\u00e1ria.<\/p>\n\n<div class=\"wp-block-image\">\n<figure class=\"aligncenter size-large is-resized\"><img decoding=\"async\" width=\"1024\" height=\"682\" src=\"https:\/\/goias.gov.br\/economia\/wp-content\/uploads\/sites\/45\/2024\/10\/WhatsApp-Image-2024-10-02-at-10.10.13-1-1-1024x682.jpeg\" alt=\"\" class=\"wp-image-109779\" style=\"width:713px;height:auto\" srcset=\"https:\/\/goias.gov.br\/economia\/wp-content\/uploads\/sites\/45\/2024\/10\/WhatsApp-Image-2024-10-02-at-10.10.13-1-1-1024x682.jpeg 1024w, https:\/\/goias.gov.br\/economia\/wp-content\/uploads\/sites\/45\/2024\/10\/WhatsApp-Image-2024-10-02-at-10.10.13-1-1-300x200.jpeg 300w, https:\/\/goias.gov.br\/economia\/wp-content\/uploads\/sites\/45\/2024\/10\/WhatsApp-Image-2024-10-02-at-10.10.13-1-1-768x512.jpeg 768w, https:\/\/goias.gov.br\/economia\/wp-content\/uploads\/sites\/45\/2024\/10\/WhatsApp-Image-2024-10-02-at-10.10.13-1-1-1536x1023.jpeg 1536w, https:\/\/goias.gov.br\/economia\/wp-content\/uploads\/sites\/45\/2024\/10\/WhatsApp-Image-2024-10-02-at-10.10.13-1-1.jpeg 1600w\" sizes=\"(max-width: 1024px) 100vw, 1024px\" \/><\/figure>\n<\/div>\n\n<p data-renderer-start-pos=\"1782\">O coordenador de Documentos Fiscais da Economia, Ant\u00f4nio Godoi, exp\u00f4s o andamento dos trabalhos e as pr\u00f3ximas etapas ao lado do colega do Rio Grande do Sul Vinicius de Freitas, ambos coordenadores do grupo nacional.<\/p>\n<blockquote>\n<p data-renderer-start-pos=\"1999\">Godoi ressaltou que as mudan\u00e7as t\u00eam como premissas a simplifica\u00e7\u00e3o e transpar\u00eancia. \u201cO objetivo \u00e9 que haja o menor impacto para o contribuinte e Fisco e moderniza\u00e7\u00e3o conceitual dos documentos fiscais eletr\u00f4nicos, trabalho fortemente integrado com os Grupos de Trabalho de Apura\u00e7\u00e3o, Arrecada\u00e7\u00e3o e Distribui\u00e7\u00e3o. Os testes est\u00e3o previstos para o ano que vem para que passe a vigorar em 1\u00ba de janeiro de 2026.<\/p>\n<\/blockquote>\n<p data-renderer-start-pos=\"2406\"><strong>Secretaria da Economia \u2013 Governo de Goi\u00e1s<\/strong><\/p>","protected":false},"excerpt":{"rendered":"<p>As altera\u00e7\u00f5es propostas para adaptar os documentos fiscais eletr\u00f4nicos \u00e0 nova configura\u00e7\u00e3o dos impostos em virtude da reforma tribut\u00e1ria foram apresentadas pela Secretaria da Economia de Goi\u00e1s e do Rio Grande do Sul durante o 76\u00ba Encontro de Nacional de Coordenadores e Administradores Tribut\u00e1rios Estaduais (Encat), realizado no Rio de Janeiro.<\/p>\n","protected":false},"author":534,"featured_media":109780,"comment_status":"closed","ping_status":"open","sticky":false,"template":"","format":"standard","meta":{"footnotes":""},"categories":[118],"tags":[261],"class_list":["post-109776","post","type-post","status-publish","format-standard","has-post-thumbnail","hentry","category-noticias","tag-reforma-tributaria"],"rttpg_featured_image_url":{"full":["https:\/\/goias.gov.br\/economia\/wp-content\/uploads\/sites\/45\/2024\/10\/WhatsApp-Image-2024-10-02-at-10.10.13-1-2.jpeg",1600,1066,false],"landscape":["https:\/\/goias.gov.br\/economia\/wp-content\/uploads\/sites\/45\/2024\/10\/WhatsApp-Image-2024-10-02-at-10.10.13-1-2.jpeg",1600,1066,false],"portraits":["https:\/\/goias.gov.br\/economia\/wp-content\/uploads\/sites\/45\/2024\/10\/WhatsApp-Image-2024-10-02-at-10.10.13-1-2.jpeg",1600,1066,false],"thumbnail":["https:\/\/goias.gov.br\/economia\/wp-content\/uploads\/sites\/45\/2024\/10\/WhatsApp-Image-2024-10-02-at-10.10.13-1-2-150x150.jpeg",150,150,true],"medium":["https:\/\/goias.gov.br\/economia\/wp-content\/uploads\/sites\/45\/2024\/10\/WhatsApp-Image-2024-10-02-at-10.10.13-1-2-300x200.jpeg",300,200,true],"large":["https:\/\/goias.gov.br\/economia\/wp-content\/uploads\/sites\/45\/2024\/10\/WhatsApp-Image-2024-10-02-at-10.10.13-1-2-1024x682.jpeg",1024,682,true],"1536x1536":["https:\/\/goias.gov.br\/economia\/wp-content\/uploads\/sites\/45\/2024\/10\/WhatsApp-Image-2024-10-02-at-10.10.13-1-2-1536x1023.jpeg",1536,1023,true],"2048x2048":["https:\/\/goias.gov.br\/economia\/wp-content\/uploads\/sites\/45\/2024\/10\/WhatsApp-Image-2024-10-02-at-10.10.13-1-2.jpeg",1600,1066,false]},"rttpg_author":{"display_name":"larissatirabosqui","author_link":"https:\/\/goias.gov.br\/economia\/author\/larissatirabosqui\/"},"rttpg_comment":0,"rttpg_category":"<a href=\"https:\/\/goias.gov.br\/economia\/categoria\/noticias\/\" rel=\"category tag\">Not\u00edcias<\/a>","rttpg_excerpt":"As altera\u00e7\u00f5es propostas para adaptar os documentos fiscais eletr\u00f4nicos \u00e0 nova configura\u00e7\u00e3o dos impostos em virtude da reforma tribut\u00e1ria foram apresentadas pela Secretaria da Economia de Goi\u00e1s e do Rio Grande do Sul durante o 76\u00ba Encontro de Nacional de Coordenadores e Administradores Tribut\u00e1rios Estaduais (Encat), realizado no Rio de Janeiro.","_links":{"self":[{"href":"https:\/\/goias.gov.br\/economia\/wp-json\/wp\/v2\/posts\/109776","targetHints":{"allow":["GET"]}}],"collection":[{"href":"https:\/\/goias.gov.br\/economia\/wp-json\/wp\/v2\/posts"}],"about":[{"href":"https:\/\/goias.gov.br\/economia\/wp-json\/wp\/v2\/types\/post"}],"author":[{"embeddable":true,"href":"https:\/\/goias.gov.br\/economia\/wp-json\/wp\/v2\/users\/534"}],"replies":[{"embeddable":true,"href":"https:\/\/goias.gov.br\/economia\/wp-json\/wp\/v2\/comments?post=109776"}],"version-history":[{"count":1,"href":"https:\/\/goias.gov.br\/economia\/wp-json\/wp\/v2\/posts\/109776\/revisions"}],"predecessor-version":[{"id":109781,"href":"https:\/\/goias.gov.br\/economia\/wp-json\/wp\/v2\/posts\/109776\/revisions\/109781"}],"wp:featuredmedia":[{"embeddable":true,"href":"https:\/\/goias.gov.br\/economia\/wp-json\/wp\/v2\/media\/109780"}],"wp:attachment":[{"href":"https:\/\/goias.gov.br\/economia\/wp-json\/wp\/v2\/media?parent=109776"}],"wp:term":[{"taxonomy":"category","embeddable":true,"href":"https:\/\/goias.gov.br\/economia\/wp-json\/wp\/v2\/categories?post=109776"},{"taxonomy":"post_tag","embeddable":true,"href":"https:\/\/goias.gov.br\/economia\/wp-json\/wp\/v2\/tags?post=109776"}],"curies":[{"name":"wp","href":"https:\/\/api.w.org\/{rel}","templated":true}]}}