

{"id":394899,"date":"2026-03-30T10:28:16","date_gmt":"2026-03-30T13:28:16","guid":{"rendered":"https:\/\/goias.gov.br\/detran\/?p=394899"},"modified":"2026-03-30T10:28:16","modified_gmt":"2026-03-30T13:28:16","slug":"detran-go-institui-politicas-de-enfrentamento-a-violencia-contra-a-mulher-e-celebra-inclusao-com-entrega-de-cnh-a-primeiro-condutor-com-sindrome-de-down-em-goias","status":"publish","type":"post","link":"https:\/\/goias.gov.br\/detran\/detran-go-institui-politicas-de-enfrentamento-a-violencia-contra-a-mulher-e-celebra-inclusao-com-entrega-de-cnh-a-primeiro-condutor-com-sindrome-de-down-em-goias\/","title":{"rendered":"Detran-GO institui pol\u00edticas de enfrentamento \u00e0 viol\u00eancia contra a mulher e celebra inclus\u00e3o com entrega de CNH a primeiro condutor com s\u00edndrome de Down em Goi\u00e1s"},"content":{"rendered":"\n<p>O Departamento Estadual de Tr\u00e2nsito de Goi\u00e1s (Detran-GO) avan\u00e7a na consolida\u00e7\u00e3o de uma pol\u00edtica p\u00fablica voltada \u00e0 promo\u00e7\u00e3o de direitos e \u00e0 inclus\u00e3o social. Em uma mesma agenda institucional, o \u00f3rg\u00e3o institui, por meio de portaria, medidas de enfrentamento \u00e0 viol\u00eancia contra a mulher e celebra a emiss\u00e3o da Carteira Nacional de Habilita\u00e7\u00e3o (CNH) para o primeiro candidato com s\u00edndrome de Down no Estado.<\/p>\n\n\n\n<p>A nova portaria estabelece diretrizes para preven\u00e7\u00e3o, combate e enfrentamento da viol\u00eancia contra a mulher no ambiente do tr\u00e2nsito e nas rela\u00e7\u00f5es institucionais do Detran-GO. O texto institui prioridade no credenciamento e na autoriza\u00e7\u00e3o para o exerc\u00edcio de atividades vinculadas ao Detran-GO quando requeridas por mulheres v\u00edtimas de viol\u00eancia.<\/p>\n\n\n\n<p>A medida alcan\u00e7a, por exemplo, atividades como funcionamento de Centros de Forma\u00e7\u00e3o de Condutores (autoescolas), atua\u00e7\u00e3o como despachante, cl\u00ednicas credenciadas (m\u00e9dicas e psicol\u00f3gicas), estampadoras de placas e demais servi\u00e7os regulados pelo \u00f3rg\u00e3o. Nesses casos, haver\u00e1 tramita\u00e7\u00e3o preferencial, an\u00e1lise c\u00e9lere e apoio institucional, mediante comprova\u00e7\u00e3o da situa\u00e7\u00e3o de viol\u00eancia.<\/p>\n\n\n\n<p>A portaria veda ainda o credenciamento de pessoas f\u00edsicas ou jur\u00eddicas cujos respons\u00e1veis tenham condena\u00e7\u00e3o por crimes contra a mulher, estabelece prioridade na apura\u00e7\u00e3o de den\u00fancias envolvendo viol\u00eancia de g\u00eanero e refor\u00e7a a ado\u00e7\u00e3o de medidas internas de acolhimento. O texto tamb\u00e9m prev\u00ea a promo\u00e7\u00e3o de a\u00e7\u00f5es educativas e parcerias com a rede de prote\u00e7\u00e3o.<\/p>\n\n\n\n<p>Nas medidas se destaca ainda a inclus\u00e3o obrigat\u00f3ria da tem\u00e1tica nos cursos de forma\u00e7\u00e3o, reciclagem e capacita\u00e7\u00e3o promovidos pelo \u00f3rg\u00e3o, abrangendo conte\u00fados como formas de viol\u00eancia, legisla\u00e7\u00e3o aplic\u00e1vel, mecanismos de den\u00fancia e atua\u00e7\u00e3o preventiva.<\/p>\n\n\n\n<p><strong>Inclus\u00e3o<\/strong><\/p>\n\n\n\n<p>No campo da inclus\u00e3o, o Detran-GO formalizou a entrega da CNH a Jo\u00e3o Vitor de Paiva, primeiro condutor com s\u00edndrome de Down habilitado em Goi\u00e1s. Influenciador digital com mais de um milh\u00e3o de seguidores, ativista e palestrante sobre preconceito e inclus\u00e3o, Jo\u00e3o Vitor \u00e9 tamb\u00e9m ator, modelo e refer\u00eancia nacional na defesa dos direitos das pessoas com defici\u00eancia. Ele integra o grupo de jovens lideran\u00e7as globais do Unicef e foi reconhecido como Melhor Influenciador brasileiro na categoria Diversidade e Inclus\u00e3o no Pr\u00eamio iBest 2024.<\/p>\n\n\n\n<p>Formado em Educa\u00e7\u00e3o F\u00edsica pela PUC-Goi\u00e1s, Jo\u00e3o Vitor sempre teve o objetivo de dirigir, optando por iniciar o processo apenas quando se sentiu plenamente preparado. Com recursos do pr\u00f3prio trabalho, adquiriu um ve\u00edculo zero quil\u00f4metro e presenteou a m\u00e3e com outro autom\u00f3vel, simbolizando autonomia e conquista pessoal. Durante o processo de habilita\u00e7\u00e3o, passou por aulas em autoescola e destacou o atendimento inclusivo recebido.<\/p>\n\n\n\n<p>Para o presidente do Detran-GO, Delegado Waldir, as duas iniciativas refletem o papel institucional do \u00f3rg\u00e3o para al\u00e9m da regula\u00e7\u00e3o do tr\u00e2nsito. \u201cEstamos estruturando pol\u00edticas p\u00fablicas que impactam diretamente a vida das pessoas. Ao mesmo tempo em que enfrentamos, de forma objetiva, a viol\u00eancia contra a mulher, tamb\u00e9m promovemos inclus\u00e3o e garantimos que todos os cidad\u00e3os tenham acesso aos seus direitos, com dignidade e respeito\u201d, afirmou.<\/p>\n","protected":false},"excerpt":{"rendered":"<p>O Departamento Estadual de Tr\u00e2nsito de Goi\u00e1s (Detran-GO) avan\u00e7a na consolida\u00e7\u00e3o de uma pol\u00edtica p\u00fablica voltada \u00e0 promo\u00e7\u00e3o de direitos e \u00e0 inclus\u00e3o social. Em uma mesma agenda institucional, o \u00f3rg\u00e3o institui, por meio de portaria, medidas de enfrentamento \u00e0 viol\u00eancia contra a mulher e celebra a emiss\u00e3o da Carteira Nacional de Habilita\u00e7\u00e3o (CNH) para [&hellip;]<\/p>\n","protected":false},"author":243,"featured_media":394915,"comment_status":"closed","ping_status":"open","sticky":false,"template":"","format":"standard","meta":{"footnotes":"","_links_to":"","_links_to_target":""},"categories":[10],"tags":[],"class_list":["post-394899","post","type-post","status-publish","format-standard","has-post-thumbnail","hentry","category-noticias"],"rttpg_featured_image_url":{"full":["https:\/\/goias.gov.br\/detran\/wp-content\/uploads\/sites\/8\/2026\/03\/WhatsApp-Image-2026-03-30-at-10.22.47.jpeg",1200,600,false],"landscape":["https:\/\/goias.gov.br\/detran\/wp-content\/uploads\/sites\/8\/2026\/03\/WhatsApp-Image-2026-03-30-at-10.22.47.jpeg",1200,600,false],"portraits":["https:\/\/goias.gov.br\/detran\/wp-content\/uploads\/sites\/8\/2026\/03\/WhatsApp-Image-2026-03-30-at-10.22.47.jpeg",1200,600,false],"thumbnail":["https:\/\/goias.gov.br\/detran\/wp-content\/uploads\/sites\/8\/2026\/03\/WhatsApp-Image-2026-03-30-at-10.22.47-150x150.jpeg",150,150,true],"medium":["https:\/\/goias.gov.br\/detran\/wp-content\/uploads\/sites\/8\/2026\/03\/WhatsApp-Image-2026-03-30-at-10.22.47-300x150.jpeg",300,150,true],"large":["https:\/\/goias.gov.br\/detran\/wp-content\/uploads\/sites\/8\/2026\/03\/WhatsApp-Image-2026-03-30-at-10.22.47-1024x512.jpeg",1024,512,true],"1536x1536":["https:\/\/goias.gov.br\/detran\/wp-content\/uploads\/sites\/8\/2026\/03\/WhatsApp-Image-2026-03-30-at-10.22.47.jpeg",1200,600,false],"2048x2048":["https:\/\/goias.gov.br\/detran\/wp-content\/uploads\/sites\/8\/2026\/03\/WhatsApp-Image-2026-03-30-at-10.22.47.jpeg",1200,600,false]},"rttpg_author":{"display_name":"erikalettry","author_link":"https:\/\/goias.gov.br\/detran\/author\/erikalettry\/"},"rttpg_comment":0,"rttpg_category":"<a href=\"https:\/\/goias.gov.br\/detran\/categoria\/noticias\/\" rel=\"category tag\">Not\u00edcias<\/a>","rttpg_excerpt":"O Departamento Estadual de Tr\u00e2nsito de Goi\u00e1s (Detran-GO) avan\u00e7a na consolida\u00e7\u00e3o de uma pol\u00edtica p\u00fablica voltada \u00e0 promo\u00e7\u00e3o de direitos e \u00e0 inclus\u00e3o social. Em uma mesma agenda institucional, o \u00f3rg\u00e3o institui, por meio de portaria, medidas de enfrentamento \u00e0 viol\u00eancia contra a mulher e celebra a emiss\u00e3o da Carteira Nacional de Habilita\u00e7\u00e3o (CNH) para&hellip;","_links":{"self":[{"href":"https:\/\/goias.gov.br\/detran\/wp-json\/wp\/v2\/posts\/394899","targetHints":{"allow":["GET"]}}],"collection":[{"href":"https:\/\/goias.gov.br\/detran\/wp-json\/wp\/v2\/posts"}],"about":[{"href":"https:\/\/goias.gov.br\/detran\/wp-json\/wp\/v2\/types\/post"}],"author":[{"embeddable":true,"href":"https:\/\/goias.gov.br\/detran\/wp-json\/wp\/v2\/users\/243"}],"replies":[{"embeddable":true,"href":"https:\/\/goias.gov.br\/detran\/wp-json\/wp\/v2\/comments?post=394899"}],"version-history":[{"count":1,"href":"https:\/\/goias.gov.br\/detran\/wp-json\/wp\/v2\/posts\/394899\/revisions"}],"predecessor-version":[{"id":394930,"href":"https:\/\/goias.gov.br\/detran\/wp-json\/wp\/v2\/posts\/394899\/revisions\/394930"}],"wp:featuredmedia":[{"embeddable":true,"href":"https:\/\/goias.gov.br\/detran\/wp-json\/wp\/v2\/media\/394915"}],"wp:attachment":[{"href":"https:\/\/goias.gov.br\/detran\/wp-json\/wp\/v2\/media?parent=394899"}],"wp:term":[{"taxonomy":"category","embeddable":true,"href":"https:\/\/goias.gov.br\/detran\/wp-json\/wp\/v2\/categories?post=394899"},{"taxonomy":"post_tag","embeddable":true,"href":"https:\/\/goias.gov.br\/detran\/wp-json\/wp\/v2\/tags?post=394899"}],"curies":[{"name":"wp","href":"https:\/\/api.w.org\/{rel}","templated":true}]}}