

{"id":272038,"date":"2024-11-26T10:57:23","date_gmt":"2024-11-26T13:57:23","guid":{"rendered":"https:\/\/goias.gov.br\/detran\/?p=272038"},"modified":"2024-11-26T10:58:06","modified_gmt":"2024-11-26T13:58:06","slug":"bronca-federal","status":"publish","type":"post","link":"https:\/\/goias.gov.br\/detran\/bronca-federal\/","title":{"rendered":"Senatran, por meio do Detran-GO, alerta que 94 mil candidatos podem perder prazo do processo da CNH em dezembro"},"content":{"rendered":"\n<p><em>Governo federal vinha prorrogando o prazo desde a pandemia, mas informou que este ano n\u00e3o ir\u00e1 prorrogar. Para auxiliar os candidatos que t\u00eam processos prestes a prescrever, o Detran-GO estendeu o calend\u00e1rio de provas de dezembro<\/em><\/p>\n\n\n\n<p>O Departamento Estadual de Tr\u00e2nsito de Goi\u00e1s (Detran-GO) alerta os candidatos \u00e0 Carteira Nacional de Habilita\u00e7\u00e3o (CNH) sobre o vencimento dos processos que, em regra, valem por 12 meses. Levantamento mostra que 94 mil processos remanescentes da pandemia est\u00e3o sem conclus\u00e3o. O prazo final, estipulado pelo Conselho Nacional de Tr\u00e2nsito (Contran), ap\u00f3s v\u00e1rias prorroga\u00e7\u00f5es, vence agora em dezembro de 2024.<\/p>\n\n\n\n<p>Para auxiliar os candidatos, o Detran-GO, em comum acordo com autoescolas, sindicatos e associa\u00e7\u00f5es, ir\u00e1 estender o per\u00edodo de bancas te\u00f3ricas e pr\u00e1ticas no final do ano. As provas acontecer\u00e3o at\u00e9 o dia 23 de dezembro com recesso nos dias 24 e 25 de dezembro. Elas ser\u00e3o retomadas dia 26 a 30 de dezembro. Dia 31 de dezembro o \u00f3rg\u00e3o n\u00e3o ir\u00e1 funcionar.<\/p>\n\n\n\n<p>A orienta\u00e7\u00e3o do Detran-GO \u00e9 que candidatos e Centros de Forma\u00e7\u00e3o de Condutores deem andamento aos processos para evitar a perda do prazo. Muitos foram abertos e paralisados nas primeiras etapas. Ap\u00f3s a abertura do Registro Nacional de Carteira de Habilita\u00e7\u00e3o (Renach), o candidato deve fazer exame psicol\u00f3gico, m\u00e9dico, curso te\u00f3rico, prova te\u00f3rica, curso pr\u00e1tico e prova pr\u00e1tica de dire\u00e7\u00e3o veicular. Se o processo vencer, \u00e9 necess\u00e1rio abrir outro. N\u00e3o h\u00e1 aproveitamento de taxa.<\/p>\n\n\n\n<h2 class=\"wp-block-heading\">Pandemia<\/h2>\n\n\n\n<p>De acordo com a Resolu\u00e7\u00e3o 789\/2020 do Contran, o processo de habilita\u00e7\u00e3o, adi\u00e7\u00e3o ou mudan\u00e7a de categoria tem a validade de 12 meses. Por\u00e9m, devido \u00e0 pandemia v\u00e1rias delibera\u00e7\u00f5es foram sendo publicadas prorrogando os prazos. Na pandemia foram prorrogados 21.575 desta natureza. No ano seguinte foram 37.445. J\u00e1 em 2023 mais 35.113 processos se acumularam.<\/p>\n\n\n\n<p>A Delibera\u00e7\u00e3o 271\/2023 dilatou at\u00e9 31 de dezembro de 2024 a validade de todos os processos ativos nos Detrans at\u00e9 31 de dezembro de 2023. \u201cPara que n\u00e3o perder o processo, o candidato deve estar com a carteira emitida at\u00e9 31 de dezembro\u201d, ressalta Delegado Waldir.<\/p>\n\n\n\n<p>S\u00f3 este ano, o Detran-GO aplicou at\u00e9 agora cerca de 256 mil provas de pr\u00e1tica de dire\u00e7\u00e3o veicular. Para atender os aumentos de demandas, o Detran-GO est\u00e1 formando mais examinadores e, aumentando o quadro com o credenciamento de servidores p\u00fablicos e particulares que tenham o curso e possam atuar como examinadores de tr\u00e2nsito.<\/p>\n\n\n\n<h2 class=\"wp-block-heading\">Consulte seu processo<\/h2>\n\n\n\n<p>O candidato que estiver com d\u00favida em rela\u00e7\u00e3o ao andamento ou validade de seu processo pode consult\u00e1-lo atrav\u00e9s do Portal Expresso ou <a href=\"https:\/\/goias.gov.br\/detran\/\">site<\/a> do Detran. Basta buscar pela op\u00e7\u00e3o \u201cConsultar Renach\u201d.<\/p>\n\n\n\n<p>O interessado ter\u00e1 que fornecer o n\u00famero do Renach e o CPF.<\/p>\n","protected":false},"excerpt":{"rendered":"<p>Governo federal vinha prorrogando o prazo desde a pandemia, mas informou que este ano n\u00e3o ir\u00e1 prorrogar. Para auxiliar os candidatos que t\u00eam processos prestes a prescrever, o Detran-GO estendeu o calend\u00e1rio de provas de dezembro O Departamento Estadual de Tr\u00e2nsito de Goi\u00e1s (Detran-GO) alerta os candidatos \u00e0 Carteira Nacional de Habilita\u00e7\u00e3o (CNH) sobre o [&hellip;]<\/p>\n","protected":false},"author":243,"featured_media":272064,"comment_status":"closed","ping_status":"open","sticky":false,"template":"","format":"standard","meta":{"footnotes":"","_links_to":"","_links_to_target":""},"categories":[10],"tags":[],"class_list":["post-272038","post","type-post","status-publish","format-standard","has-post-thumbnail","hentry","category-noticias"],"rttpg_featured_image_url":{"full":["https:\/\/goias.gov.br\/detran\/wp-content\/uploads\/sites\/8\/2024\/11\/Detran-Alerta-1.png",1080,1080,false],"landscape":["https:\/\/goias.gov.br\/detran\/wp-content\/uploads\/sites\/8\/2024\/11\/Detran-Alerta-1.png",1080,1080,false],"portraits":["https:\/\/goias.gov.br\/detran\/wp-content\/uploads\/sites\/8\/2024\/11\/Detran-Alerta-1.png",1080,1080,false],"thumbnail":["https:\/\/goias.gov.br\/detran\/wp-content\/uploads\/sites\/8\/2024\/11\/Detran-Alerta-1-150x150.png",150,150,true],"medium":["https:\/\/goias.gov.br\/detran\/wp-content\/uploads\/sites\/8\/2024\/11\/Detran-Alerta-1-300x300.png",300,300,true],"large":["https:\/\/goias.gov.br\/detran\/wp-content\/uploads\/sites\/8\/2024\/11\/Detran-Alerta-1-1024x1024.png",1024,1024,true],"1536x1536":["https:\/\/goias.gov.br\/detran\/wp-content\/uploads\/sites\/8\/2024\/11\/Detran-Alerta-1.png",1080,1080,false],"2048x2048":["https:\/\/goias.gov.br\/detran\/wp-content\/uploads\/sites\/8\/2024\/11\/Detran-Alerta-1.png",1080,1080,false]},"rttpg_author":{"display_name":"erikalettry","author_link":"https:\/\/goias.gov.br\/detran\/author\/erikalettry\/"},"rttpg_comment":0,"rttpg_category":"<a href=\"https:\/\/goias.gov.br\/detran\/categoria\/noticias\/\" rel=\"category tag\">Not\u00edcias<\/a>","rttpg_excerpt":"Governo federal vinha prorrogando o prazo desde a pandemia, mas informou que este ano n\u00e3o ir\u00e1 prorrogar. Para auxiliar os candidatos que t\u00eam processos prestes a prescrever, o Detran-GO estendeu o calend\u00e1rio de provas de dezembro O Departamento Estadual de Tr\u00e2nsito de Goi\u00e1s (Detran-GO) alerta os candidatos \u00e0 Carteira Nacional de Habilita\u00e7\u00e3o (CNH) sobre o&hellip;","_links":{"self":[{"href":"https:\/\/goias.gov.br\/detran\/wp-json\/wp\/v2\/posts\/272038","targetHints":{"allow":["GET"]}}],"collection":[{"href":"https:\/\/goias.gov.br\/detran\/wp-json\/wp\/v2\/posts"}],"about":[{"href":"https:\/\/goias.gov.br\/detran\/wp-json\/wp\/v2\/types\/post"}],"author":[{"embeddable":true,"href":"https:\/\/goias.gov.br\/detran\/wp-json\/wp\/v2\/users\/243"}],"replies":[{"embeddable":true,"href":"https:\/\/goias.gov.br\/detran\/wp-json\/wp\/v2\/comments?post=272038"}],"version-history":[{"count":2,"href":"https:\/\/goias.gov.br\/detran\/wp-json\/wp\/v2\/posts\/272038\/revisions"}],"predecessor-version":[{"id":272090,"href":"https:\/\/goias.gov.br\/detran\/wp-json\/wp\/v2\/posts\/272038\/revisions\/272090"}],"wp:featuredmedia":[{"embeddable":true,"href":"https:\/\/goias.gov.br\/detran\/wp-json\/wp\/v2\/media\/272064"}],"wp:attachment":[{"href":"https:\/\/goias.gov.br\/detran\/wp-json\/wp\/v2\/media?parent=272038"}],"wp:term":[{"taxonomy":"category","embeddable":true,"href":"https:\/\/goias.gov.br\/detran\/wp-json\/wp\/v2\/categories?post=272038"},{"taxonomy":"post_tag","embeddable":true,"href":"https:\/\/goias.gov.br\/detran\/wp-json\/wp\/v2\/tags?post=272038"}],"curies":[{"name":"wp","href":"https:\/\/api.w.org\/{rel}","templated":true}]}}