

{"id":2473,"date":"2023-03-21T12:03:00","date_gmt":"2023-03-21T12:03:00","guid":{"rendered":"https:\/\/wwwhomolog.detran.go.gov.br\/?p=2473"},"modified":"2023-07-04T15:05:39","modified_gmt":"2023-07-04T18:05:39","slug":"2473","status":"publish","type":"post","link":"https:\/\/goias.gov.br\/detran\/2473\/","title":{"rendered":"Para limpar p\u00e1tios, Detran-GO realiza leil\u00e3o de 6 mil ve\u00edculos"},"content":{"rendered":"<div><span style=\"background-color: transparent; font-size: 1rem;\">O Departamento Estadual de Tr\u00e2nsito de Goi\u00e1s (Detran-GO) vai limpar os p\u00e1tios de ve\u00edculos apreendidos em todo o estado. A informa\u00e7\u00e3o foi divulgada pelo presidente da autarquia, delegado Waldir Soares, durante visita ao p\u00e1tio de Abadia de Goi\u00e1s, na manh\u00e3 desta segunda-feira (20\/03). O pr\u00f3ximo leil\u00e3o ser\u00e1 realizado no dia 30 deste m\u00eas.<\/span><\/div>\n<div><\/div>\n<div>A meta \u00e9 esvaziar os p\u00e1tios do Detran, Pol\u00edcia Militar e postos do Batalh\u00e3o Rodovi\u00e1rio.&nbsp; De acordo com o presidente do \u00f3rg\u00e3o, ser\u00e3o leiloados ve\u00edculos&nbsp; apreendidos h\u00e1 mais de 60 dias e \u201cesquecidos\u201d pelos propriet\u00e1rios. A a\u00e7\u00e3o busca reduzir o risco de transmiss\u00e3o de doen\u00e7as, os impactos ambientais e zerar o estoque de autom\u00f3veis e motocicletas aptos para leil\u00f5es.<\/div>\n<div><\/div>\n<div>Atualmente, mais de 20 mil ve\u00edculos entre sucatas e recuper\u00e1veis encontra-se retidos. Delegado Waldir alerta que alguns deles chegam a ficar no p\u00e1tio por mais de 10 anos. A a\u00e7\u00e3o do tempo, al\u00e9m de deteriorar o bem, reduzindo o valor venal, gera preju\u00edzos ambientais, pois os ve\u00edculos liberam res\u00edduos poluentes, al\u00e9m de servir como foco para o mosquito da dengue.<\/div>\n<div><\/div>\n<div><b>Pr\u00f3ximo leil\u00e3o<\/b><\/div>\n<div>O Detran vai leiloar aproximadamente seis mil ve\u00edculos no dia 30 de mar\u00e7o. Eles estar\u00e3o dispon\u00edveis para visita\u00e7\u00e3o entre os dias 27 e 29 de mar\u00e7o, das 9h \u00e0s 11h e das 14h \u00e0s 17h, no p\u00e1tio da MC Leil\u00e3o, em Goi\u00e2nia. As imagens ilustrativas tamb\u00e9m ser\u00e3o disponibilizadas pelo site www. mcleilao.com.br.&nbsp;<\/div>\n<div><\/div>\n<div>O propriet\u00e1rio do ve\u00edculo, em at\u00e9 um dia antes da realiza\u00e7\u00e3o do leil\u00e3o, poder\u00e1 reivindic\u00e1-lo, sanando o problema que ocasionou a reten\u00e7\u00e3o e fazendo a retirada. Antes de enviar um ve\u00edculo para leil\u00e3o, o Detran notifica o respons\u00e1vel legal pelo carro ou motocicleta para que ele tenha a oportunidade de reaver o bem.&nbsp;<\/div>\n<div><i><br \/><\/i><\/div>\n<div><i><br \/><\/i><\/div>\n<div><i>Departamento Estadual de Tr\u00e2nsito \u2013 Governo de Goi\u00e1s<\/i><\/div>\n","protected":false},"excerpt":{"rendered":"<p>O Departamento Estadual de Tr\u00e2nsito de Goi\u00e1s (Detran-GO) vai limpar os p\u00e1tios de ve\u00edculos apreendidos em todo o estado. A informa\u00e7\u00e3o foi divulgada pelo presidente da autarquia, delegado Waldir Soares, durante visita ao p\u00e1tio de Abadia de Goi\u00e1s, na manh\u00e3 desta segunda-feira (20\/03). O pr\u00f3ximo leil\u00e3o ser\u00e1 realizado no dia 30 deste m\u00eas. A meta [&hellip;]<\/p>\n","protected":false},"author":1,"featured_media":4903,"comment_status":"closed","ping_status":"open","sticky":false,"template":"","format":"standard","meta":{"footnotes":"","_links_to":"","_links_to_target":""},"categories":[10],"tags":[],"class_list":["post-2473","post","type-post","status-publish","format-standard","has-post-thumbnail","hentry","category-noticias"],"rttpg_featured_image_url":{"full":["https:\/\/goias.gov.br\/detran\/wp-content\/uploads\/sites\/8\/2023\/05\/2473.jpg",0,0,false],"landscape":["https:\/\/goias.gov.br\/detran\/wp-content\/uploads\/sites\/8\/2023\/05\/2473.jpg",0,0,false],"portraits":["https:\/\/goias.gov.br\/detran\/wp-content\/uploads\/sites\/8\/2023\/05\/2473.jpg",0,0,false],"thumbnail":["https:\/\/goias.gov.br\/detran\/wp-content\/uploads\/sites\/8\/2023\/05\/2473.jpg",1,1,false],"medium":["https:\/\/goias.gov.br\/detran\/wp-content\/uploads\/sites\/8\/2023\/05\/2473.jpg",1,1,false],"large":["https:\/\/goias.gov.br\/detran\/wp-content\/uploads\/sites\/8\/2023\/05\/2473.jpg",1,1,false],"1536x1536":["https:\/\/goias.gov.br\/detran\/wp-content\/uploads\/sites\/8\/2023\/05\/2473.jpg",1,1,false],"2048x2048":["https:\/\/goias.gov.br\/detran\/wp-content\/uploads\/sites\/8\/2023\/05\/2473.jpg",1,1,false]},"rttpg_author":{"display_name":"wagner.viana","author_link":"https:\/\/goias.gov.br\/detran\/author\/wagner-viana\/"},"rttpg_comment":0,"rttpg_category":"<a href=\"https:\/\/goias.gov.br\/detran\/categoria\/noticias\/\" rel=\"category tag\">Not\u00edcias<\/a>","rttpg_excerpt":"O Departamento Estadual de Tr\u00e2nsito de Goi\u00e1s (Detran-GO) vai limpar os p\u00e1tios de ve\u00edculos apreendidos em todo o estado. A informa\u00e7\u00e3o foi divulgada pelo presidente da autarquia, delegado Waldir Soares, durante visita ao p\u00e1tio de Abadia de Goi\u00e1s, na manh\u00e3 desta segunda-feira (20\/03). O pr\u00f3ximo leil\u00e3o ser\u00e1 realizado no dia 30 deste m\u00eas. A meta&hellip;","_links":{"self":[{"href":"https:\/\/goias.gov.br\/detran\/wp-json\/wp\/v2\/posts\/2473","targetHints":{"allow":["GET"]}}],"collection":[{"href":"https:\/\/goias.gov.br\/detran\/wp-json\/wp\/v2\/posts"}],"about":[{"href":"https:\/\/goias.gov.br\/detran\/wp-json\/wp\/v2\/types\/post"}],"author":[{"embeddable":true,"href":"https:\/\/goias.gov.br\/detran\/wp-json\/wp\/v2\/users\/1"}],"replies":[{"embeddable":true,"href":"https:\/\/goias.gov.br\/detran\/wp-json\/wp\/v2\/comments?post=2473"}],"version-history":[{"count":1,"href":"https:\/\/goias.gov.br\/detran\/wp-json\/wp\/v2\/posts\/2473\/revisions"}],"predecessor-version":[{"id":201889,"href":"https:\/\/goias.gov.br\/detran\/wp-json\/wp\/v2\/posts\/2473\/revisions\/201889"}],"wp:featuredmedia":[{"embeddable":true,"href":"https:\/\/goias.gov.br\/detran\/wp-json\/wp\/v2\/media\/4903"}],"wp:attachment":[{"href":"https:\/\/goias.gov.br\/detran\/wp-json\/wp\/v2\/media?parent=2473"}],"wp:term":[{"taxonomy":"category","embeddable":true,"href":"https:\/\/goias.gov.br\/detran\/wp-json\/wp\/v2\/categories?post=2473"},{"taxonomy":"post_tag","embeddable":true,"href":"https:\/\/goias.gov.br\/detran\/wp-json\/wp\/v2\/tags?post=2473"}],"curies":[{"name":"wp","href":"https:\/\/api.w.org\/{rel}","templated":true}]}}