

{"id":2428,"date":"2022-05-27T12:05:00","date_gmt":"2022-05-27T12:05:00","guid":{"rendered":"https:\/\/wwwhomolog.detran.go.gov.br\/?p=2428"},"modified":"2023-07-04T15:09:05","modified_gmt":"2023-07-04T18:09:05","slug":"2428","status":"publish","type":"post","link":"https:\/\/goias.gov.br\/detran\/2428\/","title":{"rendered":"Mutir\u00e3o do Governo de Goi\u00e1s em Luzi\u00e2nia ter\u00e1 servi\u00e7os do Detran-GO"},"content":{"rendered":"<p dir=\"auto\" style=\"margin-right: 0px; margin-bottom: 8px; margin-left: 0px; color: rgb(23, 43, 77); font-family: -apple-system, BlinkMacSystemFont, &quot;Segoe UI&quot;, Roboto, &quot;Noto Sans&quot;, Ubuntu, &quot;Droid Sans&quot;, &quot;Helvetica Neue&quot;, sans-serif; font-size: 14px; background-color: rgb(244, 245, 247);\">O Departamento Estadual de Tr\u00e2nsito de Goi\u00e1s (Detran-GO) estar\u00e1 presente na sexta edi\u00e7\u00e3o do Mutir\u00e3o do Governo de Goi\u00e1s. No pr\u00f3ximo final de semana (28 e 29\/05), a autarquia disponibilizar\u00e1 servi\u00e7os gratuitamente na estrutura montada avenida Lucena Roriz, esquina com rua Jaboticabal, Jardim Ing\u00e1, em Luzi\u00e2nia. Entre eles, a emiss\u00e3o de boleto para parcelamento do IPVA, neste ano, pode ser dividido em at\u00e9 oito vezes, conforme cronograma estabelecido pela Secretaria da Economia.<\/p>\n<p dir=\"auto\" style=\"margin-right: 0px; margin-bottom: 8px; margin-left: 0px; color: rgb(23, 43, 77); font-family: -apple-system, BlinkMacSystemFont, &quot;Segoe UI&quot;, Roboto, &quot;Noto Sans&quot;, Ubuntu, &quot;Droid Sans&quot;, &quot;Helvetica Neue&quot;, sans-serif; font-size: 14px; background-color: rgb(244, 245, 247);\"><\/p>\n<p dir=\"auto\" style=\"margin-right: 0px; margin-bottom: 8px; margin-left: 0px; color: rgb(23, 43, 77); font-family: -apple-system, BlinkMacSystemFont, &quot;Segoe UI&quot;, Roboto, &quot;Noto Sans&quot;, Ubuntu, &quot;Droid Sans&quot;, &quot;Helvetica Neue&quot;, sans-serif; font-size: 14px; background-color: rgb(244, 245, 247);\">Equipes da unidade de atendimento do Detran-GO se revezar\u00e3o no local para atender os interessados em fazer consultas de ve\u00edculos, consulta habilita\u00e7\u00e3o, consulta pontua\u00e7\u00e3o de CNH, impress\u00e3o de CRLV-e, parcelamento de IPVA, altera\u00e7\u00e3o de endere\u00e7o, comunicado de venda, embargo de licenciamento, inten\u00e7\u00e3o de venda.<\/p>\n<p dir=\"auto\" style=\"margin-right: 0px; margin-bottom: 8px; margin-left: 0px; color: rgb(23, 43, 77); font-family: -apple-system, BlinkMacSystemFont, &quot;Segoe UI&quot;, Roboto, &quot;Noto Sans&quot;, Ubuntu, &quot;Droid Sans&quot;, &quot;Helvetica Neue&quot;, sans-serif; font-size: 14px; background-color: rgb(244, 245, 247);\"><\/p>\n<p dir=\"auto\" style=\"margin-right: 0px; margin-bottom: 8px; margin-left: 0px; color: rgb(23, 43, 77); font-family: -apple-system, BlinkMacSystemFont, &quot;Segoe UI&quot;, Roboto, &quot;Noto Sans&quot;, Ubuntu, &quot;Droid Sans&quot;, &quot;Helvetica Neue&quot;, sans-serif; font-size: 14px; background-color: rgb(244, 245, 247);\">Tamb\u00e9m haver\u00e1 uma extensa programa\u00e7\u00e3o do Governo de Goi\u00e1s com exames e teste de Covid-19, vagas de emprego, registro civil, cadastro para recebimento de benef\u00edcios sociais, entrega de brinquedos, emiss\u00e3o de identidade e CPF, cadastro no Programa Tarifa Social Baixa Renda da Enel e totens Expresso, plataforma de atendimento digital do Vapt Vupt, que oferecer\u00e3o mais de 70 servi\u00e7os.<\/p>\n<p dir=\"auto\" style=\"margin-right: 0px; margin-bottom: 8px; margin-left: 0px; color: rgb(23, 43, 77); font-family: -apple-system, BlinkMacSystemFont, &quot;Segoe UI&quot;, Roboto, &quot;Noto Sans&quot;, Ubuntu, &quot;Droid Sans&quot;, &quot;Helvetica Neue&quot;, sans-serif; font-size: 14px; background-color: rgb(244, 245, 247);\"><\/p>\n<p dir=\"auto\" style=\"margin-right: 0px; margin-bottom: 8px; margin-left: 0px; color: rgb(23, 43, 77); font-family: -apple-system, BlinkMacSystemFont, &quot;Segoe UI&quot;, Roboto, &quot;Noto Sans&quot;, Ubuntu, &quot;Droid Sans&quot;, &quot;Helvetica Neue&quot;, sans-serif; font-size: 14px; background-color: rgb(244, 245, 247);\">SERVI\u00c7O<\/p>\n<p dir=\"auto\" style=\"margin-right: 0px; margin-bottom: 8px; margin-left: 0px; color: rgb(23, 43, 77); font-family: -apple-system, BlinkMacSystemFont, &quot;Segoe UI&quot;, Roboto, &quot;Noto Sans&quot;, Ubuntu, &quot;Droid Sans&quot;, &quot;Helvetica Neue&quot;, sans-serif; font-size: 14px; background-color: rgb(244, 245, 247);\">O qu\u00ea? Servi\u00e7os do Detran-GO no Mutir\u00e3o do Governo de Goi\u00e1s<br \/>Onde? Avenida Lucena Roriz, esquina com rua Jaboticabal, Jardim Ing\u00e1, Luzi\u00e2nia.<br \/>Quando? 28\/05 das 8h \u00e0s 16h e dia 29\/05 das 8h \u00e0s 12h<\/p>\n","protected":false},"excerpt":{"rendered":"<p>O Departamento Estadual de Tr\u00e2nsito de Goi\u00e1s (Detran-GO) estar\u00e1 presente na sexta edi\u00e7\u00e3o do Mutir\u00e3o do Governo de Goi\u00e1s. No pr\u00f3ximo final de semana (28 e 29\/05), a autarquia disponibilizar\u00e1 servi\u00e7os gratuitamente na estrutura montada avenida Lucena Roriz, esquina com rua Jaboticabal, Jardim Ing\u00e1, em Luzi\u00e2nia. Entre eles, a emiss\u00e3o de boleto para parcelamento do [&hellip;]<\/p>\n","protected":false},"author":1,"featured_media":4858,"comment_status":"closed","ping_status":"open","sticky":false,"template":"","format":"standard","meta":{"footnotes":"","_links_to":"","_links_to_target":""},"categories":[10],"tags":[],"class_list":["post-2428","post","type-post","status-publish","format-standard","has-post-thumbnail","hentry","category-noticias"],"rttpg_featured_image_url":{"full":["https:\/\/goias.gov.br\/detran\/wp-content\/uploads\/sites\/8\/2023\/05\/2428.jpg",0,0,false],"landscape":["https:\/\/goias.gov.br\/detran\/wp-content\/uploads\/sites\/8\/2023\/05\/2428.jpg",0,0,false],"portraits":["https:\/\/goias.gov.br\/detran\/wp-content\/uploads\/sites\/8\/2023\/05\/2428.jpg",0,0,false],"thumbnail":["https:\/\/goias.gov.br\/detran\/wp-content\/uploads\/sites\/8\/2023\/05\/2428.jpg",1,1,false],"medium":["https:\/\/goias.gov.br\/detran\/wp-content\/uploads\/sites\/8\/2023\/05\/2428.jpg",1,1,false],"large":["https:\/\/goias.gov.br\/detran\/wp-content\/uploads\/sites\/8\/2023\/05\/2428.jpg",1,1,false],"1536x1536":["https:\/\/goias.gov.br\/detran\/wp-content\/uploads\/sites\/8\/2023\/05\/2428.jpg",1,1,false],"2048x2048":["https:\/\/goias.gov.br\/detran\/wp-content\/uploads\/sites\/8\/2023\/05\/2428.jpg",1,1,false]},"rttpg_author":{"display_name":"wagner.viana","author_link":"https:\/\/goias.gov.br\/detran\/author\/wagner-viana\/"},"rttpg_comment":0,"rttpg_category":"<a href=\"https:\/\/goias.gov.br\/detran\/categoria\/noticias\/\" rel=\"category tag\">Not\u00edcias<\/a>","rttpg_excerpt":"O Departamento Estadual de Tr\u00e2nsito de Goi\u00e1s (Detran-GO) estar\u00e1 presente na sexta edi\u00e7\u00e3o do Mutir\u00e3o do Governo de Goi\u00e1s. No pr\u00f3ximo final de semana (28 e 29\/05), a autarquia disponibilizar\u00e1 servi\u00e7os gratuitamente na estrutura montada avenida Lucena Roriz, esquina com rua Jaboticabal, Jardim Ing\u00e1, em Luzi\u00e2nia. Entre eles, a emiss\u00e3o de boleto para parcelamento do&hellip;","_links":{"self":[{"href":"https:\/\/goias.gov.br\/detran\/wp-json\/wp\/v2\/posts\/2428","targetHints":{"allow":["GET"]}}],"collection":[{"href":"https:\/\/goias.gov.br\/detran\/wp-json\/wp\/v2\/posts"}],"about":[{"href":"https:\/\/goias.gov.br\/detran\/wp-json\/wp\/v2\/types\/post"}],"author":[{"embeddable":true,"href":"https:\/\/goias.gov.br\/detran\/wp-json\/wp\/v2\/users\/1"}],"replies":[{"embeddable":true,"href":"https:\/\/goias.gov.br\/detran\/wp-json\/wp\/v2\/comments?post=2428"}],"version-history":[{"count":1,"href":"https:\/\/goias.gov.br\/detran\/wp-json\/wp\/v2\/posts\/2428\/revisions"}],"predecessor-version":[{"id":201934,"href":"https:\/\/goias.gov.br\/detran\/wp-json\/wp\/v2\/posts\/2428\/revisions\/201934"}],"wp:featuredmedia":[{"embeddable":true,"href":"https:\/\/goias.gov.br\/detran\/wp-json\/wp\/v2\/media\/4858"}],"wp:attachment":[{"href":"https:\/\/goias.gov.br\/detran\/wp-json\/wp\/v2\/media?parent=2428"}],"wp:term":[{"taxonomy":"category","embeddable":true,"href":"https:\/\/goias.gov.br\/detran\/wp-json\/wp\/v2\/categories?post=2428"},{"taxonomy":"post_tag","embeddable":true,"href":"https:\/\/goias.gov.br\/detran\/wp-json\/wp\/v2\/tags?post=2428"}],"curies":[{"name":"wp","href":"https:\/\/api.w.org\/{rel}","templated":true}]}}