

{"id":2392,"date":"2022-03-28T12:03:00","date_gmt":"2022-03-28T12:03:00","guid":{"rendered":"https:\/\/wwwhomolog.detran.go.gov.br\/?p=2392"},"modified":"2023-07-04T15:09:08","modified_gmt":"2023-07-04T18:09:08","slug":"2392","status":"publish","type":"post","link":"https:\/\/goias.gov.br\/detran\/2392\/","title":{"rendered":"Detran-GO realizou Jornada de Medicina e Psicologia do Tr\u00e1fego"},"content":{"rendered":"<div>As pr\u00e1ticas m\u00e9dicas e psicol\u00f3gicas voltadas para o tr\u00e2nsito foram tema de debate da Jornada de Medicina e Psicologia do Tr\u00e1fego. O evento, promovido pelo Departamento Estadual de Tr\u00e2nsito de Goi\u00e1s (Detran-GO), aconteceu no s\u00e1bado (26\/03), no K Hotel, com o objetivo de reunir profissionais para alinhar as diretrizes de atua\u00e7\u00e3o no procedimento de habilita\u00e7\u00e3o veicular.<\/div>\n<div><\/div>\n<div>A jornada foi realizada em parceria com a Associa\u00e7\u00e3o Brasileira de Medicina de Tr\u00e1fego (Abramet) e Associa\u00e7\u00e3o Brasileira de Psicologia de Tr\u00e1fego (Abrapsit). De acordo com o diretor t\u00e9cnico do Detran-GO, Isac Silva de Souza, todos os profissionais credenciados foram convidados a debater as mudan\u00e7as recentes e discutir a ado\u00e7\u00e3o de pr\u00e1ticas que garantam os direitos da comunidade e a qualidade nos servi\u00e7os oferecidos.<\/div>\n<div><\/div>\n<div>O evento aconteceu das 8h \u00e0s 18h30, no K Hotel, no Jardim Goi\u00e1s. O certificado poder\u00e1 ser utilizado como comprovante de participa\u00e7\u00e3o em curso de aperfei\u00e7oamento, reciclagem ou de atualiza\u00e7\u00e3o, necess\u00e1rios para renova\u00e7\u00e3o do credenciamento anual dos profissionais junto ao Detran-GO.<\/div>\n<div><\/div>\n<div>Al\u00e9m de diretores e representantes do Detran-GO, foram no evento os presidentes da Abramet, Ant\u00f4nio Meira; da Abrapsit, Patr\u00edcia Sandri: do Sindicato dos M\u00e9dicos de Goi\u00e1s (Simego) Franscine Le\u00e3o Rodrigues; e do Conselho Regional de Psicologia, Wadson Arantes Gama.<\/div>\n<div><\/div>\n<div>Goi\u00e2nia, 28 e mar\u00e7o de 2022.<\/div>\n<div>Comunica\u00e7\u00e3o Setorial do Detran-GO<\/div>\n<div><\/div>\n","protected":false},"excerpt":{"rendered":"<p>As pr\u00e1ticas m\u00e9dicas e psicol\u00f3gicas voltadas para o tr\u00e2nsito foram tema de debate da Jornada de Medicina e Psicologia do Tr\u00e1fego. O evento, promovido pelo Departamento Estadual de Tr\u00e2nsito de Goi\u00e1s (Detran-GO), aconteceu no s\u00e1bado (26\/03), no K Hotel, com o objetivo de reunir profissionais para alinhar as diretrizes de atua\u00e7\u00e3o no procedimento de habilita\u00e7\u00e3o [&hellip;]<\/p>\n","protected":false},"author":1,"featured_media":4822,"comment_status":"closed","ping_status":"open","sticky":false,"template":"","format":"standard","meta":{"footnotes":"","_links_to":"","_links_to_target":""},"categories":[10],"tags":[],"class_list":["post-2392","post","type-post","status-publish","format-standard","has-post-thumbnail","hentry","category-noticias"],"rttpg_featured_image_url":{"full":["https:\/\/goias.gov.br\/detran\/wp-content\/uploads\/sites\/8\/2023\/05\/2392.jpg",0,0,false],"landscape":["https:\/\/goias.gov.br\/detran\/wp-content\/uploads\/sites\/8\/2023\/05\/2392.jpg",0,0,false],"portraits":["https:\/\/goias.gov.br\/detran\/wp-content\/uploads\/sites\/8\/2023\/05\/2392.jpg",0,0,false],"thumbnail":["https:\/\/goias.gov.br\/detran\/wp-content\/uploads\/sites\/8\/2023\/05\/2392.jpg",1,1,false],"medium":["https:\/\/goias.gov.br\/detran\/wp-content\/uploads\/sites\/8\/2023\/05\/2392.jpg",1,1,false],"large":["https:\/\/goias.gov.br\/detran\/wp-content\/uploads\/sites\/8\/2023\/05\/2392.jpg",1,1,false],"1536x1536":["https:\/\/goias.gov.br\/detran\/wp-content\/uploads\/sites\/8\/2023\/05\/2392.jpg",1,1,false],"2048x2048":["https:\/\/goias.gov.br\/detran\/wp-content\/uploads\/sites\/8\/2023\/05\/2392.jpg",1,1,false]},"rttpg_author":{"display_name":"wagner.viana","author_link":"https:\/\/goias.gov.br\/detran\/author\/wagner-viana\/"},"rttpg_comment":0,"rttpg_category":"<a href=\"https:\/\/goias.gov.br\/detran\/categoria\/noticias\/\" rel=\"category tag\">Not\u00edcias<\/a>","rttpg_excerpt":"As pr\u00e1ticas m\u00e9dicas e psicol\u00f3gicas voltadas para o tr\u00e2nsito foram tema de debate da Jornada de Medicina e Psicologia do Tr\u00e1fego. O evento, promovido pelo Departamento Estadual de Tr\u00e2nsito de Goi\u00e1s (Detran-GO), aconteceu no s\u00e1bado (26\/03), no K Hotel, com o objetivo de reunir profissionais para alinhar as diretrizes de atua\u00e7\u00e3o no procedimento de habilita\u00e7\u00e3o&hellip;","_links":{"self":[{"href":"https:\/\/goias.gov.br\/detran\/wp-json\/wp\/v2\/posts\/2392","targetHints":{"allow":["GET"]}}],"collection":[{"href":"https:\/\/goias.gov.br\/detran\/wp-json\/wp\/v2\/posts"}],"about":[{"href":"https:\/\/goias.gov.br\/detran\/wp-json\/wp\/v2\/types\/post"}],"author":[{"embeddable":true,"href":"https:\/\/goias.gov.br\/detran\/wp-json\/wp\/v2\/users\/1"}],"replies":[{"embeddable":true,"href":"https:\/\/goias.gov.br\/detran\/wp-json\/wp\/v2\/comments?post=2392"}],"version-history":[{"count":1,"href":"https:\/\/goias.gov.br\/detran\/wp-json\/wp\/v2\/posts\/2392\/revisions"}],"predecessor-version":[{"id":201969,"href":"https:\/\/goias.gov.br\/detran\/wp-json\/wp\/v2\/posts\/2392\/revisions\/201969"}],"wp:featuredmedia":[{"embeddable":true,"href":"https:\/\/goias.gov.br\/detran\/wp-json\/wp\/v2\/media\/4822"}],"wp:attachment":[{"href":"https:\/\/goias.gov.br\/detran\/wp-json\/wp\/v2\/media?parent=2392"}],"wp:term":[{"taxonomy":"category","embeddable":true,"href":"https:\/\/goias.gov.br\/detran\/wp-json\/wp\/v2\/categories?post=2392"},{"taxonomy":"post_tag","embeddable":true,"href":"https:\/\/goias.gov.br\/detran\/wp-json\/wp\/v2\/tags?post=2392"}],"curies":[{"name":"wp","href":"https:\/\/api.w.org\/{rel}","templated":true}]}}