

{"id":2386,"date":"2022-03-16T12:03:00","date_gmt":"2022-03-16T12:03:00","guid":{"rendered":"https:\/\/wwwhomolog.detran.go.gov.br\/?p=2386"},"modified":"2023-07-04T15:09:08","modified_gmt":"2023-07-04T18:09:08","slug":"2386","status":"publish","type":"post","link":"https:\/\/goias.gov.br\/detran\/2386\/","title":{"rendered":"Ciretran de Americano do Brasil funciona em novo endere\u00e7o"},"content":{"rendered":"<div>O Departamento Estadual de Tr\u00e2nsito de Goi\u00e1s (Detran-GO) informa aos usu\u00e1rios da Ciretran de Americano do Brasil que a unidade foi remanejada para novo local de funcionamento.&nbsp; A unidade passa a funcionar na Avenida Goi\u00e1s, antiga Escola Ana do Carmo no Centro. A mudan\u00e7a tem o objetivo de melhorar o atendimento ao cidad\u00e3o e faz parte do plano de a\u00e7\u00e3o do Governo de Goi\u00e1s de descentralizar e melhorar o atendimento \u00e0 popula\u00e7\u00e3o goiana.&nbsp;<\/div>\n<div><\/div>\n<div>Em uma sala ampla, a unidade passa a oferecer mais conforto e comodidade aos usu\u00e1rios da cidade. Segundo a supervisora da Ciretran, M\u00e1rcia Auxiliadora, a nova sala possui espa\u00e7o maior, \u00e9 mais arejada e proporciona seguran\u00e7a aos usu\u00e1rios e servidores.<\/div>\n<div><\/div>\n<div>Americano do Brasil conta com aproximadamente 6 mil habitantes e possui uma frota de 3.136 mil ve\u00edculos. A Ciretran \u00e9 respons\u00e1vel pelos servi\u00e7os de ve\u00edculo e habilita\u00e7\u00e3o, do munic\u00edpio.<\/div>\n<div><\/div>\n<div>A mudan\u00e7a da Ciretran foi articulada pela Ger\u00eancia de Atendimento Regional e realizada em parceria com a Prefeitura Municipal de Americano do Brasil, que tem dado todo apoio ao funcionamento da unidade.&nbsp;<\/div>\n<div><\/div>\n<div>Departamento Estadual de Tr\u00e2nsito de Goi\u00e1s<\/div>\n<div><\/div>\n","protected":false},"excerpt":{"rendered":"<p>O Departamento Estadual de Tr\u00e2nsito de Goi\u00e1s (Detran-GO) informa aos usu\u00e1rios da Ciretran de Americano do Brasil que a unidade foi remanejada para novo local de funcionamento.&nbsp; A unidade passa a funcionar na Avenida Goi\u00e1s, antiga Escola Ana do Carmo no Centro. A mudan\u00e7a tem o objetivo de melhorar o atendimento ao cidad\u00e3o e faz [&hellip;]<\/p>\n","protected":false},"author":1,"featured_media":4816,"comment_status":"closed","ping_status":"open","sticky":false,"template":"","format":"standard","meta":{"footnotes":"","_links_to":"","_links_to_target":""},"categories":[10],"tags":[],"class_list":["post-2386","post","type-post","status-publish","format-standard","has-post-thumbnail","hentry","category-noticias"],"rttpg_featured_image_url":{"full":["https:\/\/goias.gov.br\/detran\/wp-content\/uploads\/sites\/8\/2023\/05\/2386.jpg",0,0,false],"landscape":["https:\/\/goias.gov.br\/detran\/wp-content\/uploads\/sites\/8\/2023\/05\/2386.jpg",0,0,false],"portraits":["https:\/\/goias.gov.br\/detran\/wp-content\/uploads\/sites\/8\/2023\/05\/2386.jpg",0,0,false],"thumbnail":["https:\/\/goias.gov.br\/detran\/wp-content\/uploads\/sites\/8\/2023\/05\/2386.jpg",1,1,false],"medium":["https:\/\/goias.gov.br\/detran\/wp-content\/uploads\/sites\/8\/2023\/05\/2386.jpg",1,1,false],"large":["https:\/\/goias.gov.br\/detran\/wp-content\/uploads\/sites\/8\/2023\/05\/2386.jpg",1,1,false],"1536x1536":["https:\/\/goias.gov.br\/detran\/wp-content\/uploads\/sites\/8\/2023\/05\/2386.jpg",1,1,false],"2048x2048":["https:\/\/goias.gov.br\/detran\/wp-content\/uploads\/sites\/8\/2023\/05\/2386.jpg",1,1,false]},"rttpg_author":{"display_name":"wagner.viana","author_link":"https:\/\/goias.gov.br\/detran\/author\/wagner-viana\/"},"rttpg_comment":0,"rttpg_category":"<a href=\"https:\/\/goias.gov.br\/detran\/categoria\/noticias\/\" rel=\"category tag\">Not\u00edcias<\/a>","rttpg_excerpt":"O Departamento Estadual de Tr\u00e2nsito de Goi\u00e1s (Detran-GO) informa aos usu\u00e1rios da Ciretran de Americano do Brasil que a unidade foi remanejada para novo local de funcionamento.&nbsp; A unidade passa a funcionar na Avenida Goi\u00e1s, antiga Escola Ana do Carmo no Centro. A mudan\u00e7a tem o objetivo de melhorar o atendimento ao cidad\u00e3o e faz&hellip;","_links":{"self":[{"href":"https:\/\/goias.gov.br\/detran\/wp-json\/wp\/v2\/posts\/2386","targetHints":{"allow":["GET"]}}],"collection":[{"href":"https:\/\/goias.gov.br\/detran\/wp-json\/wp\/v2\/posts"}],"about":[{"href":"https:\/\/goias.gov.br\/detran\/wp-json\/wp\/v2\/types\/post"}],"author":[{"embeddable":true,"href":"https:\/\/goias.gov.br\/detran\/wp-json\/wp\/v2\/users\/1"}],"replies":[{"embeddable":true,"href":"https:\/\/goias.gov.br\/detran\/wp-json\/wp\/v2\/comments?post=2386"}],"version-history":[{"count":1,"href":"https:\/\/goias.gov.br\/detran\/wp-json\/wp\/v2\/posts\/2386\/revisions"}],"predecessor-version":[{"id":201974,"href":"https:\/\/goias.gov.br\/detran\/wp-json\/wp\/v2\/posts\/2386\/revisions\/201974"}],"wp:featuredmedia":[{"embeddable":true,"href":"https:\/\/goias.gov.br\/detran\/wp-json\/wp\/v2\/media\/4816"}],"wp:attachment":[{"href":"https:\/\/goias.gov.br\/detran\/wp-json\/wp\/v2\/media?parent=2386"}],"wp:term":[{"taxonomy":"category","embeddable":true,"href":"https:\/\/goias.gov.br\/detran\/wp-json\/wp\/v2\/categories?post=2386"},{"taxonomy":"post_tag","embeddable":true,"href":"https:\/\/goias.gov.br\/detran\/wp-json\/wp\/v2\/tags?post=2386"}],"curies":[{"name":"wp","href":"https:\/\/api.w.org\/{rel}","templated":true}]}}