

{"id":2385,"date":"2022-03-15T12:03:00","date_gmt":"2022-03-15T12:03:00","guid":{"rendered":"https:\/\/wwwhomolog.detran.go.gov.br\/?p=2385"},"modified":"2023-07-04T15:09:08","modified_gmt":"2023-07-04T18:09:08","slug":"2385","status":"publish","type":"post","link":"https:\/\/goias.gov.br\/detran\/2385\/","title":{"rendered":"Detran-GO faz conv\u00eanio com Guarda Civil Metropolitana para fiscaliza\u00e7\u00e3o de tr\u00e2nsito"},"content":{"rendered":"<div>A seguran\u00e7a de tr\u00e2nsito na capital ter\u00e1 refor\u00e7o. O Departamento Estadual de Tr\u00e2nsito de Goi\u00e1s e a Guarda Civil Metropolitana de Goi\u00e2nia firmaram conv\u00eanio visando a fiscaliza\u00e7\u00e3o, educa\u00e7\u00e3o de tr\u00e2nsito e desenvolvimento de atividades que promovam a&nbsp; seguran\u00e7a dos usu\u00e1rios das vias. O documento assinado na manh\u00e3 desta ter\u00e7a-feira (15\/03) prev\u00ea a coopera\u00e7\u00e3o m\u00fatua e entra em vigor a partir da data de publica\u00e7\u00e3o. A validade \u00e9 de 60 meses.<\/div>\n<div><\/div>\n<div>Na pr\u00e1tica, o Detran-GO delega \u00e0 Guarda Civil poderes para realizar fiscaliza\u00e7\u00e3o e policiamento de tr\u00e2nsito urbano. Segundo o presidente da autarquia estadual, Marcos Roberto Silva, antes os agentes dever\u00e3o passar por capacita\u00e7\u00e3o espec\u00edfica para o tr\u00e2nsito e serem credenciados. Eles poder\u00e3o autuar e aplicar medidas administrativas de tr\u00e2nsito de forma isolada ou conjunta e programar opera\u00e7\u00f5es.<\/div>\n<div><\/div>\n<div>Com frota registrada de 1,28 milh\u00e3o de ve\u00edculos, Goi\u00e2nia enfrenta diversos problemas no tr\u00e2nsito. \u201cA expectativa \u00e9 que a Guarda Civil Metropolitana venha somar aos esfor\u00e7os que o Detran-GO tem envidado no sentido de promover o compartilhamento seguro das vias. Temos investido na forma\u00e7\u00e3o do condutor, na difus\u00e3o da educa\u00e7\u00e3o de tr\u00e2nsito e na engenharia de tr\u00e1fego\u201d, pontua o presidente.<\/div>\n<div><\/div>\n<div>O conv\u00eanio prev\u00ea ainda a realiza\u00e7\u00e3o de a\u00e7\u00f5es educativas e de preven\u00e7\u00e3o de conflitos no tr\u00e2nsito. Caber\u00e1 \u00e0 Guarda Municipal, por exemplo, coletar e tabular dados estat\u00edsticos sobre acidentes no per\u00edmetro urbano, planejar a\u00e7\u00f5es visando a redu\u00e7\u00e3o de acidentes; organizar e participar em conjunto com o Detran-GO de campanhas voltadas \u00e0 educa\u00e7\u00e3o de tr\u00e2nsito.&nbsp;<\/div>\n<div><\/div>\n<div>As atividades de fiscaliza\u00e7\u00e3o e opera\u00e7\u00f5es voltadas ao tr\u00e2nsito ser\u00e3o acompanhadas pelo Detran-GO, que tamb\u00e9m ser\u00e1 o respons\u00e1vel pelo fornecimento do talon\u00e1rio de Auto de Infra\u00e7\u00e3o de Tr\u00e2nsito. As autua\u00e7\u00f5es dos motoristas infratores ser\u00e3o geridas pela autarquia, que notificar\u00e1 as autua\u00e7\u00f5es e penalidades<\/div>\n","protected":false},"excerpt":{"rendered":"<p>A seguran\u00e7a de tr\u00e2nsito na capital ter\u00e1 refor\u00e7o. O Departamento Estadual de Tr\u00e2nsito de Goi\u00e1s e a Guarda Civil Metropolitana de Goi\u00e2nia firmaram conv\u00eanio visando a fiscaliza\u00e7\u00e3o, educa\u00e7\u00e3o de tr\u00e2nsito e desenvolvimento de atividades que promovam a&nbsp; seguran\u00e7a dos usu\u00e1rios das vias. O documento assinado na manh\u00e3 desta ter\u00e7a-feira (15\/03) prev\u00ea a coopera\u00e7\u00e3o m\u00fatua e [&hellip;]<\/p>\n","protected":false},"author":1,"featured_media":4815,"comment_status":"closed","ping_status":"open","sticky":false,"template":"","format":"standard","meta":{"footnotes":"","_links_to":"","_links_to_target":""},"categories":[10],"tags":[],"class_list":["post-2385","post","type-post","status-publish","format-standard","has-post-thumbnail","hentry","category-noticias"],"rttpg_featured_image_url":{"full":["https:\/\/goias.gov.br\/detran\/wp-content\/uploads\/sites\/8\/2023\/05\/2385.jpg",0,0,false],"landscape":["https:\/\/goias.gov.br\/detran\/wp-content\/uploads\/sites\/8\/2023\/05\/2385.jpg",0,0,false],"portraits":["https:\/\/goias.gov.br\/detran\/wp-content\/uploads\/sites\/8\/2023\/05\/2385.jpg",0,0,false],"thumbnail":["https:\/\/goias.gov.br\/detran\/wp-content\/uploads\/sites\/8\/2023\/05\/2385.jpg",1,1,false],"medium":["https:\/\/goias.gov.br\/detran\/wp-content\/uploads\/sites\/8\/2023\/05\/2385.jpg",1,1,false],"large":["https:\/\/goias.gov.br\/detran\/wp-content\/uploads\/sites\/8\/2023\/05\/2385.jpg",1,1,false],"1536x1536":["https:\/\/goias.gov.br\/detran\/wp-content\/uploads\/sites\/8\/2023\/05\/2385.jpg",1,1,false],"2048x2048":["https:\/\/goias.gov.br\/detran\/wp-content\/uploads\/sites\/8\/2023\/05\/2385.jpg",1,1,false]},"rttpg_author":{"display_name":"wagner.viana","author_link":"https:\/\/goias.gov.br\/detran\/author\/wagner-viana\/"},"rttpg_comment":0,"rttpg_category":"<a href=\"https:\/\/goias.gov.br\/detran\/categoria\/noticias\/\" rel=\"category tag\">Not\u00edcias<\/a>","rttpg_excerpt":"A seguran\u00e7a de tr\u00e2nsito na capital ter\u00e1 refor\u00e7o. O Departamento Estadual de Tr\u00e2nsito de Goi\u00e1s e a Guarda Civil Metropolitana de Goi\u00e2nia firmaram conv\u00eanio visando a fiscaliza\u00e7\u00e3o, educa\u00e7\u00e3o de tr\u00e2nsito e desenvolvimento de atividades que promovam a&nbsp; seguran\u00e7a dos usu\u00e1rios das vias. O documento assinado na manh\u00e3 desta ter\u00e7a-feira (15\/03) prev\u00ea a coopera\u00e7\u00e3o m\u00fatua e&hellip;","_links":{"self":[{"href":"https:\/\/goias.gov.br\/detran\/wp-json\/wp\/v2\/posts\/2385","targetHints":{"allow":["GET"]}}],"collection":[{"href":"https:\/\/goias.gov.br\/detran\/wp-json\/wp\/v2\/posts"}],"about":[{"href":"https:\/\/goias.gov.br\/detran\/wp-json\/wp\/v2\/types\/post"}],"author":[{"embeddable":true,"href":"https:\/\/goias.gov.br\/detran\/wp-json\/wp\/v2\/users\/1"}],"replies":[{"embeddable":true,"href":"https:\/\/goias.gov.br\/detran\/wp-json\/wp\/v2\/comments?post=2385"}],"version-history":[{"count":1,"href":"https:\/\/goias.gov.br\/detran\/wp-json\/wp\/v2\/posts\/2385\/revisions"}],"predecessor-version":[{"id":201977,"href":"https:\/\/goias.gov.br\/detran\/wp-json\/wp\/v2\/posts\/2385\/revisions\/201977"}],"wp:featuredmedia":[{"embeddable":true,"href":"https:\/\/goias.gov.br\/detran\/wp-json\/wp\/v2\/media\/4815"}],"wp:attachment":[{"href":"https:\/\/goias.gov.br\/detran\/wp-json\/wp\/v2\/media?parent=2385"}],"wp:term":[{"taxonomy":"category","embeddable":true,"href":"https:\/\/goias.gov.br\/detran\/wp-json\/wp\/v2\/categories?post=2385"},{"taxonomy":"post_tag","embeddable":true,"href":"https:\/\/goias.gov.br\/detran\/wp-json\/wp\/v2\/tags?post=2385"}],"curies":[{"name":"wp","href":"https:\/\/api.w.org\/{rel}","templated":true}]}}