

{"id":2384,"date":"2022-03-15T12:03:00","date_gmt":"2022-03-15T12:03:00","guid":{"rendered":"https:\/\/wwwhomolog.detran.go.gov.br\/?p=2384"},"modified":"2023-07-04T15:09:08","modified_gmt":"2023-07-04T18:09:08","slug":"2384","status":"publish","type":"post","link":"https:\/\/goias.gov.br\/detran\/2384\/","title":{"rendered":"Governo de Goi\u00e1s sinaliza as ruas de Abadi\u00e2nia"},"content":{"rendered":"<div><span style=\"background-color: transparent; font-size: 1rem;\">O Governo de Goi\u00e1s, por meio do Departamento Estadual de Tr\u00e2nsito de Goi\u00e1s (Detran-GO), realizou a revitaliza\u00e7\u00e3o e sinaliza\u00e7\u00e3o das vias urbanas de Abadi\u00e2nia, a 90 quil\u00f4metros de Goi\u00e2nia. Respons\u00e1vel pela execu\u00e7\u00e3o do programa Sinaliza Goi\u00e1s, equipes da Ger\u00eancia de Engenharia de Tr\u00e2nsito implantaram 2,2 mil metros quadrados de sinaliza\u00e7\u00e3o horizontal e instalaram 287 placas.<\/span><\/div>\n<div><\/div>\n<div>Foram instaladas placas de Pare, Estacionamento Proibido e \u00c1rea Escolar. Na sinaliza\u00e7\u00e3o horizontal, s\u00e3o faixas cont\u00ednuas, seccionadas, de reten\u00e7\u00e3o, Pare e faixas de pedestres. As ferramentas buscam melhorar a fluidez do tr\u00e2nsito e garantir a seguran\u00e7a dos usu\u00e1rios das vias.&nbsp;<\/div>\n<div><\/div>\n<div>O trabalho de sinaliza\u00e7\u00e3o implantado pelo Detran-GO tem como pilar o plano de circula\u00e7\u00e3o, que busca diminuir pontos de conflito, adequar a velocidade dos condutores \u00e0 seguran\u00e7a da via e aumentar a visibilidade e fluidez nos cruzamentos. O programa Sinaliza Goi\u00e1s busca auxiliar as prefeituras na constru\u00e7\u00e3o de um tr\u00e2nsito mais humano e seguro para pedestres, ciclistas e condutores.&nbsp;<\/div>\n<div><\/div>\n<div>Departamento Estadual de Tr\u00e2nsito de Goi\u00e1s &#8211; Governo de Goi\u00e1s.<\/div>\n","protected":false},"excerpt":{"rendered":"<p>O Governo de Goi\u00e1s, por meio do Departamento Estadual de Tr\u00e2nsito de Goi\u00e1s (Detran-GO), realizou a revitaliza\u00e7\u00e3o e sinaliza\u00e7\u00e3o das vias urbanas de Abadi\u00e2nia, a 90 quil\u00f4metros de Goi\u00e2nia. Respons\u00e1vel pela execu\u00e7\u00e3o do programa Sinaliza Goi\u00e1s, equipes da Ger\u00eancia de Engenharia de Tr\u00e2nsito implantaram 2,2 mil metros quadrados de sinaliza\u00e7\u00e3o horizontal e instalaram 287 placas. [&hellip;]<\/p>\n","protected":false},"author":1,"featured_media":4814,"comment_status":"closed","ping_status":"open","sticky":false,"template":"","format":"standard","meta":{"footnotes":"","_links_to":"","_links_to_target":""},"categories":[10],"tags":[],"class_list":["post-2384","post","type-post","status-publish","format-standard","has-post-thumbnail","hentry","category-noticias"],"rttpg_featured_image_url":{"full":["https:\/\/goias.gov.br\/detran\/wp-content\/uploads\/sites\/8\/2023\/05\/2384.jpg",0,0,false],"landscape":["https:\/\/goias.gov.br\/detran\/wp-content\/uploads\/sites\/8\/2023\/05\/2384.jpg",0,0,false],"portraits":["https:\/\/goias.gov.br\/detran\/wp-content\/uploads\/sites\/8\/2023\/05\/2384.jpg",0,0,false],"thumbnail":["https:\/\/goias.gov.br\/detran\/wp-content\/uploads\/sites\/8\/2023\/05\/2384.jpg",1,1,false],"medium":["https:\/\/goias.gov.br\/detran\/wp-content\/uploads\/sites\/8\/2023\/05\/2384.jpg",1,1,false],"large":["https:\/\/goias.gov.br\/detran\/wp-content\/uploads\/sites\/8\/2023\/05\/2384.jpg",1,1,false],"1536x1536":["https:\/\/goias.gov.br\/detran\/wp-content\/uploads\/sites\/8\/2023\/05\/2384.jpg",1,1,false],"2048x2048":["https:\/\/goias.gov.br\/detran\/wp-content\/uploads\/sites\/8\/2023\/05\/2384.jpg",1,1,false]},"rttpg_author":{"display_name":"wagner.viana","author_link":"https:\/\/goias.gov.br\/detran\/author\/wagner-viana\/"},"rttpg_comment":0,"rttpg_category":"<a href=\"https:\/\/goias.gov.br\/detran\/categoria\/noticias\/\" rel=\"category tag\">Not\u00edcias<\/a>","rttpg_excerpt":"O Governo de Goi\u00e1s, por meio do Departamento Estadual de Tr\u00e2nsito de Goi\u00e1s (Detran-GO), realizou a revitaliza\u00e7\u00e3o e sinaliza\u00e7\u00e3o das vias urbanas de Abadi\u00e2nia, a 90 quil\u00f4metros de Goi\u00e2nia. Respons\u00e1vel pela execu\u00e7\u00e3o do programa Sinaliza Goi\u00e1s, equipes da Ger\u00eancia de Engenharia de Tr\u00e2nsito implantaram 2,2 mil metros quadrados de sinaliza\u00e7\u00e3o horizontal e instalaram 287 placas.&hellip;","_links":{"self":[{"href":"https:\/\/goias.gov.br\/detran\/wp-json\/wp\/v2\/posts\/2384","targetHints":{"allow":["GET"]}}],"collection":[{"href":"https:\/\/goias.gov.br\/detran\/wp-json\/wp\/v2\/posts"}],"about":[{"href":"https:\/\/goias.gov.br\/detran\/wp-json\/wp\/v2\/types\/post"}],"author":[{"embeddable":true,"href":"https:\/\/goias.gov.br\/detran\/wp-json\/wp\/v2\/users\/1"}],"replies":[{"embeddable":true,"href":"https:\/\/goias.gov.br\/detran\/wp-json\/wp\/v2\/comments?post=2384"}],"version-history":[{"count":1,"href":"https:\/\/goias.gov.br\/detran\/wp-json\/wp\/v2\/posts\/2384\/revisions"}],"predecessor-version":[{"id":201976,"href":"https:\/\/goias.gov.br\/detran\/wp-json\/wp\/v2\/posts\/2384\/revisions\/201976"}],"wp:featuredmedia":[{"embeddable":true,"href":"https:\/\/goias.gov.br\/detran\/wp-json\/wp\/v2\/media\/4814"}],"wp:attachment":[{"href":"https:\/\/goias.gov.br\/detran\/wp-json\/wp\/v2\/media?parent=2384"}],"wp:term":[{"taxonomy":"category","embeddable":true,"href":"https:\/\/goias.gov.br\/detran\/wp-json\/wp\/v2\/categories?post=2384"},{"taxonomy":"post_tag","embeddable":true,"href":"https:\/\/goias.gov.br\/detran\/wp-json\/wp\/v2\/tags?post=2384"}],"curies":[{"name":"wp","href":"https:\/\/api.w.org\/{rel}","templated":true}]}}