

{"id":2376,"date":"2022-03-09T12:03:00","date_gmt":"2022-03-09T12:03:00","guid":{"rendered":"https:\/\/wwwhomolog.detran.go.gov.br\/?p=2376"},"modified":"2023-07-04T15:09:09","modified_gmt":"2023-07-04T18:09:09","slug":"2376","status":"publish","type":"post","link":"https:\/\/goias.gov.br\/detran\/2376\/","title":{"rendered":"Edealina recebe mais de dois mil metros quadrados de sinaliza\u00e7\u00e3o do Detran-GO"},"content":{"rendered":"<div>O Departamento Estadual de Tr\u00e2nsito de Goi\u00e1s (Detran-GO) finalizou a sinaliza\u00e7\u00e3o vi\u00e1ria em Edealina, melhorando o tr\u00e2nsito local. Equipes da Ger\u00eancia de Engenharia de Tr\u00e2nsito da autarquia estiveram nesta primeira quinzena no munic\u00edpio para implantar no per\u00edmetro urbano 2,3 mil metros quadrados de sinaliza\u00e7\u00e3o horizontal e 160 placas de sinaliza\u00e7\u00e3o vertical.&nbsp;<\/div>\n<div><\/div>\n<div>A sinaliza\u00e7\u00e3o gr\u00e1fica horizontal \u00e9 implantada sobre o pavimento para o controle, advert\u00eancia e orienta\u00e7\u00e3o ou informa\u00e7\u00e3o, como faixa de pedestres, faixas cont\u00ednuas ou intermitentes. A sinaliza\u00e7\u00e3o \u00e9 essencial para comunica\u00e7\u00e3o entre os usu\u00e1rios da via (motorista, motociclistas, ciclistas e pedestre) e sua observ\u00e2ncia previne acidentes.&nbsp;<\/div>\n<div><\/div>\n<div>O Detran-GO mant\u00e9m o ritmo de trabalho para garantir a seguran\u00e7a vi\u00e1ria em todo o Estado. A autarquia \u00e9 respons\u00e1vel pelo projeto, equipamento e apoio t\u00e9cnico.&nbsp;<\/div>\n<div><\/div>\n<div>Departamento Estadual de Tr\u00e2nsito de Goi\u00e1s<\/div>\n","protected":false},"excerpt":{"rendered":"<p>O Departamento Estadual de Tr\u00e2nsito de Goi\u00e1s (Detran-GO) finalizou a sinaliza\u00e7\u00e3o vi\u00e1ria em Edealina, melhorando o tr\u00e2nsito local. Equipes da Ger\u00eancia de Engenharia de Tr\u00e2nsito da autarquia estiveram nesta primeira quinzena no munic\u00edpio para implantar no per\u00edmetro urbano 2,3 mil metros quadrados de sinaliza\u00e7\u00e3o horizontal e 160 placas de sinaliza\u00e7\u00e3o vertical.&nbsp; A sinaliza\u00e7\u00e3o gr\u00e1fica horizontal [&hellip;]<\/p>\n","protected":false},"author":1,"featured_media":4806,"comment_status":"closed","ping_status":"open","sticky":false,"template":"","format":"standard","meta":{"footnotes":"","_links_to":"","_links_to_target":""},"categories":[10],"tags":[],"class_list":["post-2376","post","type-post","status-publish","format-standard","has-post-thumbnail","hentry","category-noticias"],"rttpg_featured_image_url":{"full":["https:\/\/goias.gov.br\/detran\/wp-content\/uploads\/sites\/8\/2023\/05\/2376.jpg",0,0,false],"landscape":["https:\/\/goias.gov.br\/detran\/wp-content\/uploads\/sites\/8\/2023\/05\/2376.jpg",0,0,false],"portraits":["https:\/\/goias.gov.br\/detran\/wp-content\/uploads\/sites\/8\/2023\/05\/2376.jpg",0,0,false],"thumbnail":["https:\/\/goias.gov.br\/detran\/wp-content\/uploads\/sites\/8\/2023\/05\/2376.jpg",1,1,false],"medium":["https:\/\/goias.gov.br\/detran\/wp-content\/uploads\/sites\/8\/2023\/05\/2376.jpg",1,1,false],"large":["https:\/\/goias.gov.br\/detran\/wp-content\/uploads\/sites\/8\/2023\/05\/2376.jpg",1,1,false],"1536x1536":["https:\/\/goias.gov.br\/detran\/wp-content\/uploads\/sites\/8\/2023\/05\/2376.jpg",1,1,false],"2048x2048":["https:\/\/goias.gov.br\/detran\/wp-content\/uploads\/sites\/8\/2023\/05\/2376.jpg",1,1,false]},"rttpg_author":{"display_name":"wagner.viana","author_link":"https:\/\/goias.gov.br\/detran\/author\/wagner-viana\/"},"rttpg_comment":0,"rttpg_category":"<a href=\"https:\/\/goias.gov.br\/detran\/categoria\/noticias\/\" rel=\"category tag\">Not\u00edcias<\/a>","rttpg_excerpt":"O Departamento Estadual de Tr\u00e2nsito de Goi\u00e1s (Detran-GO) finalizou a sinaliza\u00e7\u00e3o vi\u00e1ria em Edealina, melhorando o tr\u00e2nsito local. Equipes da Ger\u00eancia de Engenharia de Tr\u00e2nsito da autarquia estiveram nesta primeira quinzena no munic\u00edpio para implantar no per\u00edmetro urbano 2,3 mil metros quadrados de sinaliza\u00e7\u00e3o horizontal e 160 placas de sinaliza\u00e7\u00e3o vertical.&nbsp; A sinaliza\u00e7\u00e3o gr\u00e1fica horizontal&hellip;","_links":{"self":[{"href":"https:\/\/goias.gov.br\/detran\/wp-json\/wp\/v2\/posts\/2376","targetHints":{"allow":["GET"]}}],"collection":[{"href":"https:\/\/goias.gov.br\/detran\/wp-json\/wp\/v2\/posts"}],"about":[{"href":"https:\/\/goias.gov.br\/detran\/wp-json\/wp\/v2\/types\/post"}],"author":[{"embeddable":true,"href":"https:\/\/goias.gov.br\/detran\/wp-json\/wp\/v2\/users\/1"}],"replies":[{"embeddable":true,"href":"https:\/\/goias.gov.br\/detran\/wp-json\/wp\/v2\/comments?post=2376"}],"version-history":[{"count":1,"href":"https:\/\/goias.gov.br\/detran\/wp-json\/wp\/v2\/posts\/2376\/revisions"}],"predecessor-version":[{"id":201984,"href":"https:\/\/goias.gov.br\/detran\/wp-json\/wp\/v2\/posts\/2376\/revisions\/201984"}],"wp:featuredmedia":[{"embeddable":true,"href":"https:\/\/goias.gov.br\/detran\/wp-json\/wp\/v2\/media\/4806"}],"wp:attachment":[{"href":"https:\/\/goias.gov.br\/detran\/wp-json\/wp\/v2\/media?parent=2376"}],"wp:term":[{"taxonomy":"category","embeddable":true,"href":"https:\/\/goias.gov.br\/detran\/wp-json\/wp\/v2\/categories?post=2376"},{"taxonomy":"post_tag","embeddable":true,"href":"https:\/\/goias.gov.br\/detran\/wp-json\/wp\/v2\/tags?post=2376"}],"curies":[{"name":"wp","href":"https:\/\/api.w.org\/{rel}","templated":true}]}}