

{"id":2369,"date":"2022-02-24T12:02:00","date_gmt":"2022-02-24T12:02:00","guid":{"rendered":"https:\/\/wwwhomolog.detran.go.gov.br\/?p=2369"},"modified":"-0001-11-30T00:00:00","modified_gmt":"-0001-11-30T03:00:00","slug":"2369","status":"publish","type":"post","link":"https:\/\/goias.gov.br\/detran\/2369\/","title":{"rendered":"Detran-GO entrega sinaliza\u00e7\u00e3o em Varj\u00e3o"},"content":{"rendered":"<div>O Governo de Goi\u00e1s, por meio do Departamento Estadual de Tr\u00e2nsito de Goi\u00e1s (Detran-GO), investe na melhoria da qualidade de vida e do tr\u00e2nsito nos 246 munic\u00edpios goianos. Neste m\u00eas, os benef\u00edcios chegaram a Varj\u00e3o. Situada a 70 quil\u00f4metros da capital, a cidade ganhou faixas cont\u00ednuas, intermitentes, de pedestre e de canaliza\u00e7\u00e3o, totalizando 950 metros quadrados de sinaliza\u00e7\u00e3o horizontal. Tamb\u00e9m foram implantadas 103 placas de sinaliza\u00e7\u00e3o vertical.<\/div>\n<div><\/div>\n<div>O trabalho de sinaliza\u00e7\u00e3o implantado pelo Detran-GO tem como pilar o plano de circula\u00e7\u00e3o, que busca diminuir pontos de conflitos; adequar a velocidade dos condutores \u00e0 seguran\u00e7a da via; e aumentar a visibilidade e fluidez nos cruzamentos. Al\u00e9m de locais de grande fluxo e altos \u00edndices de acidentes, as equipes de engenharia de tr\u00e1fego priorizam as imedia\u00e7\u00f5es de escolas, visando oferecer melhores condi\u00e7\u00f5es de travessias para os pedestres.<\/div>\n<div><\/div>\n<div>A sinaliza\u00e7\u00e3o foi realizada por meio do programa Sinaliza Goi\u00e1s, lan\u00e7ado pelo Governo do Estado, busca auxiliar os munic\u00edpios levando maior seguran\u00e7a ao tr\u00e2nsito local.<\/div>\n<div><\/div>\n<div>Goi\u00e2nia, 24 de fevereiro de 2022.<\/div>\n<div>Comunica\u00e7\u00e3o Setorial do Detran-GO<\/div>\n","protected":false},"excerpt":{"rendered":"<p>O Governo de Goi\u00e1s, por meio do Departamento Estadual de Tr\u00e2nsito de Goi\u00e1s (Detran-GO), investe na melhoria da qualidade de vida e do tr\u00e2nsito nos 246 munic\u00edpios goianos. Neste m\u00eas, os benef\u00edcios chegaram a Varj\u00e3o. Situada a 70 quil\u00f4metros da capital, a cidade ganhou faixas cont\u00ednuas, intermitentes, de pedestre e de canaliza\u00e7\u00e3o, totalizando 950 metros [&hellip;]<\/p>\n","protected":false},"author":1,"featured_media":4799,"comment_status":"closed","ping_status":"open","sticky":false,"template":"","format":"standard","meta":{"footnotes":"","_links_to":"","_links_to_target":""},"categories":[10],"tags":[],"class_list":["post-2369","post","type-post","status-publish","format-standard","has-post-thumbnail","hentry","category-noticias"],"rttpg_featured_image_url":{"full":["https:\/\/goias.gov.br\/detran\/wp-content\/uploads\/sites\/8\/2023\/05\/2369.jpg",0,0,false],"landscape":["https:\/\/goias.gov.br\/detran\/wp-content\/uploads\/sites\/8\/2023\/05\/2369.jpg",0,0,false],"portraits":["https:\/\/goias.gov.br\/detran\/wp-content\/uploads\/sites\/8\/2023\/05\/2369.jpg",0,0,false],"thumbnail":["https:\/\/goias.gov.br\/detran\/wp-content\/uploads\/sites\/8\/2023\/05\/2369.jpg",1,1,false],"medium":["https:\/\/goias.gov.br\/detran\/wp-content\/uploads\/sites\/8\/2023\/05\/2369.jpg",1,1,false],"large":["https:\/\/goias.gov.br\/detran\/wp-content\/uploads\/sites\/8\/2023\/05\/2369.jpg",1,1,false],"1536x1536":["https:\/\/goias.gov.br\/detran\/wp-content\/uploads\/sites\/8\/2023\/05\/2369.jpg",1,1,false],"2048x2048":["https:\/\/goias.gov.br\/detran\/wp-content\/uploads\/sites\/8\/2023\/05\/2369.jpg",1,1,false]},"rttpg_author":{"display_name":"wagner.viana","author_link":"https:\/\/goias.gov.br\/detran\/author\/wagner-viana\/"},"rttpg_comment":0,"rttpg_category":"<a href=\"https:\/\/goias.gov.br\/detran\/categoria\/noticias\/\" rel=\"category tag\">Not\u00edcias<\/a>","rttpg_excerpt":"O Governo de Goi\u00e1s, por meio do Departamento Estadual de Tr\u00e2nsito de Goi\u00e1s (Detran-GO), investe na melhoria da qualidade de vida e do tr\u00e2nsito nos 246 munic\u00edpios goianos. Neste m\u00eas, os benef\u00edcios chegaram a Varj\u00e3o. Situada a 70 quil\u00f4metros da capital, a cidade ganhou faixas cont\u00ednuas, intermitentes, de pedestre e de canaliza\u00e7\u00e3o, totalizando 950 metros&hellip;","_links":{"self":[{"href":"https:\/\/goias.gov.br\/detran\/wp-json\/wp\/v2\/posts\/2369","targetHints":{"allow":["GET"]}}],"collection":[{"href":"https:\/\/goias.gov.br\/detran\/wp-json\/wp\/v2\/posts"}],"about":[{"href":"https:\/\/goias.gov.br\/detran\/wp-json\/wp\/v2\/types\/post"}],"author":[{"embeddable":true,"href":"https:\/\/goias.gov.br\/detran\/wp-json\/wp\/v2\/users\/1"}],"replies":[{"embeddable":true,"href":"https:\/\/goias.gov.br\/detran\/wp-json\/wp\/v2\/comments?post=2369"}],"version-history":[{"count":0,"href":"https:\/\/goias.gov.br\/detran\/wp-json\/wp\/v2\/posts\/2369\/revisions"}],"wp:featuredmedia":[{"embeddable":true,"href":"https:\/\/goias.gov.br\/detran\/wp-json\/wp\/v2\/media\/4799"}],"wp:attachment":[{"href":"https:\/\/goias.gov.br\/detran\/wp-json\/wp\/v2\/media?parent=2369"}],"wp:term":[{"taxonomy":"category","embeddable":true,"href":"https:\/\/goias.gov.br\/detran\/wp-json\/wp\/v2\/categories?post=2369"},{"taxonomy":"post_tag","embeddable":true,"href":"https:\/\/goias.gov.br\/detran\/wp-json\/wp\/v2\/tags?post=2369"}],"curies":[{"name":"wp","href":"https:\/\/api.w.org\/{rel}","templated":true}]}}