

{"id":2345,"date":"2022-01-18T12:01:00","date_gmt":"2022-01-18T12:01:00","guid":{"rendered":"https:\/\/wwwhomolog.detran.go.gov.br\/?p=2345"},"modified":"-0001-11-30T00:00:00","modified_gmt":"-0001-11-30T03:00:00","slug":"2345","status":"publish","type":"post","link":"https:\/\/goias.gov.br\/detran\/2345\/","title":{"rendered":"Detran-GO realiza campanha de volta \u00e0s aulas"},"content":{"rendered":"<div>O Departamento Estadual de Tr\u00e2nsito de Goi\u00e1s (Detran-GO) realiza a\u00e7\u00f5es educativas de volta \u00e0s aulas a partir de amanh\u00e3 (19\/01). Os educadores da Ger\u00eancia de Educa\u00e7\u00e3o de Tr\u00e2nsito, em parceria com o em parceria com o Batalh\u00e3o de Tr\u00e2nsito da Pol\u00edcia Militar do Estado de Goi\u00e1s, v\u00e3o desenvolver a\u00e7\u00f5es em frente \u00e0s institui\u00e7\u00f5es de ensino para estimular a ado\u00e7\u00e3o de comportamentos seguros no tr\u00e2nsito de forma a prevenir acidentes e promover a fluidez do tr\u00e1fego.<\/div>\n<div><\/div>\n<div>Nesta quarta-feira (19) ser\u00e3o realizadas atividades no Col\u00e9gio Ip\u00ea, na Regi\u00e3o Sul da capital. Na quinta-feira (20) a a\u00e7\u00e3o acontecer\u00e1 no Col\u00e9gio Princ\u00edpios, no Setor Sudoeste. Na sexta-feira (21), ser\u00e1 no Col\u00e9gio Expressivo, no Setor Rodovi\u00e1rio. Na segunda-feira (24), a a\u00e7\u00e3o ser\u00e1 no Col\u00e9gio Santa Clara em Campinas. Nos dias 21 e 28 ser\u00e3o realizadas blitzes educativas sobre o cinto de seguran\u00e7a no Terminal Rodovi\u00e1rio e regi\u00e3o da rua 44, em parceria com a Associa\u00e7\u00e3o dos Motoristas Rodovi\u00e1rios do Estado de Goi\u00e1s.<\/div>\n<div><\/div>\n<div>As a\u00e7\u00f5es educativas da campanha de volta \u00e0s aulas buscam estimular o uso do cinto de seguran\u00e7a, o respeito \u00e0 faixa de pedestre, e alertar para os preju\u00edzos de estacionar em fila dupla.&nbsp;<\/div>\n<div><\/div>\n<div>Rotineiramente o Detran-GO promove trabalhos na Regi\u00e3o Metropolitana de Goi\u00e2nia e no interior do Estado visando a melhoria no tr\u00e2nsito por meio da conscientiza\u00e7\u00e3o de motoristas, motociclistas, ciclistas e pedestres. Al\u00e9m de abordagens, realizadas pela Escola P\u00fablica de Tr\u00e2nsito (EPT), a autarquia promove palestras, cursos e blitzes educativas.&nbsp;<\/div>\n<div><\/div>\n<div><b>Campanha de voltas \u00e0s aulas<\/b><\/div>\n<div><\/div>\n<div>19\/01 \u2013 Col\u00e9gio Ip\u00ea, Rua T49 Setor Bueno. Das 6h30 \u00e0s 8h e das 12h30 \u00e0s 14h.<\/div>\n<div>20\/01 \u2013 Col\u00e9gio Princ\u00edpios, Rua C67 Setor Sudoeste. 6h30 \u00e0s 8h e das 12h45 \u00e0s 14h.<\/div>\n<div>21\/01 \u2013 Col\u00e9gio Expressivo, Setor Rodovi\u00e1rio. Das 6h30 \u00e0s 8h30 e das 12h30 \u00e0s 14h.<\/div>\n<div>21\/01 \u2013 Blitz Educativa \u2013 Cinto de seguran\u00e7a, Terminal Rodovi\u00e1rio e Rua da 44. 17h30 \u00e0s 22h.<\/div>\n<div>24\/01 \u2013 Col\u00e9gio Santa Clara, setor Campinas. Das 6h20 \u00e0s 8h e das 12h30 \u00e0s 14h<\/div>\n<div>28\/01 &#8211; Blitz Educativa \u2013 Cinto de seguran\u00e7a, Terminal Rodovi\u00e1rio e Rua da 44. 17h30 \u00e0s 22h.<\/div>\n<div><\/div>\n<div>Goi\u00e2nia, 18 de janeiro de 2022.<\/div>\n<div>Comunica\u00e7\u00e3o Setorial do Detran-GO<\/div>\n","protected":false},"excerpt":{"rendered":"<p>O Departamento Estadual de Tr\u00e2nsito de Goi\u00e1s (Detran-GO) realiza a\u00e7\u00f5es educativas de volta \u00e0s aulas a partir de amanh\u00e3 (19\/01). Os educadores da Ger\u00eancia de Educa\u00e7\u00e3o de Tr\u00e2nsito, em parceria com o em parceria com o Batalh\u00e3o de Tr\u00e2nsito da Pol\u00edcia Militar do Estado de Goi\u00e1s, v\u00e3o desenvolver a\u00e7\u00f5es em frente \u00e0s institui\u00e7\u00f5es de ensino [&hellip;]<\/p>\n","protected":false},"author":1,"featured_media":4775,"comment_status":"closed","ping_status":"open","sticky":false,"template":"","format":"standard","meta":{"footnotes":"","_links_to":"","_links_to_target":""},"categories":[10],"tags":[],"class_list":["post-2345","post","type-post","status-publish","format-standard","has-post-thumbnail","hentry","category-noticias"],"rttpg_featured_image_url":{"full":["https:\/\/goias.gov.br\/detran\/wp-content\/uploads\/sites\/8\/2023\/05\/2345.jpg",0,0,false],"landscape":["https:\/\/goias.gov.br\/detran\/wp-content\/uploads\/sites\/8\/2023\/05\/2345.jpg",0,0,false],"portraits":["https:\/\/goias.gov.br\/detran\/wp-content\/uploads\/sites\/8\/2023\/05\/2345.jpg",0,0,false],"thumbnail":["https:\/\/goias.gov.br\/detran\/wp-content\/uploads\/sites\/8\/2023\/05\/2345.jpg",1,1,false],"medium":["https:\/\/goias.gov.br\/detran\/wp-content\/uploads\/sites\/8\/2023\/05\/2345.jpg",1,1,false],"large":["https:\/\/goias.gov.br\/detran\/wp-content\/uploads\/sites\/8\/2023\/05\/2345.jpg",1,1,false],"1536x1536":["https:\/\/goias.gov.br\/detran\/wp-content\/uploads\/sites\/8\/2023\/05\/2345.jpg",1,1,false],"2048x2048":["https:\/\/goias.gov.br\/detran\/wp-content\/uploads\/sites\/8\/2023\/05\/2345.jpg",1,1,false]},"rttpg_author":{"display_name":"wagner.viana","author_link":"https:\/\/goias.gov.br\/detran\/author\/wagner-viana\/"},"rttpg_comment":0,"rttpg_category":"<a href=\"https:\/\/goias.gov.br\/detran\/categoria\/noticias\/\" rel=\"category tag\">Not\u00edcias<\/a>","rttpg_excerpt":"O Departamento Estadual de Tr\u00e2nsito de Goi\u00e1s (Detran-GO) realiza a\u00e7\u00f5es educativas de volta \u00e0s aulas a partir de amanh\u00e3 (19\/01). Os educadores da Ger\u00eancia de Educa\u00e7\u00e3o de Tr\u00e2nsito, em parceria com o em parceria com o Batalh\u00e3o de Tr\u00e2nsito da Pol\u00edcia Militar do Estado de Goi\u00e1s, v\u00e3o desenvolver a\u00e7\u00f5es em frente \u00e0s institui\u00e7\u00f5es de ensino&hellip;","_links":{"self":[{"href":"https:\/\/goias.gov.br\/detran\/wp-json\/wp\/v2\/posts\/2345","targetHints":{"allow":["GET"]}}],"collection":[{"href":"https:\/\/goias.gov.br\/detran\/wp-json\/wp\/v2\/posts"}],"about":[{"href":"https:\/\/goias.gov.br\/detran\/wp-json\/wp\/v2\/types\/post"}],"author":[{"embeddable":true,"href":"https:\/\/goias.gov.br\/detran\/wp-json\/wp\/v2\/users\/1"}],"replies":[{"embeddable":true,"href":"https:\/\/goias.gov.br\/detran\/wp-json\/wp\/v2\/comments?post=2345"}],"version-history":[{"count":0,"href":"https:\/\/goias.gov.br\/detran\/wp-json\/wp\/v2\/posts\/2345\/revisions"}],"wp:featuredmedia":[{"embeddable":true,"href":"https:\/\/goias.gov.br\/detran\/wp-json\/wp\/v2\/media\/4775"}],"wp:attachment":[{"href":"https:\/\/goias.gov.br\/detran\/wp-json\/wp\/v2\/media?parent=2345"}],"wp:term":[{"taxonomy":"category","embeddable":true,"href":"https:\/\/goias.gov.br\/detran\/wp-json\/wp\/v2\/categories?post=2345"},{"taxonomy":"post_tag","embeddable":true,"href":"https:\/\/goias.gov.br\/detran\/wp-json\/wp\/v2\/tags?post=2345"}],"curies":[{"name":"wp","href":"https:\/\/api.w.org\/{rel}","templated":true}]}}