

{"id":2321,"date":"2021-12-06T12:12:00","date_gmt":"2021-12-06T12:12:00","guid":{"rendered":"https:\/\/wwwhomolog.detran.go.gov.br\/?p=2321"},"modified":"-0001-11-30T00:00:00","modified_gmt":"-0001-11-30T03:00:00","slug":"2321","status":"publish","type":"post","link":"https:\/\/goias.gov.br\/detran\/2321\/","title":{"rendered":"Caiado destaca transpar\u00eancia nos gastos, redu\u00e7\u00e3o nos valores das taxas, CNH Social e Sinaliza Goi\u00e1s"},"content":{"rendered":"<div>\n<div>\n<div><span style=\"background-color: transparent; font-size: 1rem;\">O governador Ronaldo Caiado participou, neste s\u00e1bado (04\/12), da confraterniza\u00e7\u00e3o de fim de ano do Departamento Estadual de Tr\u00e2nsito de Goi\u00e1s (Detran-GO). O encontro reuniu servidores da autarquia na sede localizada no setor Cidade Jardim, em Goi\u00e2nia.<\/span><\/div>\n<\/div>\n<\/div>\n<div><\/div>\n<div>O chefe do Executivo estadual cumprimentou colaboradores e agradeceu o empenho para a reestrutura\u00e7\u00e3o do \u00f3rg\u00e3o. \u201cO Detran mudou totalmente a maneira de atender as pessoas. Temos transpar\u00eancia nos gastos, n\u00f3s reduzimos os valores das taxas, o que mostra o respeito com o cidad\u00e3o\u201d, disse.&nbsp;<\/div>\n<div><\/div>\n<div>\u201cEstamos confraternizando tendo em vista o grande esfor\u00e7o que os servidores t\u00eam feito. Isso \u00e9 uma forma de agradecimento a eles pela dedica\u00e7\u00e3o na melhoria do atendimento\u201d, disse o presidente da autarquia, Marcos Roberto Silva.<\/div>\n<div><\/div>\n<div>Desde 2019, o \u00f3rg\u00e3o passa por uma s\u00e9rie de a\u00e7\u00f5es com objetivo de tornar os servi\u00e7os mais eficientes aos usu\u00e1rios e com maior aproveitamento dos recursos p\u00fablicos. A revis\u00e3o de contratos com fornecedores e a promo\u00e7\u00e3o de cortes de taxas resultou em economia de R$ 253 milh\u00f5es para o bolso dos goianos. A taxa de vistoria, por exemplo, caiu de R$ 175,76 para R$ 108; e o registro de contratos de leasing e aliena\u00e7\u00e3o fiduci\u00e1ria, passou de R$ 375,41 para R$ 193,06.<\/div>\n<div><\/div>\n<div><b>Mais economia<\/b><\/div>\n<div>Em outra frente, uma nova licita\u00e7\u00e3o permitiu a troca da empresa respons\u00e1vel pelo servi\u00e7o de impress\u00e3o de documentos de ve\u00edculos (CRV e CRLV), resultando em uma economia de 83%.&nbsp;<\/div>\n<div><\/div>\n<div>Com o novo contrato, o valor caiu de R$ 3,56 para R$ 0,60 por documento. O corte de gastos representa R$ 550 mil, por m\u00eas, ou R$ 6,6 milh\u00f5es, por ano. Al\u00e9m disso, exames pr\u00e1ticos e te\u00f3ricos da CNH passaram a ser realizados por funcion\u00e1rios do pr\u00f3prio Detran-GO. Medida que gerou economia de R$ 13 milh\u00f5es ao ano.<\/div>\n<div><\/div>\n<div>Caiado lembrou que a economia dos recursos permitiu criar o programa CNH Social, que oferece carteira de habilita\u00e7\u00e3o gratuitas \u00e0s pessoas vulner\u00e1veis. A a\u00e7\u00e3o j\u00e1 alcan\u00e7ou 17.034 beneficiados, com investimentos de R$ 25 milh\u00f5es. Em 2022 ser\u00e3o abertas 22.020 novas vagas, o maior n\u00famero ofertado at\u00e9 agora, com investimentos de R$ 33,3 milh\u00f5es.<\/div>\n<div><\/div>\n<div>\u201cQuando a gente moraliza o governo, voc\u00ea faz com que haja uma aplica\u00e7\u00e3o correta dos recursos. As coisas acontecem na melhoria da qualidade de vida da popula\u00e7\u00e3o, e \u00e9 isso que o Detran mostra hoje, como todos os \u00f3rg\u00e3os do Estado de Goi\u00e1s\u201d, ressaltou Caiado.<\/div>\n<div><\/div>\n<div>O governador falou ainda sobre o programa Sinaliza Goi\u00e1s que vai revitalizar a sinaliza\u00e7\u00e3o vi\u00e1ria de todos os munic\u00edpios do estado at\u00e9 2022. Somente na primeira etapa, que atende 127 prefeituras, foram investidos R$ 12 milh\u00f5es.&nbsp;<\/div>\n<div><\/div>\n<div>Presente \u00e0 confraterniza\u00e7\u00e3o o deputado federal Delegado Waldir, refor\u00e7ou o novo perfil do Departamento Estadual de Tr\u00e2nsito de Goi\u00e1s (Detran-GO). \u201cO dinheiro que sai daqui, vai pra sa\u00fade, pra educa\u00e7\u00e3o, vai pra rodovias, pra infraestrutura, e tem tamb\u00e9m a revitaliza\u00e7\u00e3o das vias urbanas com sinaliza\u00e7\u00e3o\u201d, disse.<\/div>\n<div><\/div>\n<div><b>Refor\u00e7o \u00e0 vacina\u00e7\u00e3o<\/b><\/div>\n<div>Diante da chegada da variante \u00f4micron do Coronav\u00edrus ao Brasil, Caiado aproveitou a oportunidade para solicitar a todos os presentes que fiquem atentos \u00e0 vacina\u00e7\u00e3o. \u201cMais uma vez eu refor\u00e7o: tome a segunda dose\u201d, conclamou.&nbsp;<\/div>\n<div><\/div>\n<div>O chefe do Executivo lembrou que pessoas com comorbidades, como cardiopatas, hipertensos e diab\u00e9ticos, assim como os idosos e as j\u00e1 eleg\u00edveis para a terceira dose, ou dose de refor\u00e7o, tamb\u00e9m devem se vacinar assim que poss\u00edvel. \u201cPara termos um Feliz Natal, sem que aconte\u00e7a nenhum surto nessa pandemia. E que possamos entrar 2022 s\u00f3 de manga arrega\u00e7ada, com muito trabalho, e podendo conviver sem que haja restri\u00e7\u00f5es\u201d, finalizou.<\/div>\n<div><\/div>\n<div>Tamb\u00e9m acompanharam o evento o secret\u00e1rio de Comunica\u00e7\u00e3o, Tony Carlo; os diretores do Detran-GO, Juliano Bezerra (Opera\u00e7\u00f5es), Bonoel Costa (Atendimento e Inova\u00e7\u00e3o), Isac Souza (T\u00e9cnico), Wiles Loures (Financeiro). Ainda o assessor especial da governadoria, Luiz Rates; o diretor Comercial da Saneago, Hugo Goldfeld; o prefeito de Naz\u00e1rio, Jo\u00e3o Batista e o vereador por Goi\u00e2nia, Bruno Diniz.<\/div>\n<div><\/div>\n<div><\/div>\n<div><b><i>Secretaria de Comunica\u00e7\u00e3o \u2013 Governo de Goi\u00e1s<\/i><\/b><\/div>\n","protected":false},"excerpt":{"rendered":"<p>O governador Ronaldo Caiado participou, neste s\u00e1bado (04\/12), da confraterniza\u00e7\u00e3o de fim de ano do Departamento Estadual de Tr\u00e2nsito de Goi\u00e1s (Detran-GO). O encontro reuniu servidores da autarquia na sede localizada no setor Cidade Jardim, em Goi\u00e2nia. O chefe do Executivo estadual cumprimentou colaboradores e agradeceu o empenho para a reestrutura\u00e7\u00e3o do \u00f3rg\u00e3o. \u201cO Detran [&hellip;]<\/p>\n","protected":false},"author":1,"featured_media":4751,"comment_status":"closed","ping_status":"open","sticky":false,"template":"","format":"standard","meta":{"footnotes":"","_links_to":"","_links_to_target":""},"categories":[10],"tags":[],"class_list":["post-2321","post","type-post","status-publish","format-standard","has-post-thumbnail","hentry","category-noticias"],"rttpg_featured_image_url":{"full":["https:\/\/goias.gov.br\/detran\/wp-content\/uploads\/sites\/8\/2023\/05\/2321.jpg",0,0,false],"landscape":["https:\/\/goias.gov.br\/detran\/wp-content\/uploads\/sites\/8\/2023\/05\/2321.jpg",0,0,false],"portraits":["https:\/\/goias.gov.br\/detran\/wp-content\/uploads\/sites\/8\/2023\/05\/2321.jpg",0,0,false],"thumbnail":["https:\/\/goias.gov.br\/detran\/wp-content\/uploads\/sites\/8\/2023\/05\/2321.jpg",1,1,false],"medium":["https:\/\/goias.gov.br\/detran\/wp-content\/uploads\/sites\/8\/2023\/05\/2321.jpg",1,1,false],"large":["https:\/\/goias.gov.br\/detran\/wp-content\/uploads\/sites\/8\/2023\/05\/2321.jpg",1,1,false],"1536x1536":["https:\/\/goias.gov.br\/detran\/wp-content\/uploads\/sites\/8\/2023\/05\/2321.jpg",1,1,false],"2048x2048":["https:\/\/goias.gov.br\/detran\/wp-content\/uploads\/sites\/8\/2023\/05\/2321.jpg",1,1,false]},"rttpg_author":{"display_name":"wagner.viana","author_link":"https:\/\/goias.gov.br\/detran\/author\/wagner-viana\/"},"rttpg_comment":0,"rttpg_category":"<a href=\"https:\/\/goias.gov.br\/detran\/categoria\/noticias\/\" rel=\"category tag\">Not\u00edcias<\/a>","rttpg_excerpt":"O governador Ronaldo Caiado participou, neste s\u00e1bado (04\/12), da confraterniza\u00e7\u00e3o de fim de ano do Departamento Estadual de Tr\u00e2nsito de Goi\u00e1s (Detran-GO). O encontro reuniu servidores da autarquia na sede localizada no setor Cidade Jardim, em Goi\u00e2nia. O chefe do Executivo estadual cumprimentou colaboradores e agradeceu o empenho para a reestrutura\u00e7\u00e3o do \u00f3rg\u00e3o. \u201cO Detran&hellip;","_links":{"self":[{"href":"https:\/\/goias.gov.br\/detran\/wp-json\/wp\/v2\/posts\/2321","targetHints":{"allow":["GET"]}}],"collection":[{"href":"https:\/\/goias.gov.br\/detran\/wp-json\/wp\/v2\/posts"}],"about":[{"href":"https:\/\/goias.gov.br\/detran\/wp-json\/wp\/v2\/types\/post"}],"author":[{"embeddable":true,"href":"https:\/\/goias.gov.br\/detran\/wp-json\/wp\/v2\/users\/1"}],"replies":[{"embeddable":true,"href":"https:\/\/goias.gov.br\/detran\/wp-json\/wp\/v2\/comments?post=2321"}],"version-history":[{"count":0,"href":"https:\/\/goias.gov.br\/detran\/wp-json\/wp\/v2\/posts\/2321\/revisions"}],"wp:featuredmedia":[{"embeddable":true,"href":"https:\/\/goias.gov.br\/detran\/wp-json\/wp\/v2\/media\/4751"}],"wp:attachment":[{"href":"https:\/\/goias.gov.br\/detran\/wp-json\/wp\/v2\/media?parent=2321"}],"wp:term":[{"taxonomy":"category","embeddable":true,"href":"https:\/\/goias.gov.br\/detran\/wp-json\/wp\/v2\/categories?post=2321"},{"taxonomy":"post_tag","embeddable":true,"href":"https:\/\/goias.gov.br\/detran\/wp-json\/wp\/v2\/tags?post=2321"}],"curies":[{"name":"wp","href":"https:\/\/api.w.org\/{rel}","templated":true}]}}