

{"id":2316,"date":"2021-12-02T12:12:00","date_gmt":"2021-12-02T12:12:00","guid":{"rendered":"https:\/\/wwwhomolog.detran.go.gov.br\/?p=2316"},"modified":"-0001-11-30T00:00:00","modified_gmt":"-0001-11-30T03:00:00","slug":"2316","status":"publish","type":"post","link":"https:\/\/goias.gov.br\/detran\/2316\/","title":{"rendered":"Divulgadas empresas em processo licitat\u00f3rio para contrata\u00e7\u00e3o de ag\u00eancias de publicidade"},"content":{"rendered":"<div>O Departamento Estadual de Tr\u00e2nsito de Goi\u00e1s (Detran-GO) realizou nesta quinta-feira, dia 02, a terceira sess\u00e3o p\u00fablica para julgamento das propostas de pre\u00e7os para o processo licitat\u00f3rio que visa a contrata\u00e7\u00e3o de tr\u00eas ag\u00eancias de publicidade para realizar campanhas educativas e institucionais.&nbsp;&nbsp;<\/div>\n<div><\/div>\n<div>Na sess\u00e3o foi apresentada a valora\u00e7\u00e3o e realizado o julgamento das propostas de pre\u00e7os, conforme previsto na Lei 12.232, de 29 de abril de2010, e Lei 8.666, de 21 de junho de 1993, que regulamenta o artigo n\u00b037 do inciso XXI da Constitui\u00e7\u00e3o Federal que institui normas para licita\u00e7\u00f5es e contratos da administra\u00e7\u00e3o p\u00fablica. O evento contou com a presen\u00e7a de representantes legais das empresas participantes do certame.&nbsp;&nbsp;<\/div>\n<div><\/div>\n<div>A Comiss\u00e3o Especial de Licita\u00e7\u00e3o de Publicidade, conjuntamente com representantes dos licitantes conferiram a inviolabilidade dos envelopes contendo as propostas. Ap\u00f3s a confer\u00eancia, os licitantes presentes concordaram em prorrogar o prazo de validade das propostas por mais (60) sessenta dias a partir de hoje.&nbsp;&nbsp;<\/div>\n<div><\/div>\n<div>As empresas conseguiram a seguinte coloca\u00e7\u00e3o:<\/div>\n<div>1\u00b0 Logos Propaganda<\/div>\n<div>2\u00b0 Multiface de Propaganda LTDA<\/div>\n<div>3\u00b0 Propaganda Desigual LTDA&nbsp;&nbsp;<\/div>\n<div><\/div>\n<div>As ag\u00eancias ter\u00e3o at\u00e9 o dia 10 de dezembro para apresentar presencialmente recurso contra a decis\u00e3o acerca dos pre\u00e7os. Os pedidos de vistas devem ser protocolados por e-mail, atrav\u00e9s do endere\u00e7o licitacaopublicidade@detran.go.gov.br.A pr\u00f3xima sess\u00e3o ficou marcada para o dia 14 de dezembro, quando haver\u00e1 o julgamento dos documentos de habilita\u00e7\u00e3o.&nbsp;<\/div>\n<div><\/div>\n<div>O objeto da licita\u00e7\u00e3o \u00e9 a contrata\u00e7\u00e3o de servi\u00e7os de publicidade prestados por interm\u00e9dio de tr\u00eas ag\u00eancias de publicidade compreendendo o conjunto de atividades realizadas integralmente que tenham por objetivo o estudo, o planejamento, a conceitua\u00e7\u00e3o, a concep\u00e7\u00e3o, a cria\u00e7\u00e3o, a execu\u00e7\u00e3o interna, a intermedia\u00e7\u00e3o e a supervis\u00e3o da execu\u00e7\u00e3o externa e a distribui\u00e7\u00e3o de a\u00e7\u00f5es publicit\u00e1rias junto a p\u00fablicos de interesse do Detran-GO.<\/div>\n","protected":false},"excerpt":{"rendered":"<p>O Departamento Estadual de Tr\u00e2nsito de Goi\u00e1s (Detran-GO) realizou nesta quinta-feira, dia 02, a terceira sess\u00e3o p\u00fablica para julgamento das propostas de pre\u00e7os para o processo licitat\u00f3rio que visa a contrata\u00e7\u00e3o de tr\u00eas ag\u00eancias de publicidade para realizar campanhas educativas e institucionais.&nbsp;&nbsp; Na sess\u00e3o foi apresentada a valora\u00e7\u00e3o e realizado o julgamento das propostas de [&hellip;]<\/p>\n","protected":false},"author":1,"featured_media":4746,"comment_status":"closed","ping_status":"open","sticky":false,"template":"","format":"standard","meta":{"footnotes":"","_links_to":"","_links_to_target":""},"categories":[10],"tags":[],"class_list":["post-2316","post","type-post","status-publish","format-standard","has-post-thumbnail","hentry","category-noticias"],"rttpg_featured_image_url":{"full":["https:\/\/goias.gov.br\/detran\/wp-content\/uploads\/sites\/8\/2023\/05\/2316.jpg",0,0,false],"landscape":["https:\/\/goias.gov.br\/detran\/wp-content\/uploads\/sites\/8\/2023\/05\/2316.jpg",0,0,false],"portraits":["https:\/\/goias.gov.br\/detran\/wp-content\/uploads\/sites\/8\/2023\/05\/2316.jpg",0,0,false],"thumbnail":["https:\/\/goias.gov.br\/detran\/wp-content\/uploads\/sites\/8\/2023\/05\/2316.jpg",1,1,false],"medium":["https:\/\/goias.gov.br\/detran\/wp-content\/uploads\/sites\/8\/2023\/05\/2316.jpg",1,1,false],"large":["https:\/\/goias.gov.br\/detran\/wp-content\/uploads\/sites\/8\/2023\/05\/2316.jpg",1,1,false],"1536x1536":["https:\/\/goias.gov.br\/detran\/wp-content\/uploads\/sites\/8\/2023\/05\/2316.jpg",1,1,false],"2048x2048":["https:\/\/goias.gov.br\/detran\/wp-content\/uploads\/sites\/8\/2023\/05\/2316.jpg",1,1,false]},"rttpg_author":{"display_name":"wagner.viana","author_link":"https:\/\/goias.gov.br\/detran\/author\/wagner-viana\/"},"rttpg_comment":0,"rttpg_category":"<a href=\"https:\/\/goias.gov.br\/detran\/categoria\/noticias\/\" rel=\"category tag\">Not\u00edcias<\/a>","rttpg_excerpt":"O Departamento Estadual de Tr\u00e2nsito de Goi\u00e1s (Detran-GO) realizou nesta quinta-feira, dia 02, a terceira sess\u00e3o p\u00fablica para julgamento das propostas de pre\u00e7os para o processo licitat\u00f3rio que visa a contrata\u00e7\u00e3o de tr\u00eas ag\u00eancias de publicidade para realizar campanhas educativas e institucionais.&nbsp;&nbsp; Na sess\u00e3o foi apresentada a valora\u00e7\u00e3o e realizado o julgamento das propostas de&hellip;","_links":{"self":[{"href":"https:\/\/goias.gov.br\/detran\/wp-json\/wp\/v2\/posts\/2316","targetHints":{"allow":["GET"]}}],"collection":[{"href":"https:\/\/goias.gov.br\/detran\/wp-json\/wp\/v2\/posts"}],"about":[{"href":"https:\/\/goias.gov.br\/detran\/wp-json\/wp\/v2\/types\/post"}],"author":[{"embeddable":true,"href":"https:\/\/goias.gov.br\/detran\/wp-json\/wp\/v2\/users\/1"}],"replies":[{"embeddable":true,"href":"https:\/\/goias.gov.br\/detran\/wp-json\/wp\/v2\/comments?post=2316"}],"version-history":[{"count":0,"href":"https:\/\/goias.gov.br\/detran\/wp-json\/wp\/v2\/posts\/2316\/revisions"}],"wp:featuredmedia":[{"embeddable":true,"href":"https:\/\/goias.gov.br\/detran\/wp-json\/wp\/v2\/media\/4746"}],"wp:attachment":[{"href":"https:\/\/goias.gov.br\/detran\/wp-json\/wp\/v2\/media?parent=2316"}],"wp:term":[{"taxonomy":"category","embeddable":true,"href":"https:\/\/goias.gov.br\/detran\/wp-json\/wp\/v2\/categories?post=2316"},{"taxonomy":"post_tag","embeddable":true,"href":"https:\/\/goias.gov.br\/detran\/wp-json\/wp\/v2\/tags?post=2316"}],"curies":[{"name":"wp","href":"https:\/\/api.w.org\/{rel}","templated":true}]}}