

{"id":2315,"date":"2021-11-30T12:11:00","date_gmt":"2021-11-30T12:11:00","guid":{"rendered":"https:\/\/wwwhomolog.detran.go.gov.br\/?p=2315"},"modified":"-0001-11-30T00:00:00","modified_gmt":"-0001-11-30T03:00:00","slug":"2315","status":"publish","type":"post","link":"https:\/\/goias.gov.br\/detran\/2315\/","title":{"rendered":"Governador entrega reforma da Ciretran de Cidade Ocidental"},"content":{"rendered":"<div><span style=\"background-color: transparent; font-size: 1rem;\">Ap\u00f3s mais de cinco meses de obras, a popula\u00e7\u00e3o da Cidade Ocidental poder\u00e1 ter um atendimento completo dos servi\u00e7os do Departamento Estadual de Tr\u00e2nsito de Goi\u00e1s (Detran-GO) no munic\u00edpio com a capacita\u00e7\u00e3o dos servidores e melhorias na estrutura f\u00edsica da unidade. A medida integra um pacote de a\u00e7\u00f5es do Detran-GO que visa a melhoria do atendimento e do tr\u00e2nsito no Entorno do Distrito Federal.&nbsp;<\/span><\/div>\n<div><\/div>\n<div>Mesmo com as obras, os trabalhos na Circunscri\u00e7\u00e3o Regional de Tr\u00e2nsito (Ciretran) n\u00e3o pararam. Para que os cidad\u00e3os n\u00e3o ficassem desguarnecidos, os servidores realizavam o atendimento em um dos turnos para dar continuidade \u00e0s obras no outro.&nbsp;<\/div>\n<div><\/div>\n<div>Dentre as melhorias se destacam a troca do piso interno, reforma no banheiro dos funcion\u00e1rios, pintura externa e interna, cria\u00e7\u00e3o de nova fachada e constru\u00e7\u00e3o de dois banheiros externos para os usu\u00e1rios com adapta\u00e7\u00e3o para pessoas com defici\u00eancia, al\u00e9m de nova guarita para a vigil\u00e2ncia local.<\/div>\n<div><\/div>\n<div>Na Ciretran os moradores poder\u00e3o, por exemplo, renovar a habilita\u00e7\u00e3o, abrir processo de primeira via, mudan\u00e7a e adi\u00e7\u00e3o de categoria. Tamb\u00e9m ser\u00e1 poss\u00edvel fazer todos os servi\u00e7os na \u00e1rea de ve\u00edculos, como licenciar, transferir, realizar inclus\u00e3o de ve\u00edculo novo e vistoria para altera\u00e7\u00e3o de caracter\u00edstica.&nbsp;<\/div>\n<div><\/div>\n<div>Agora, a Ciretran, que atendia em m\u00e9dia quatro mil cidad\u00e3os, est\u00e1 preparada para o aumento no n\u00famero de atendimentos, dentre eles a transfer\u00eancia de ve\u00edculos de Bras\u00edlia (DF) para Cidade Ocidental.<\/div>\n<div><\/div>\n<div>Ao lado do prefeito F\u00e1bio Correa, o governador Ronaldo Caiado falou da parceria estabelecida com a Prefeitura. \u201cAqui n\u00e3o tem disputa que n\u00e3o seja melhorar a vida das pessoas. Estamos aqui num mandato com esse \u00fanico objetivo: juntar for\u00e7as para darmos resultado para todo o povo\u201d, declarou.<\/div>\n<div><\/div>\n","protected":false},"excerpt":{"rendered":"<p>Ap\u00f3s mais de cinco meses de obras, a popula\u00e7\u00e3o da Cidade Ocidental poder\u00e1 ter um atendimento completo dos servi\u00e7os do Departamento Estadual de Tr\u00e2nsito de Goi\u00e1s (Detran-GO) no munic\u00edpio com a capacita\u00e7\u00e3o dos servidores e melhorias na estrutura f\u00edsica da unidade. A medida integra um pacote de a\u00e7\u00f5es do Detran-GO que visa a melhoria do [&hellip;]<\/p>\n","protected":false},"author":1,"featured_media":4745,"comment_status":"closed","ping_status":"open","sticky":false,"template":"","format":"standard","meta":{"footnotes":"","_links_to":"","_links_to_target":""},"categories":[10],"tags":[],"class_list":["post-2315","post","type-post","status-publish","format-standard","has-post-thumbnail","hentry","category-noticias"],"rttpg_featured_image_url":{"full":["https:\/\/goias.gov.br\/detran\/wp-content\/uploads\/sites\/8\/2023\/05\/2315.jpg",0,0,false],"landscape":["https:\/\/goias.gov.br\/detran\/wp-content\/uploads\/sites\/8\/2023\/05\/2315.jpg",0,0,false],"portraits":["https:\/\/goias.gov.br\/detran\/wp-content\/uploads\/sites\/8\/2023\/05\/2315.jpg",0,0,false],"thumbnail":["https:\/\/goias.gov.br\/detran\/wp-content\/uploads\/sites\/8\/2023\/05\/2315.jpg",1,1,false],"medium":["https:\/\/goias.gov.br\/detran\/wp-content\/uploads\/sites\/8\/2023\/05\/2315.jpg",1,1,false],"large":["https:\/\/goias.gov.br\/detran\/wp-content\/uploads\/sites\/8\/2023\/05\/2315.jpg",1,1,false],"1536x1536":["https:\/\/goias.gov.br\/detran\/wp-content\/uploads\/sites\/8\/2023\/05\/2315.jpg",1,1,false],"2048x2048":["https:\/\/goias.gov.br\/detran\/wp-content\/uploads\/sites\/8\/2023\/05\/2315.jpg",1,1,false]},"rttpg_author":{"display_name":"wagner.viana","author_link":"https:\/\/goias.gov.br\/detran\/author\/wagner-viana\/"},"rttpg_comment":0,"rttpg_category":"<a href=\"https:\/\/goias.gov.br\/detran\/categoria\/noticias\/\" rel=\"category tag\">Not\u00edcias<\/a>","rttpg_excerpt":"Ap\u00f3s mais de cinco meses de obras, a popula\u00e7\u00e3o da Cidade Ocidental poder\u00e1 ter um atendimento completo dos servi\u00e7os do Departamento Estadual de Tr\u00e2nsito de Goi\u00e1s (Detran-GO) no munic\u00edpio com a capacita\u00e7\u00e3o dos servidores e melhorias na estrutura f\u00edsica da unidade. A medida integra um pacote de a\u00e7\u00f5es do Detran-GO que visa a melhoria do&hellip;","_links":{"self":[{"href":"https:\/\/goias.gov.br\/detran\/wp-json\/wp\/v2\/posts\/2315","targetHints":{"allow":["GET"]}}],"collection":[{"href":"https:\/\/goias.gov.br\/detran\/wp-json\/wp\/v2\/posts"}],"about":[{"href":"https:\/\/goias.gov.br\/detran\/wp-json\/wp\/v2\/types\/post"}],"author":[{"embeddable":true,"href":"https:\/\/goias.gov.br\/detran\/wp-json\/wp\/v2\/users\/1"}],"replies":[{"embeddable":true,"href":"https:\/\/goias.gov.br\/detran\/wp-json\/wp\/v2\/comments?post=2315"}],"version-history":[{"count":0,"href":"https:\/\/goias.gov.br\/detran\/wp-json\/wp\/v2\/posts\/2315\/revisions"}],"wp:featuredmedia":[{"embeddable":true,"href":"https:\/\/goias.gov.br\/detran\/wp-json\/wp\/v2\/media\/4745"}],"wp:attachment":[{"href":"https:\/\/goias.gov.br\/detran\/wp-json\/wp\/v2\/media?parent=2315"}],"wp:term":[{"taxonomy":"category","embeddable":true,"href":"https:\/\/goias.gov.br\/detran\/wp-json\/wp\/v2\/categories?post=2315"},{"taxonomy":"post_tag","embeddable":true,"href":"https:\/\/goias.gov.br\/detran\/wp-json\/wp\/v2\/tags?post=2315"}],"curies":[{"name":"wp","href":"https:\/\/api.w.org\/{rel}","templated":true}]}}