

{"id":2309,"date":"2021-11-16T12:11:00","date_gmt":"2021-11-16T12:11:00","guid":{"rendered":"https:\/\/wwwhomolog.detran.go.gov.br\/?p=2309"},"modified":"-0001-11-30T00:00:00","modified_gmt":"-0001-11-30T03:00:00","slug":"2309","status":"publish","type":"post","link":"https:\/\/goias.gov.br\/detran\/2309\/","title":{"rendered":"Governo de Goi\u00e1s adere a plano nacional para reduzir em 50% n\u00famero de mortes no tr\u00e2nsito, at\u00e9 2028"},"content":{"rendered":"<div>O Governo de Goi\u00e1s, por meio do Departamento Estadual de Tr\u00e2nsito de Goi\u00e1s (Detran-GO), assinar\u00e1 a ades\u00e3o ao Plano Nacional pela Redu\u00e7\u00e3o de Mortes e Les\u00f5es no Tr\u00e2nsito (Pnatrans), nesta quarta-feira (17\/11), durante a visita do secret\u00e1rio Nacional de Tr\u00e2nsito, Frederico Carneiro, \u00e0 autarquia. O objetivo do plano \u00e9 a redu\u00e7\u00e3o em 50% do n\u00famero de mortes no tr\u00e2nsito at\u00e9 2028. A cerim\u00f4nia ser\u00e1 realizada \u00e0s 10h, no Audit\u00f3rio do Bloco 15, na sede do Detran-GO, na Cidade Jardim, em Goi\u00e2nia.<\/div>\n<div><\/div>\n<div>As a\u00e7\u00f5es previstas t\u00eam o potencial de preservar 86 mil vidas no per\u00edodo. Em Goi\u00e1s, aconteceram mais de 78 mil acidentes em 2020, quando foram registrados 1,5 mil \u00f3bitos, segundo dados da Secretaria de Seguran\u00e7a P\u00fablica. O Pnatrans estimula a soma de esfor\u00e7os das esferas governamentais e sociais para implementar pol\u00edticas p\u00fablicas eficazes na preven\u00e7\u00e3o de acidentes.&nbsp;<\/div>\n<div><\/div>\n<div>O Pnatrans \u00e9 dividido em seis pilares e agrupa as a\u00e7\u00f5es em iniciativas que destacam as \u00e1reas de atua\u00e7\u00e3o priorit\u00e1rias, permeando desde o planejamento das vias at\u00e9 o resgate das v\u00edtimas. Por isso, envolve diversos \u00f3rg\u00e3os governamentais da \u00e1rea de tr\u00e2nsito, transporte, infraestrutura e sa\u00fade, al\u00e9m da iniciativa privada.<\/div>\n<div><\/div>\n<div>O primeiro pilar do plano prev\u00ea a gest\u00e3o integrada do sistema vi\u00e1rio e o avan\u00e7o do processo de tratamento de dados e consolida\u00e7\u00e3o do Registro Nacional de Estat\u00edstica de Tr\u00e2nsito (Renaest). O pilar \u201cVias Seguras\u201d prev\u00ea a adequa\u00e7\u00e3o da classifica\u00e7\u00e3o vi\u00e1ria e dos limites de velocidade \u00e0s recomenda\u00e7\u00f5es da Organiza\u00e7\u00e3o Mundial da Sa\u00fade (OMS).<\/div>\n<div><\/div>\n<div>&nbsp;A seguran\u00e7a veicular \u00e9 outro t\u00f3pico que deve ser refor\u00e7ado. O Pnatrans traz par\u00e2metros mais seguros e busca fazer com que os ve\u00edculos e itens de seguran\u00e7a, como capacetes, vendidos no Brasil estejam em conformidade com as melhores pr\u00e1ticas mundiais.&nbsp;<\/div>\n<div><\/div>\n<div>A educa\u00e7\u00e3o de tr\u00e2nsito e a fiscaliza\u00e7\u00e3o ganharam lugar de destaque no plano. Como a abordagem educativa tradicional tem resultados de m\u00e9dio e longo prazo, a proposta \u00e9 estimular o engajamento da imprensa e promover campanhas de m\u00eddia para alcan\u00e7ar resultados em curto prazo. J\u00e1 a fiscaliza\u00e7\u00e3o deve ser focada no combate \u00e0s principais causas de acidentes, como o excesso de velocidade e o consumo de \u00e1lcool e outros psicoativos.<\/div>\n<div><\/div>\n<div>O socorro das v\u00edtimas de acidentes de tr\u00e2nsito tamb\u00e9m deve ter aten\u00e7\u00e3o especial das esferas p\u00fablicas. O tempo de atendimento \u00e9 cr\u00edtico para reduzir o risco de morte ou les\u00e3o grave. Por isso, o plano prev\u00ea que a presta\u00e7\u00e3o de socorro deve ser coordenada entre as diferentes \u00e1reas de especialidade.<\/div>\n<div><b><br \/><\/b><\/div>\n<div><b>Servi\u00e7o<\/b><\/div>\n<div>Assunto: Governo de Goi\u00e1s adere a plano nacional para reduzir em 50% n\u00famero de mortes no tr\u00e2nsito at\u00e9 2028<\/div>\n<div>Quando: Quarta-feira (17\/11), \u00e0s 10h&nbsp;<\/div>\n<div>Onde: Audit\u00f3rio do Detran-GO, Bloco 15 &#8211; Avenida At\u00edlio Correia Lima, Cidade Jardim, Goi\u00e2nia (GO)<\/div>\n<div><\/div>\n<div>Departamento Estadual de Tr\u00e2nsito de Goi\u00e1s (Detran-GO) &#8211; Governo de Goi\u00e1s<\/div>\n","protected":false},"excerpt":{"rendered":"<p>O Governo de Goi\u00e1s, por meio do Departamento Estadual de Tr\u00e2nsito de Goi\u00e1s (Detran-GO), assinar\u00e1 a ades\u00e3o ao Plano Nacional pela Redu\u00e7\u00e3o de Mortes e Les\u00f5es no Tr\u00e2nsito (Pnatrans), nesta quarta-feira (17\/11), durante a visita do secret\u00e1rio Nacional de Tr\u00e2nsito, Frederico Carneiro, \u00e0 autarquia. O objetivo do plano \u00e9 a redu\u00e7\u00e3o em 50% do n\u00famero [&hellip;]<\/p>\n","protected":false},"author":1,"featured_media":4739,"comment_status":"closed","ping_status":"open","sticky":false,"template":"","format":"standard","meta":{"footnotes":"","_links_to":"","_links_to_target":""},"categories":[10],"tags":[],"class_list":["post-2309","post","type-post","status-publish","format-standard","has-post-thumbnail","hentry","category-noticias"],"rttpg_featured_image_url":{"full":["https:\/\/goias.gov.br\/detran\/wp-content\/uploads\/sites\/8\/2023\/05\/2309.jpg",0,0,false],"landscape":["https:\/\/goias.gov.br\/detran\/wp-content\/uploads\/sites\/8\/2023\/05\/2309.jpg",0,0,false],"portraits":["https:\/\/goias.gov.br\/detran\/wp-content\/uploads\/sites\/8\/2023\/05\/2309.jpg",0,0,false],"thumbnail":["https:\/\/goias.gov.br\/detran\/wp-content\/uploads\/sites\/8\/2023\/05\/2309.jpg",1,1,false],"medium":["https:\/\/goias.gov.br\/detran\/wp-content\/uploads\/sites\/8\/2023\/05\/2309.jpg",1,1,false],"large":["https:\/\/goias.gov.br\/detran\/wp-content\/uploads\/sites\/8\/2023\/05\/2309.jpg",1,1,false],"1536x1536":["https:\/\/goias.gov.br\/detran\/wp-content\/uploads\/sites\/8\/2023\/05\/2309.jpg",1,1,false],"2048x2048":["https:\/\/goias.gov.br\/detran\/wp-content\/uploads\/sites\/8\/2023\/05\/2309.jpg",1,1,false]},"rttpg_author":{"display_name":"wagner.viana","author_link":"https:\/\/goias.gov.br\/detran\/author\/wagner-viana\/"},"rttpg_comment":0,"rttpg_category":"<a href=\"https:\/\/goias.gov.br\/detran\/categoria\/noticias\/\" rel=\"category tag\">Not\u00edcias<\/a>","rttpg_excerpt":"O Governo de Goi\u00e1s, por meio do Departamento Estadual de Tr\u00e2nsito de Goi\u00e1s (Detran-GO), assinar\u00e1 a ades\u00e3o ao Plano Nacional pela Redu\u00e7\u00e3o de Mortes e Les\u00f5es no Tr\u00e2nsito (Pnatrans), nesta quarta-feira (17\/11), durante a visita do secret\u00e1rio Nacional de Tr\u00e2nsito, Frederico Carneiro, \u00e0 autarquia. O objetivo do plano \u00e9 a redu\u00e7\u00e3o em 50% do n\u00famero&hellip;","_links":{"self":[{"href":"https:\/\/goias.gov.br\/detran\/wp-json\/wp\/v2\/posts\/2309","targetHints":{"allow":["GET"]}}],"collection":[{"href":"https:\/\/goias.gov.br\/detran\/wp-json\/wp\/v2\/posts"}],"about":[{"href":"https:\/\/goias.gov.br\/detran\/wp-json\/wp\/v2\/types\/post"}],"author":[{"embeddable":true,"href":"https:\/\/goias.gov.br\/detran\/wp-json\/wp\/v2\/users\/1"}],"replies":[{"embeddable":true,"href":"https:\/\/goias.gov.br\/detran\/wp-json\/wp\/v2\/comments?post=2309"}],"version-history":[{"count":0,"href":"https:\/\/goias.gov.br\/detran\/wp-json\/wp\/v2\/posts\/2309\/revisions"}],"wp:featuredmedia":[{"embeddable":true,"href":"https:\/\/goias.gov.br\/detran\/wp-json\/wp\/v2\/media\/4739"}],"wp:attachment":[{"href":"https:\/\/goias.gov.br\/detran\/wp-json\/wp\/v2\/media?parent=2309"}],"wp:term":[{"taxonomy":"category","embeddable":true,"href":"https:\/\/goias.gov.br\/detran\/wp-json\/wp\/v2\/categories?post=2309"},{"taxonomy":"post_tag","embeddable":true,"href":"https:\/\/goias.gov.br\/detran\/wp-json\/wp\/v2\/tags?post=2309"}],"curies":[{"name":"wp","href":"https:\/\/api.w.org\/{rel}","templated":true}]}}