

{"id":2266,"date":"2021-09-17T12:09:00","date_gmt":"2021-09-17T12:09:00","guid":{"rendered":"https:\/\/wwwhomolog.detran.go.gov.br\/?p=2266"},"modified":"-0001-11-30T00:00:00","modified_gmt":"-0001-11-30T03:00:00","slug":"2266","status":"publish","type":"post","link":"https:\/\/goias.gov.br\/detran\/2266\/","title":{"rendered":"Detran-GO realiza abertura da Semana Nacional de Tr\u00e2nsito"},"content":{"rendered":"<div><span style=\"background-color: transparent; font-size: 1rem;\">O Governo de Goi\u00e1s, por meio do Departamento Estadual de Tr\u00e2nsito de Goi\u00e1s (Detran-GO), lan\u00e7a, nesta segunda-feira (20\/09), \u00e0s 10h, na sede da autarquia, a Semana Nacional de Tr\u00e2nsito. Durante o evento, ser\u00e1 anunciada a abertura das inscri\u00e7\u00f5es para a 5\u00aa etapa do programa CNH Social, que oferece \u00e0 popula\u00e7\u00e3o de baixa renda a oportunidade de mudar, adicionar categoria ou obter a primeira habilita\u00e7\u00e3o de forma gratuita.<\/span><\/div>\n<div><\/div>\n<div>Na solenidade, que ser\u00e1 realizada no Audit\u00f3rio do Bloco 15 do Detran-GO, na Cidade Jardim, ser\u00e3o apresentadas, ainda, as diretrizes para o programa CNH Social para o pr\u00f3ximo ano, com a amplia\u00e7\u00e3o do n\u00famero de vagas.<\/div>\n<div><\/div>\n<div>A Semana Nacional de Tr\u00e2nsito e Mobilidade, que acontece de 18 a 25 de setembro, \u00e9 composta por uma s\u00e9rie de a\u00e7\u00f5es educativas que buscam conscientizar a popula\u00e7\u00e3o sobre a import\u00e2ncia do respeito \u00e0s leis de tr\u00e2nsito para a preven\u00e7\u00e3o de acidentes. Nesses dias, ser\u00e3o intensificadas as atividades educativas. Neste ano, o tema definido pelo Conselho Nacional de Tr\u00e2nsito \u00e9 \u201cNo tr\u00e2nsito, sua responsabilidade salva vidas&#8221;.&nbsp;<\/div>\n<div><\/div>\n<div><\/div>\n<div><b>Servi\u00e7o:<\/b><\/div>\n<div><b><i>Lan\u00e7amento da Semana Nacional de Tr\u00e2nsito<\/i><\/b><\/div>\n<div><b>Data: <\/b>Segunda-feira (20\/09)<\/div>\n<div><b>Hor\u00e1rio:<\/b> 10h<\/div>\n<div><b>Local:<\/b> Audit\u00f3rio do Detran-GO \u2013 Bloco 15. Av. At\u00edlio Correa Lima, Cidade Jardim.<\/div>\n<div><\/div>\n<div>Departamento Estadual de Tr\u00e2nsito de Goi\u00e1s (Detran-GO) &#8211; Governo de Goi\u00e1s<\/div>\n","protected":false},"excerpt":{"rendered":"<p>O Governo de Goi\u00e1s, por meio do Departamento Estadual de Tr\u00e2nsito de Goi\u00e1s (Detran-GO), lan\u00e7a, nesta segunda-feira (20\/09), \u00e0s 10h, na sede da autarquia, a Semana Nacional de Tr\u00e2nsito. Durante o evento, ser\u00e1 anunciada a abertura das inscri\u00e7\u00f5es para a 5\u00aa etapa do programa CNH Social, que oferece \u00e0 popula\u00e7\u00e3o de baixa renda a oportunidade [&hellip;]<\/p>\n","protected":false},"author":1,"featured_media":4696,"comment_status":"closed","ping_status":"open","sticky":false,"template":"","format":"standard","meta":{"footnotes":"","_links_to":"","_links_to_target":""},"categories":[10],"tags":[],"class_list":["post-2266","post","type-post","status-publish","format-standard","has-post-thumbnail","hentry","category-noticias"],"rttpg_featured_image_url":{"full":["https:\/\/goias.gov.br\/detran\/wp-content\/uploads\/sites\/8\/2023\/05\/2266.jpg",0,0,false],"landscape":["https:\/\/goias.gov.br\/detran\/wp-content\/uploads\/sites\/8\/2023\/05\/2266.jpg",0,0,false],"portraits":["https:\/\/goias.gov.br\/detran\/wp-content\/uploads\/sites\/8\/2023\/05\/2266.jpg",0,0,false],"thumbnail":["https:\/\/goias.gov.br\/detran\/wp-content\/uploads\/sites\/8\/2023\/05\/2266.jpg",1,1,false],"medium":["https:\/\/goias.gov.br\/detran\/wp-content\/uploads\/sites\/8\/2023\/05\/2266.jpg",1,1,false],"large":["https:\/\/goias.gov.br\/detran\/wp-content\/uploads\/sites\/8\/2023\/05\/2266.jpg",1,1,false],"1536x1536":["https:\/\/goias.gov.br\/detran\/wp-content\/uploads\/sites\/8\/2023\/05\/2266.jpg",1,1,false],"2048x2048":["https:\/\/goias.gov.br\/detran\/wp-content\/uploads\/sites\/8\/2023\/05\/2266.jpg",1,1,false]},"rttpg_author":{"display_name":"wagner.viana","author_link":"https:\/\/goias.gov.br\/detran\/author\/wagner-viana\/"},"rttpg_comment":0,"rttpg_category":"<a href=\"https:\/\/goias.gov.br\/detran\/categoria\/noticias\/\" rel=\"category tag\">Not\u00edcias<\/a>","rttpg_excerpt":"O Governo de Goi\u00e1s, por meio do Departamento Estadual de Tr\u00e2nsito de Goi\u00e1s (Detran-GO), lan\u00e7a, nesta segunda-feira (20\/09), \u00e0s 10h, na sede da autarquia, a Semana Nacional de Tr\u00e2nsito. Durante o evento, ser\u00e1 anunciada a abertura das inscri\u00e7\u00f5es para a 5\u00aa etapa do programa CNH Social, que oferece \u00e0 popula\u00e7\u00e3o de baixa renda a oportunidade&hellip;","_links":{"self":[{"href":"https:\/\/goias.gov.br\/detran\/wp-json\/wp\/v2\/posts\/2266","targetHints":{"allow":["GET"]}}],"collection":[{"href":"https:\/\/goias.gov.br\/detran\/wp-json\/wp\/v2\/posts"}],"about":[{"href":"https:\/\/goias.gov.br\/detran\/wp-json\/wp\/v2\/types\/post"}],"author":[{"embeddable":true,"href":"https:\/\/goias.gov.br\/detran\/wp-json\/wp\/v2\/users\/1"}],"replies":[{"embeddable":true,"href":"https:\/\/goias.gov.br\/detran\/wp-json\/wp\/v2\/comments?post=2266"}],"version-history":[{"count":0,"href":"https:\/\/goias.gov.br\/detran\/wp-json\/wp\/v2\/posts\/2266\/revisions"}],"wp:featuredmedia":[{"embeddable":true,"href":"https:\/\/goias.gov.br\/detran\/wp-json\/wp\/v2\/media\/4696"}],"wp:attachment":[{"href":"https:\/\/goias.gov.br\/detran\/wp-json\/wp\/v2\/media?parent=2266"}],"wp:term":[{"taxonomy":"category","embeddable":true,"href":"https:\/\/goias.gov.br\/detran\/wp-json\/wp\/v2\/categories?post=2266"},{"taxonomy":"post_tag","embeddable":true,"href":"https:\/\/goias.gov.br\/detran\/wp-json\/wp\/v2\/tags?post=2266"}],"curies":[{"name":"wp","href":"https:\/\/api.w.org\/{rel}","templated":true}]}}