

{"id":2218,"date":"2021-07-26T12:07:00","date_gmt":"2021-07-26T12:07:00","guid":{"rendered":"https:\/\/wwwhomolog.detran.go.gov.br\/?p=2218"},"modified":"-0001-11-30T00:00:00","modified_gmt":"-0001-11-30T03:00:00","slug":"2218","status":"publish","type":"post","link":"https:\/\/goias.gov.br\/detran\/2218\/","title":{"rendered":"Conselho Nacional de Tr\u00e2nsito restabelece prazos de vencimento da Carteira Nacional de Habilita\u00e7\u00e3o e"},"content":{"rendered":"<div>O Conselho Nacional de Tr\u00e2nsito (Contran) publicou na \u00faltima sexta-feira (23\/07), delibera\u00e7\u00e3o restabelecendo a contagem dos prazos de processos e procedimentos relativos aos \u00f3rg\u00e3os e entidades prestadoras de servi\u00e7os relacionadas ao tr\u00e2nsito. Tamb\u00e9m divulgou um cronograma estabelecendo data limite para a renova\u00e7\u00e3o de CNHs vencidas a partir do m\u00eas de mar\u00e7o de 2020.<\/div>\n<div>&nbsp;<\/div>\n<div>Os prazos estavam suspensos desde o ano passado devido ao per\u00edodo de pandemia. A Delibera\u00e7\u00e3o 232 do Contran, que entra em vigor no dia 2 de agosto deste ano, estabelece um cronograma escalonado.<\/div>\n<div>&nbsp;<\/div>\n<div>Os condutores com CNHs vencidas entre mar\u00e7o e abril de 2020 t\u00eam at\u00e9 31 de agosto de 2021 para revalidar o documento. Carteiras vencidas entre maio e julho de 2020 dever\u00e3o ser renovadas at\u00e9 30 de setembro deste ano. J\u00e1 habilita\u00e7\u00f5es vencidas em dezembro de 2020 podem circular at\u00e9 dezembro deste ano.<\/div>\n<div>&nbsp;<\/div>\n<div>Os documentos de habilita\u00e7\u00e3o vencidos em 2021 ter\u00e3o 12 meses para a renova\u00e7\u00e3o junto ao Departamento Estadual de Tr\u00e2nsito de Goi\u00e1s. Para efeitos de fiscaliza\u00e7\u00e3o de tr\u00e2nsito, a carteira vencida neste ano ter\u00e1 validade at\u00e9 o m\u00eas de anivers\u00e1rio em 2022.<\/div>\n<div><\/div>\n<div>O motorista com a CNH com validade at\u00e9 agosto de 2021, por exemplo, ter\u00e1 at\u00e9 agosto do pr\u00f3ximo ano para renov\u00e1-la. Os cronogramas abrangem CNHs, Permiss\u00e3o Provis\u00f3ria para Dirigir (PPD) e Autoriza\u00e7\u00e3o para Conduzir Ve\u00edculos Automotores(ACC).&nbsp;<\/div>\n<div><\/div>\n<div><b>Prazos recursais<\/b><\/div>\n<div>Na pr\u00e1tica, a delibera\u00e7\u00e3o publicada no dia (23\/07) revoga a Portaria 206 do Contran de mar\u00e7o deste ano. Assim, vai impactar tamb\u00e9m sobre os prazos que atingem os infratores autuados por \u00f3rg\u00e3os executivos de tr\u00e2nsito ou rodovi\u00e1rios do Estado de Goi\u00e1s. Ela restabelece o prazo para a apresenta\u00e7\u00e3o de defesa pr\u00e9via e indica\u00e7\u00e3o de real condutor (transfer\u00eancia de pontua\u00e7\u00e3o). Tamb\u00e9m retoma o prazo para que os motoristas com notifica\u00e7\u00e3o de penalidade j\u00e1 expedida possam apresentar recurso.<\/div>\n<div>&nbsp;<\/div>\n<div>O Contran tamb\u00e9m determinou a retomada da multa de recibo. Ou seja, propriet\u00e1rios que adquirirem ve\u00edculos a partir de 2 de agosto deste ano, voltam a ter 30 dias para efetuar a transfer\u00eancia, registro ou licenciamento, conforme preconiza o artigo 132 do C\u00f3digo de Tr\u00e2nsito Brasileiro.&nbsp;&nbsp;<\/div>\n<div><\/div>\n<div><b>Servi\u00e7o<\/b><\/div>\n<div>&nbsp;A quem se aplica?&nbsp;<\/div>\n<div>Aos condutores habilitados pelo Detran-GO; Aos ve\u00edculos registrados ou que venham a ser registrados em Goi\u00e1s; \u00c0s infra\u00e7\u00f5es de tr\u00e2nsito autuadas por \u00f3rg\u00e3os executivos de tr\u00e2nsito ou rodovi\u00e1rio do Estado de Goi\u00e1s.&nbsp;<\/div>\n<div><\/div>\n<div>O que muda?<\/div>\n<div>Prazo para apresenta\u00e7\u00e3o de recurso e indica\u00e7\u00e3o do condutor infrator estendido at\u00e9 31\/08\/21 para notifica\u00e7\u00f5es de penalidades j\u00e1 expedidas (com datas finais previstas para o per\u00edodo de 17\/03\/21 at\u00e9 02\/08\/21); Prazo para apresenta\u00e7\u00e3o de recurso estendido at\u00e9 31\/08\/21 para notifica\u00e7\u00f5es nos processos de suspens\u00e3o do direito de dirigir e de cassa\u00e7\u00e3o j\u00e1 expedidas (com datas finais previstas para o per\u00edodo de 17\/03\/21 at\u00e9 02\/08\/21); O ve\u00edculo novo adquirido entre 2 de mar\u00e7o e 1\u00ba de agosto de 2021 deve ser registrado e licenciado at\u00e9 31 de agosto de 2021; A transfer\u00eancia de propriedade de ve\u00edculo adquirido entre 12 de fevereiro e 1\u00ba de agosto de 2021 deve ser efetuada at\u00e9 30 de setembro de 2021.<\/div>\n<div><\/div>\n<div>Comunica\u00e7\u00e3o Setorial do Detran-GO<\/div>\n","protected":false},"excerpt":{"rendered":"<p>O Conselho Nacional de Tr\u00e2nsito (Contran) publicou na \u00faltima sexta-feira (23\/07), delibera\u00e7\u00e3o restabelecendo a contagem dos prazos de processos e procedimentos relativos aos \u00f3rg\u00e3os e entidades prestadoras de servi\u00e7os relacionadas ao tr\u00e2nsito. Tamb\u00e9m divulgou um cronograma estabelecendo data limite para a renova\u00e7\u00e3o de CNHs vencidas a partir do m\u00eas de mar\u00e7o de 2020. &nbsp; Os [&hellip;]<\/p>\n","protected":false},"author":1,"featured_media":4648,"comment_status":"closed","ping_status":"open","sticky":false,"template":"","format":"standard","meta":{"footnotes":"","_links_to":"","_links_to_target":""},"categories":[10],"tags":[],"class_list":["post-2218","post","type-post","status-publish","format-standard","has-post-thumbnail","hentry","category-noticias"],"rttpg_featured_image_url":{"full":["https:\/\/goias.gov.br\/detran\/wp-content\/uploads\/sites\/8\/2023\/05\/2218.jpg",0,0,false],"landscape":["https:\/\/goias.gov.br\/detran\/wp-content\/uploads\/sites\/8\/2023\/05\/2218.jpg",0,0,false],"portraits":["https:\/\/goias.gov.br\/detran\/wp-content\/uploads\/sites\/8\/2023\/05\/2218.jpg",0,0,false],"thumbnail":["https:\/\/goias.gov.br\/detran\/wp-content\/uploads\/sites\/8\/2023\/05\/2218.jpg",1,1,false],"medium":["https:\/\/goias.gov.br\/detran\/wp-content\/uploads\/sites\/8\/2023\/05\/2218.jpg",1,1,false],"large":["https:\/\/goias.gov.br\/detran\/wp-content\/uploads\/sites\/8\/2023\/05\/2218.jpg",1,1,false],"1536x1536":["https:\/\/goias.gov.br\/detran\/wp-content\/uploads\/sites\/8\/2023\/05\/2218.jpg",1,1,false],"2048x2048":["https:\/\/goias.gov.br\/detran\/wp-content\/uploads\/sites\/8\/2023\/05\/2218.jpg",1,1,false]},"rttpg_author":{"display_name":"wagner.viana","author_link":"https:\/\/goias.gov.br\/detran\/author\/wagner-viana\/"},"rttpg_comment":0,"rttpg_category":"<a href=\"https:\/\/goias.gov.br\/detran\/categoria\/noticias\/\" rel=\"category tag\">Not\u00edcias<\/a>","rttpg_excerpt":"O Conselho Nacional de Tr\u00e2nsito (Contran) publicou na \u00faltima sexta-feira (23\/07), delibera\u00e7\u00e3o restabelecendo a contagem dos prazos de processos e procedimentos relativos aos \u00f3rg\u00e3os e entidades prestadoras de servi\u00e7os relacionadas ao tr\u00e2nsito. Tamb\u00e9m divulgou um cronograma estabelecendo data limite para a renova\u00e7\u00e3o de CNHs vencidas a partir do m\u00eas de mar\u00e7o de 2020. &nbsp; Os&hellip;","_links":{"self":[{"href":"https:\/\/goias.gov.br\/detran\/wp-json\/wp\/v2\/posts\/2218","targetHints":{"allow":["GET"]}}],"collection":[{"href":"https:\/\/goias.gov.br\/detran\/wp-json\/wp\/v2\/posts"}],"about":[{"href":"https:\/\/goias.gov.br\/detran\/wp-json\/wp\/v2\/types\/post"}],"author":[{"embeddable":true,"href":"https:\/\/goias.gov.br\/detran\/wp-json\/wp\/v2\/users\/1"}],"replies":[{"embeddable":true,"href":"https:\/\/goias.gov.br\/detran\/wp-json\/wp\/v2\/comments?post=2218"}],"version-history":[{"count":0,"href":"https:\/\/goias.gov.br\/detran\/wp-json\/wp\/v2\/posts\/2218\/revisions"}],"wp:featuredmedia":[{"embeddable":true,"href":"https:\/\/goias.gov.br\/detran\/wp-json\/wp\/v2\/media\/4648"}],"wp:attachment":[{"href":"https:\/\/goias.gov.br\/detran\/wp-json\/wp\/v2\/media?parent=2218"}],"wp:term":[{"taxonomy":"category","embeddable":true,"href":"https:\/\/goias.gov.br\/detran\/wp-json\/wp\/v2\/categories?post=2218"},{"taxonomy":"post_tag","embeddable":true,"href":"https:\/\/goias.gov.br\/detran\/wp-json\/wp\/v2\/tags?post=2218"}],"curies":[{"name":"wp","href":"https:\/\/api.w.org\/{rel}","templated":true}]}}