

{"id":2217,"date":"2021-07-26T12:07:00","date_gmt":"2021-07-26T12:07:00","guid":{"rendered":"https:\/\/wwwhomolog.detran.go.gov.br\/?p=2217"},"modified":"-0001-11-30T00:00:00","modified_gmt":"-0001-11-30T03:00:00","slug":"2217","status":"publish","type":"post","link":"https:\/\/goias.gov.br\/detran\/2217\/","title":{"rendered":"Cerca de 3 mil motoristas profissionais foram abordados em a\u00e7\u00e3o educativa do Detran-GO"},"content":{"rendered":"<div>O Departamento Estadual de Tr\u00e2nsito de Goi\u00e1s (Detran-GO) realizou a\u00e7\u00f5es educativas na capital em comemora\u00e7\u00e3o ao Dia do Motorista, celebrado em 25 de julho. Educadores de tr\u00e2nsito da autarquia preocupada com a seguran\u00e7a dos envolvidos no sistema vi\u00e1rio abordou cerca de 3 mil condutores durante o final de semana. As a\u00e7\u00f5es foram realizadas nas principais vias e na Rodovi\u00e1ria.&nbsp;<\/div>\n<div><\/div>\n<div>Durante abordagem os condutores foram orientados quanto \u00e0s condutas de seguran\u00e7a no tr\u00e1fego vi\u00e1rio e conhecimento sobre o que diz as leis de tr\u00e2nsito. Al\u00e9m de receberem folder educativo e caneta. \u201c\u00c9 uma a\u00e7\u00e3o importante, uma vez que os motoristas profissionais s\u00e3o submetidos h\u00e1 longas jornadas de trabalho, e devem se atentar quanto aos cuidados com a seguran\u00e7a no tr\u00e2nsito\u201d, informou a gerente de Educa\u00e7\u00e3o de Tr\u00e2nsito do Detran-GO, Pablynne de Carvalho.&nbsp;<\/div>\n<div><\/div>\n<div>As a\u00e7\u00f5es destacaram a import\u00e2ncia da seguran\u00e7a com a sa\u00fade do motorista e o tr\u00e2nsito, estimulando que os condutores estejam sempre atentos aos sinais de cansa\u00e7o ao volante. As atividades seguiram todas as diretrizes e as medidas de seguran\u00e7a quanto ao distanciamento social, para minimizar o risco de prolifera\u00e7\u00e3o da Covid-19.&nbsp;<\/div>\n<div><\/div>\n<div><\/div>\n<div>Goi\u00e2nia, 26 de julho de 2021.&nbsp;<\/div>\n<div>Comunica\u00e7\u00e3o Setorial do Detran-GO<\/div>\n","protected":false},"excerpt":{"rendered":"<p>O Departamento Estadual de Tr\u00e2nsito de Goi\u00e1s (Detran-GO) realizou a\u00e7\u00f5es educativas na capital em comemora\u00e7\u00e3o ao Dia do Motorista, celebrado em 25 de julho. Educadores de tr\u00e2nsito da autarquia preocupada com a seguran\u00e7a dos envolvidos no sistema vi\u00e1rio abordou cerca de 3 mil condutores durante o final de semana. As a\u00e7\u00f5es foram realizadas nas principais [&hellip;]<\/p>\n","protected":false},"author":1,"featured_media":4647,"comment_status":"closed","ping_status":"open","sticky":false,"template":"","format":"standard","meta":{"footnotes":"","_links_to":"","_links_to_target":""},"categories":[10],"tags":[],"class_list":["post-2217","post","type-post","status-publish","format-standard","has-post-thumbnail","hentry","category-noticias"],"rttpg_featured_image_url":{"full":["https:\/\/goias.gov.br\/detran\/wp-content\/uploads\/sites\/8\/2023\/05\/2217.jpg",0,0,false],"landscape":["https:\/\/goias.gov.br\/detran\/wp-content\/uploads\/sites\/8\/2023\/05\/2217.jpg",0,0,false],"portraits":["https:\/\/goias.gov.br\/detran\/wp-content\/uploads\/sites\/8\/2023\/05\/2217.jpg",0,0,false],"thumbnail":["https:\/\/goias.gov.br\/detran\/wp-content\/uploads\/sites\/8\/2023\/05\/2217.jpg",1,1,false],"medium":["https:\/\/goias.gov.br\/detran\/wp-content\/uploads\/sites\/8\/2023\/05\/2217.jpg",1,1,false],"large":["https:\/\/goias.gov.br\/detran\/wp-content\/uploads\/sites\/8\/2023\/05\/2217.jpg",1,1,false],"1536x1536":["https:\/\/goias.gov.br\/detran\/wp-content\/uploads\/sites\/8\/2023\/05\/2217.jpg",1,1,false],"2048x2048":["https:\/\/goias.gov.br\/detran\/wp-content\/uploads\/sites\/8\/2023\/05\/2217.jpg",1,1,false]},"rttpg_author":{"display_name":"wagner.viana","author_link":"https:\/\/goias.gov.br\/detran\/author\/wagner-viana\/"},"rttpg_comment":0,"rttpg_category":"<a href=\"https:\/\/goias.gov.br\/detran\/categoria\/noticias\/\" rel=\"category tag\">Not\u00edcias<\/a>","rttpg_excerpt":"O Departamento Estadual de Tr\u00e2nsito de Goi\u00e1s (Detran-GO) realizou a\u00e7\u00f5es educativas na capital em comemora\u00e7\u00e3o ao Dia do Motorista, celebrado em 25 de julho. Educadores de tr\u00e2nsito da autarquia preocupada com a seguran\u00e7a dos envolvidos no sistema vi\u00e1rio abordou cerca de 3 mil condutores durante o final de semana. As a\u00e7\u00f5es foram realizadas nas principais&hellip;","_links":{"self":[{"href":"https:\/\/goias.gov.br\/detran\/wp-json\/wp\/v2\/posts\/2217","targetHints":{"allow":["GET"]}}],"collection":[{"href":"https:\/\/goias.gov.br\/detran\/wp-json\/wp\/v2\/posts"}],"about":[{"href":"https:\/\/goias.gov.br\/detran\/wp-json\/wp\/v2\/types\/post"}],"author":[{"embeddable":true,"href":"https:\/\/goias.gov.br\/detran\/wp-json\/wp\/v2\/users\/1"}],"replies":[{"embeddable":true,"href":"https:\/\/goias.gov.br\/detran\/wp-json\/wp\/v2\/comments?post=2217"}],"version-history":[{"count":0,"href":"https:\/\/goias.gov.br\/detran\/wp-json\/wp\/v2\/posts\/2217\/revisions"}],"wp:featuredmedia":[{"embeddable":true,"href":"https:\/\/goias.gov.br\/detran\/wp-json\/wp\/v2\/media\/4647"}],"wp:attachment":[{"href":"https:\/\/goias.gov.br\/detran\/wp-json\/wp\/v2\/media?parent=2217"}],"wp:term":[{"taxonomy":"category","embeddable":true,"href":"https:\/\/goias.gov.br\/detran\/wp-json\/wp\/v2\/categories?post=2217"},{"taxonomy":"post_tag","embeddable":true,"href":"https:\/\/goias.gov.br\/detran\/wp-json\/wp\/v2\/tags?post=2217"}],"curies":[{"name":"wp","href":"https:\/\/api.w.org\/{rel}","templated":true}]}}