

{"id":2168,"date":"2021-05-31T12:05:00","date_gmt":"2021-05-31T12:05:00","guid":{"rendered":"https:\/\/wwwhomolog.detran.go.gov.br\/?p=2168"},"modified":"-0001-11-30T00:00:00","modified_gmt":"-0001-11-30T03:00:00","slug":"2168","status":"publish","type":"post","link":"https:\/\/goias.gov.br\/detran\/2168\/","title":{"rendered":"Detran-GO leva a\u00e7\u00f5es educativas a mais de 25 mil pessoas durante o Maio Amarelo"},"content":{"rendered":"<div>Durante todo o m\u00eas, o Departamento Estadual de Tr\u00e2nsito de Goi\u00e1s (Detran-GO) realizou diversas a\u00e7\u00f5es educativas em comemora\u00e7\u00e3o ao movimento internacional Maio Amarelo, que tem como principal objetivo alertar sobre os altos n\u00fameros de acidentes de tr\u00e2nsito.&nbsp;<\/div>\n<div><\/div>\n<div>Para marcar o in\u00edcio das atividades, o Detran-GO realizou blitz educativa no dia (06\/05) em Ner\u00f3polis. No dia (07\/05) o \u00f3rg\u00e3o esteve presente em Bela Vista e na GO-070. No dia (10\/05) a autarquia realizou a\u00e7\u00e3o em&nbsp; Silv\u00e2nia e participou de debate no Pa\u00e7o de Aparecida. Senador Canedo recebeu as a\u00e7\u00f5es educativas no dia (11\/05).&nbsp; J\u00e1 no dia (12\/05) teve a\u00e7\u00e3o em Aparecida de Goi\u00e2nia, com participa\u00e7\u00e3o no debate na C\u00e2mara Municipal do munic\u00edpio no dia (13\/05). Em An\u00e1polis e Caldas Novas foram nos dias (17 e 18\/05).&nbsp;<\/div>\n<div><\/div>\n<div>A autarquia realizou orienta\u00e7\u00f5es sobre tr\u00e2nsito aos servidores da Seduc no dia (20\/05). Em (21\/05) foi realizado palestra on-line e blitzes educativas em Campo Limpo e Ouro Verde. S\u00e3o Miguel e Cidade Ocidental receberam a\u00e7\u00f5es no dia (26\/05). Alex\u00e2nia e Vian\u00f3polis as a\u00e7\u00f5es ocorreram no dia (27\/05). No dia (28\/05) foi a vez de Ceres e Inhumas. E, para finalizar o m\u00eas, a autarquia realizou um passeio cicl\u00edstico no dia (30\/05), na Pra\u00e7a C\u00edvica. Onde ciclistas do Pedal Retr\u00f4 de Goi\u00e2nia se uniram ao Detran-GO para um passeio em defesa da vida no tr\u00e2nsito.<\/div>\n<div><\/div>\n<div>O Detran-GO realizou as a\u00e7\u00f5es em parceria com a Secretaria Municipal de Mobilidade de Goi\u00e2nia (SMM), Secretaria Executiva de Tr\u00e2nsito de Aparecida de Goi\u00e2nia (SMTA), Pol\u00edcia Rodovi\u00e1ria Federal (PRF), Pol\u00edcia Militar do Estado de Goi\u00e1s, Corpo de Bombeiros, Ordem dos Advogados do Brasil \u2013 Seccional Aparecida de Goi\u00e2nia (OAB-APGO) e Correios. Com o mote \u201cNo tr\u00e2nsito, sua responsabilidade salva vidas\u201d,&nbsp; foram mais de 25 mil pessoas abordadas durante todo o m\u00eas.&nbsp;<\/div>\n<div><\/div>\n<div>\u201c\u00c9 uma campanha de educa\u00e7\u00e3o. \u00c9 dif\u00edcil mensurar imediatamente quais s\u00e3o os resultados alcan\u00e7ados.Tivemos uma receptividade muito positiva das institui\u00e7\u00f5es, das empresas, da sociedade no intuito de ajudar para que possamos ter um tr\u00e2nsito mais seguro, possibilitando seguran\u00e7a para quem conduz quanto para pedestres e ciclistas\u201d, ressalta o presidente do Detran-GO, Marcos Roberto Silva.&nbsp;<\/div>\n<div><\/div>\n<div><b>Maio Amarelo 2021<\/b><\/div>\n<div><\/div>\n<div>Inicialmente institu\u00eddo pela Organiza\u00e7\u00e3o das Na\u00e7\u00f5es Unidas (ONU), o Maio Amarelo concretizou importantes parcerias firmadas em Goi\u00e1s. V\u00e1rios parceiros, entre CFCs, despachantes, igrejas, prefeituras, \u00f3rg\u00e3os p\u00fablicos, entidades de classe e empresas contribu\u00edram para multiplicar a mensagem de compartilhamento seguro e respeito m\u00fatuo nas vias.<\/div>\n<div><\/div>\n<div>O movimento nasceu no Brasil e j\u00e1 est\u00e1 presente em mais de 30 pa\u00edses. Colocando em pauta o tema seguran\u00e7a vi\u00e1ria e mobilizando toda a sociedade, envolvendo os mais diversos segmentos.<\/div>\n<div><\/div>\n<div>Goi\u00e2nia, 31 de maio de 2021.<\/div>\n<div>Comunica\u00e7\u00e3o Setorial do Detran-GO<\/div>\n","protected":false},"excerpt":{"rendered":"<p>Durante todo o m\u00eas, o Departamento Estadual de Tr\u00e2nsito de Goi\u00e1s (Detran-GO) realizou diversas a\u00e7\u00f5es educativas em comemora\u00e7\u00e3o ao movimento internacional Maio Amarelo, que tem como principal objetivo alertar sobre os altos n\u00fameros de acidentes de tr\u00e2nsito.&nbsp; Para marcar o in\u00edcio das atividades, o Detran-GO realizou blitz educativa no dia (06\/05) em Ner\u00f3polis. No dia [&hellip;]<\/p>\n","protected":false},"author":1,"featured_media":4598,"comment_status":"closed","ping_status":"open","sticky":false,"template":"","format":"standard","meta":{"footnotes":"","_links_to":"","_links_to_target":""},"categories":[10],"tags":[],"class_list":["post-2168","post","type-post","status-publish","format-standard","has-post-thumbnail","hentry","category-noticias"],"rttpg_featured_image_url":{"full":["https:\/\/goias.gov.br\/detran\/wp-content\/uploads\/sites\/8\/2023\/05\/2168.jpg",0,0,false],"landscape":["https:\/\/goias.gov.br\/detran\/wp-content\/uploads\/sites\/8\/2023\/05\/2168.jpg",0,0,false],"portraits":["https:\/\/goias.gov.br\/detran\/wp-content\/uploads\/sites\/8\/2023\/05\/2168.jpg",0,0,false],"thumbnail":["https:\/\/goias.gov.br\/detran\/wp-content\/uploads\/sites\/8\/2023\/05\/2168.jpg",1,1,false],"medium":["https:\/\/goias.gov.br\/detran\/wp-content\/uploads\/sites\/8\/2023\/05\/2168.jpg",1,1,false],"large":["https:\/\/goias.gov.br\/detran\/wp-content\/uploads\/sites\/8\/2023\/05\/2168.jpg",1,1,false],"1536x1536":["https:\/\/goias.gov.br\/detran\/wp-content\/uploads\/sites\/8\/2023\/05\/2168.jpg",1,1,false],"2048x2048":["https:\/\/goias.gov.br\/detran\/wp-content\/uploads\/sites\/8\/2023\/05\/2168.jpg",1,1,false]},"rttpg_author":{"display_name":"wagner.viana","author_link":"https:\/\/goias.gov.br\/detran\/author\/wagner-viana\/"},"rttpg_comment":0,"rttpg_category":"<a href=\"https:\/\/goias.gov.br\/detran\/categoria\/noticias\/\" rel=\"category tag\">Not\u00edcias<\/a>","rttpg_excerpt":"Durante todo o m\u00eas, o Departamento Estadual de Tr\u00e2nsito de Goi\u00e1s (Detran-GO) realizou diversas a\u00e7\u00f5es educativas em comemora\u00e7\u00e3o ao movimento internacional Maio Amarelo, que tem como principal objetivo alertar sobre os altos n\u00fameros de acidentes de tr\u00e2nsito.&nbsp; Para marcar o in\u00edcio das atividades, o Detran-GO realizou blitz educativa no dia (06\/05) em Ner\u00f3polis. No dia&hellip;","_links":{"self":[{"href":"https:\/\/goias.gov.br\/detran\/wp-json\/wp\/v2\/posts\/2168","targetHints":{"allow":["GET"]}}],"collection":[{"href":"https:\/\/goias.gov.br\/detran\/wp-json\/wp\/v2\/posts"}],"about":[{"href":"https:\/\/goias.gov.br\/detran\/wp-json\/wp\/v2\/types\/post"}],"author":[{"embeddable":true,"href":"https:\/\/goias.gov.br\/detran\/wp-json\/wp\/v2\/users\/1"}],"replies":[{"embeddable":true,"href":"https:\/\/goias.gov.br\/detran\/wp-json\/wp\/v2\/comments?post=2168"}],"version-history":[{"count":0,"href":"https:\/\/goias.gov.br\/detran\/wp-json\/wp\/v2\/posts\/2168\/revisions"}],"wp:featuredmedia":[{"embeddable":true,"href":"https:\/\/goias.gov.br\/detran\/wp-json\/wp\/v2\/media\/4598"}],"wp:attachment":[{"href":"https:\/\/goias.gov.br\/detran\/wp-json\/wp\/v2\/media?parent=2168"}],"wp:term":[{"taxonomy":"category","embeddable":true,"href":"https:\/\/goias.gov.br\/detran\/wp-json\/wp\/v2\/categories?post=2168"},{"taxonomy":"post_tag","embeddable":true,"href":"https:\/\/goias.gov.br\/detran\/wp-json\/wp\/v2\/tags?post=2168"}],"curies":[{"name":"wp","href":"https:\/\/api.w.org\/{rel}","templated":true}]}}