

{"id":2139,"date":"2021-05-12T12:05:00","date_gmt":"2021-05-12T12:05:00","guid":{"rendered":"https:\/\/wwwhomolog.detran.go.gov.br\/?p=2139"},"modified":"-0001-11-30T00:00:00","modified_gmt":"-0001-11-30T03:00:00","slug":"2139","status":"publish","type":"post","link":"https:\/\/goias.gov.br\/detran\/2139\/","title":{"rendered":"Termina s\u00e1bado (15\/05) o prazo para selecionados no programa CNH Social realizarem matr\u00edcula on-line"},"content":{"rendered":"<div>Os selecionados da segunda chamada do programa CNH Social, oferecido pelo Governo de Goi\u00e1s por meio do Detran-GO, t\u00eam at\u00e9 o dia 15 de maio para efetuar a matr\u00edcula on-line. os 1.153 convocados para as vagas remanescentes devem realizar a abertura do Registro Nacional de Carteira de Habilita\u00e7\u00e3o (Renach) at\u00e9 o dia 30 de maio. Para isso, ter\u00e3o que entregar a documenta\u00e7\u00e3o e iniciar o processo em um posto de atendimento presencial do Detran-GO.&nbsp;<\/div>\n<div><\/div>\n<div>&nbsp;Os selecionados ganham isen\u00e7\u00e3o das taxas do Detran-GO (Inclus\u00e3o no Renach, Licen\u00e7a de Aprendizagem de Dire\u00e7\u00e3o Veicular, agendamento de prova te\u00f3rica, agendamento de exame pr\u00e1tico). Tamb\u00e9m n\u00e3o pagam pelos exames m\u00e9dico e psicol\u00f3gico, junta m\u00e9dica, quando se tratar de candidato com defici\u00eancia, e toxicol\u00f3gico, exigido para categoria profissional. Por meio de parcerias, a autarquia oferece ainda os cursos te\u00f3rico, de legisla\u00e7\u00e3o de tr\u00e2nsito, aulas pr\u00e1ticas de dire\u00e7\u00e3o e at\u00e9 tr\u00eas retestes.&nbsp;<\/div>\n<div><\/div>\n<div>O candidato deve agendar o atendimento presencial pelo site do Detran-GO ou portal Vapt Vupt o quanto antes para evitar contratempos. Quem n\u00e3o cumprir o cronograma ou deixar de apresentar os documentos previstos em edital ser\u00e1 desclassificado.<\/div>\n<div><\/div>\n<div><b>Cronograma<\/b><\/div>\n<div>15\/05\/2021 \u2013 Encerramento da matr\u00edcula online.<\/div>\n<div>30\/05\/2021 \u2013 Fechamento do prazo para abertura do Renach.<\/div>\n<div><\/div>\n<div><b>D\u00favidas de benefici\u00e1rios<\/b><\/div>\n<div>cnhsocialresponde@detran.go.gov.br<\/div>\n<div>(62) 3272-8161 \/ 3272-8451<\/div>\n<div><\/div>\n<div>Goi\u00e2nia, 12 de maio de 2021.<\/div>\n<div>Comunica\u00e7\u00e3o Setorial do Detran-GO.<\/div>\n","protected":false},"excerpt":{"rendered":"<p>Os selecionados da segunda chamada do programa CNH Social, oferecido pelo Governo de Goi\u00e1s por meio do Detran-GO, t\u00eam at\u00e9 o dia 15 de maio para efetuar a matr\u00edcula on-line. os 1.153 convocados para as vagas remanescentes devem realizar a abertura do Registro Nacional de Carteira de Habilita\u00e7\u00e3o (Renach) at\u00e9 o dia 30 de maio. [&hellip;]<\/p>\n","protected":false},"author":1,"featured_media":4569,"comment_status":"closed","ping_status":"open","sticky":false,"template":"","format":"standard","meta":{"footnotes":"","_links_to":"","_links_to_target":""},"categories":[10],"tags":[],"class_list":["post-2139","post","type-post","status-publish","format-standard","has-post-thumbnail","hentry","category-noticias"],"rttpg_featured_image_url":{"full":["https:\/\/goias.gov.br\/detran\/wp-content\/uploads\/sites\/8\/2023\/05\/2139.jpg",0,0,false],"landscape":["https:\/\/goias.gov.br\/detran\/wp-content\/uploads\/sites\/8\/2023\/05\/2139.jpg",0,0,false],"portraits":["https:\/\/goias.gov.br\/detran\/wp-content\/uploads\/sites\/8\/2023\/05\/2139.jpg",0,0,false],"thumbnail":["https:\/\/goias.gov.br\/detran\/wp-content\/uploads\/sites\/8\/2023\/05\/2139.jpg",1,1,false],"medium":["https:\/\/goias.gov.br\/detran\/wp-content\/uploads\/sites\/8\/2023\/05\/2139.jpg",1,1,false],"large":["https:\/\/goias.gov.br\/detran\/wp-content\/uploads\/sites\/8\/2023\/05\/2139.jpg",1,1,false],"1536x1536":["https:\/\/goias.gov.br\/detran\/wp-content\/uploads\/sites\/8\/2023\/05\/2139.jpg",1,1,false],"2048x2048":["https:\/\/goias.gov.br\/detran\/wp-content\/uploads\/sites\/8\/2023\/05\/2139.jpg",1,1,false]},"rttpg_author":{"display_name":"wagner.viana","author_link":"https:\/\/goias.gov.br\/detran\/author\/wagner-viana\/"},"rttpg_comment":0,"rttpg_category":"<a href=\"https:\/\/goias.gov.br\/detran\/categoria\/noticias\/\" rel=\"category tag\">Not\u00edcias<\/a>","rttpg_excerpt":"Os selecionados da segunda chamada do programa CNH Social, oferecido pelo Governo de Goi\u00e1s por meio do Detran-GO, t\u00eam at\u00e9 o dia 15 de maio para efetuar a matr\u00edcula on-line. os 1.153 convocados para as vagas remanescentes devem realizar a abertura do Registro Nacional de Carteira de Habilita\u00e7\u00e3o (Renach) at\u00e9 o dia 30 de maio.&hellip;","_links":{"self":[{"href":"https:\/\/goias.gov.br\/detran\/wp-json\/wp\/v2\/posts\/2139","targetHints":{"allow":["GET"]}}],"collection":[{"href":"https:\/\/goias.gov.br\/detran\/wp-json\/wp\/v2\/posts"}],"about":[{"href":"https:\/\/goias.gov.br\/detran\/wp-json\/wp\/v2\/types\/post"}],"author":[{"embeddable":true,"href":"https:\/\/goias.gov.br\/detran\/wp-json\/wp\/v2\/users\/1"}],"replies":[{"embeddable":true,"href":"https:\/\/goias.gov.br\/detran\/wp-json\/wp\/v2\/comments?post=2139"}],"version-history":[{"count":0,"href":"https:\/\/goias.gov.br\/detran\/wp-json\/wp\/v2\/posts\/2139\/revisions"}],"wp:featuredmedia":[{"embeddable":true,"href":"https:\/\/goias.gov.br\/detran\/wp-json\/wp\/v2\/media\/4569"}],"wp:attachment":[{"href":"https:\/\/goias.gov.br\/detran\/wp-json\/wp\/v2\/media?parent=2139"}],"wp:term":[{"taxonomy":"category","embeddable":true,"href":"https:\/\/goias.gov.br\/detran\/wp-json\/wp\/v2\/categories?post=2139"},{"taxonomy":"post_tag","embeddable":true,"href":"https:\/\/goias.gov.br\/detran\/wp-json\/wp\/v2\/tags?post=2139"}],"curies":[{"name":"wp","href":"https:\/\/api.w.org\/{rel}","templated":true}]}}