

{"id":2108,"date":"2021-04-13T12:04:00","date_gmt":"2021-04-13T12:04:00","guid":{"rendered":"https:\/\/wwwhomolog.detran.go.gov.br\/?p=2108"},"modified":"-0001-11-30T00:00:00","modified_gmt":"-0001-11-30T03:00:00","slug":"2108","status":"publish","type":"post","link":"https:\/\/goias.gov.br\/detran\/2108\/","title":{"rendered":"Detran-GO discute com prefeitos melhorias nas Ciretrans e sinaliza\u00e7\u00e3o nas vias de Jaragu\u00e1, Petrolina"},"content":{"rendered":"<div><span style=\"background-color: transparent; font-size: 1rem;\">O Departamento Estadual de Tr\u00e2nsito de Goi\u00e1s (Detran-GO) empenha esfor\u00e7os para levar melhorias as usu\u00e1rios das Ciretrans Regionais em todo o Estado. Nesta ter\u00e7a-feira (13 de abril) o presidente da autarquia, Marcos Roberto Silva, junto com o diretor t\u00e9cnico Isac Silva de Souza, discutiu benfeitorias para Jaragu\u00e1, Petrolina de Goi\u00e1s e Itaguaru.<\/span><\/div>\n<div><\/div>\n<div>Em Jaragu\u00e1, o presidente do Detran-GO se reuniu com o prefeito da cidade, Paulo Victor (DEM), e com a supervisora da Ciretran local, Regina Braz de Lima.&nbsp;<\/div>\n<div>A 120 quil\u00f4metros de Goi\u00e2nia, Jaragu\u00e1 possui popula\u00e7\u00e3o estimada em mais de 50 mil habitantes e frota de 26.472 ve\u00edculos. Para otimizar o atendimento aos usu\u00e1rios do munic\u00edpio a Ciretran vai mudar de lugar e unir-se ao Vapt Vupt local, unificando os atendimentos Al\u00e9m disso, mais m\u00e9dicos ser\u00e3o lotados na Ciretran Jaragu\u00e1 para cobrir a alta demanda de exames, ocasionada principalmente pelo programa CNH Social.<\/div>\n<div><\/div>\n<div>Em parceria com a prefeitura de Jaragu\u00e1, o Detran-GO vai iniciar ainda um novo projeto de sinaliza\u00e7\u00e3o de tr\u00e2nsito para o munic\u00edpio. A ideia \u00e9 analisar os pontos de maior vulnerabilidade em que podem ocorrer conflitos de tr\u00e2nsito e aperfei\u00e7oar as sinaliza\u00e7\u00f5es no local.<\/div>\n<div><\/div>\n<div>Ainda nesta ter\u00e7a-feira, o presidente do Detran-GO esteve com Tiago Contador (PSL) prefeito de Petrolina de Goi\u00e1s, e com o prefeito de Itaguaru, Fernando Ara\u00fajo (PDT).<\/div>\n","protected":false},"excerpt":{"rendered":"<p>O Departamento Estadual de Tr\u00e2nsito de Goi\u00e1s (Detran-GO) empenha esfor\u00e7os para levar melhorias as usu\u00e1rios das Ciretrans Regionais em todo o Estado. Nesta ter\u00e7a-feira (13 de abril) o presidente da autarquia, Marcos Roberto Silva, junto com o diretor t\u00e9cnico Isac Silva de Souza, discutiu benfeitorias para Jaragu\u00e1, Petrolina de Goi\u00e1s e Itaguaru. Em Jaragu\u00e1, o [&hellip;]<\/p>\n","protected":false},"author":1,"featured_media":4538,"comment_status":"closed","ping_status":"open","sticky":false,"template":"","format":"standard","meta":{"footnotes":"","_links_to":"","_links_to_target":""},"categories":[10],"tags":[],"class_list":["post-2108","post","type-post","status-publish","format-standard","has-post-thumbnail","hentry","category-noticias"],"rttpg_featured_image_url":{"full":["https:\/\/goias.gov.br\/detran\/wp-content\/uploads\/sites\/8\/2023\/05\/2108.jpg",0,0,false],"landscape":["https:\/\/goias.gov.br\/detran\/wp-content\/uploads\/sites\/8\/2023\/05\/2108.jpg",0,0,false],"portraits":["https:\/\/goias.gov.br\/detran\/wp-content\/uploads\/sites\/8\/2023\/05\/2108.jpg",0,0,false],"thumbnail":["https:\/\/goias.gov.br\/detran\/wp-content\/uploads\/sites\/8\/2023\/05\/2108.jpg",1,1,false],"medium":["https:\/\/goias.gov.br\/detran\/wp-content\/uploads\/sites\/8\/2023\/05\/2108.jpg",1,1,false],"large":["https:\/\/goias.gov.br\/detran\/wp-content\/uploads\/sites\/8\/2023\/05\/2108.jpg",1,1,false],"1536x1536":["https:\/\/goias.gov.br\/detran\/wp-content\/uploads\/sites\/8\/2023\/05\/2108.jpg",1,1,false],"2048x2048":["https:\/\/goias.gov.br\/detran\/wp-content\/uploads\/sites\/8\/2023\/05\/2108.jpg",1,1,false]},"rttpg_author":{"display_name":"wagner.viana","author_link":"https:\/\/goias.gov.br\/detran\/author\/wagner-viana\/"},"rttpg_comment":0,"rttpg_category":"<a href=\"https:\/\/goias.gov.br\/detran\/categoria\/noticias\/\" rel=\"category tag\">Not\u00edcias<\/a>","rttpg_excerpt":"O Departamento Estadual de Tr\u00e2nsito de Goi\u00e1s (Detran-GO) empenha esfor\u00e7os para levar melhorias as usu\u00e1rios das Ciretrans Regionais em todo o Estado. Nesta ter\u00e7a-feira (13 de abril) o presidente da autarquia, Marcos Roberto Silva, junto com o diretor t\u00e9cnico Isac Silva de Souza, discutiu benfeitorias para Jaragu\u00e1, Petrolina de Goi\u00e1s e Itaguaru. Em Jaragu\u00e1, o&hellip;","_links":{"self":[{"href":"https:\/\/goias.gov.br\/detran\/wp-json\/wp\/v2\/posts\/2108","targetHints":{"allow":["GET"]}}],"collection":[{"href":"https:\/\/goias.gov.br\/detran\/wp-json\/wp\/v2\/posts"}],"about":[{"href":"https:\/\/goias.gov.br\/detran\/wp-json\/wp\/v2\/types\/post"}],"author":[{"embeddable":true,"href":"https:\/\/goias.gov.br\/detran\/wp-json\/wp\/v2\/users\/1"}],"replies":[{"embeddable":true,"href":"https:\/\/goias.gov.br\/detran\/wp-json\/wp\/v2\/comments?post=2108"}],"version-history":[{"count":0,"href":"https:\/\/goias.gov.br\/detran\/wp-json\/wp\/v2\/posts\/2108\/revisions"}],"wp:featuredmedia":[{"embeddable":true,"href":"https:\/\/goias.gov.br\/detran\/wp-json\/wp\/v2\/media\/4538"}],"wp:attachment":[{"href":"https:\/\/goias.gov.br\/detran\/wp-json\/wp\/v2\/media?parent=2108"}],"wp:term":[{"taxonomy":"category","embeddable":true,"href":"https:\/\/goias.gov.br\/detran\/wp-json\/wp\/v2\/categories?post=2108"},{"taxonomy":"post_tag","embeddable":true,"href":"https:\/\/goias.gov.br\/detran\/wp-json\/wp\/v2\/tags?post=2108"}],"curies":[{"name":"wp","href":"https:\/\/api.w.org\/{rel}","templated":true}]}}