

{"id":210082,"date":"2024-04-22T16:43:03","date_gmt":"2024-04-22T19:43:03","guid":{"rendered":"https:\/\/goias.gov.br\/detran\/?p=210082"},"modified":"2024-04-22T16:43:59","modified_gmt":"2024-04-22T19:43:59","slug":"pagamentos-recebidos-hoje-22-pela-caixa-serao-compensados-amanha-23","status":"publish","type":"post","link":"https:\/\/goias.gov.br\/detran\/pagamentos-recebidos-hoje-22-pela-caixa-serao-compensados-amanha-23\/","title":{"rendered":"Pagamentos recebidos hoje (22) pela Caixa ser\u00e3o compensados amanh\u00e3 (23)"},"content":{"rendered":"\n<p>O Detran-GO informa que os pagamentos de Documento \u00danico de Arrecada\u00e7\u00e3o (DUA) feitos pelos usu\u00e1rios \u00e0 Caixa Econ\u00f4mica Federal nesta segunda-feira s\u00f3 devem ser compensados amanh\u00e3, dia (23). A falta de confirma\u00e7\u00e3o dos pagamentos impede o andamento dos servi\u00e7os de ve\u00edculos e habilita\u00e7\u00e3o.<\/p>\n\n\n\n<p>O Detran-GO j\u00e1 acionou a Caixa que confirmou o problema e afirmou que tem atuado para que a corre\u00e7\u00e3o ocorra o quanto antes. O reenvio dos pagamentos feitos nesta segunda-feira (22) ocorrer\u00e1 na pr\u00f3xima madrugada.<\/p>\n\n\n\n<p>O processamento ser\u00e1 feita com a data de hoje n\u00e3o ocasionando preju\u00edzos financeiros aos clientes do Detran-GO. Por\u00e9m, a continuidade dos servi\u00e7os s\u00f3 poder\u00e1 ocorrer ap\u00f3s a confirma\u00e7\u00e3o do pagamento pela institui\u00e7\u00e3o financeira.<\/p>\n\n\n\n<p><\/p>\n","protected":false},"excerpt":{"rendered":"<p>O Detran-GO informa que os pagamentos de Documento \u00danico de Arrecada\u00e7\u00e3o (DUA) feitos pelos usu\u00e1rios \u00e0 Caixa Econ\u00f4mica Federal nesta segunda-feira s\u00f3 devem ser compensados amanh\u00e3, dia (23). A falta de confirma\u00e7\u00e3o dos pagamentos impede o andamento dos servi\u00e7os de ve\u00edculos e habilita\u00e7\u00e3o. O Detran-GO j\u00e1 acionou a Caixa que confirmou o problema e afirmou [&hellip;]<\/p>\n","protected":false},"author":49,"featured_media":210083,"comment_status":"closed","ping_status":"open","sticky":false,"template":"","format":"standard","meta":{"footnotes":"","_links_to":"","_links_to_target":""},"categories":[10],"tags":[],"class_list":["post-210082","post","type-post","status-publish","format-standard","has-post-thumbnail","hentry","category-noticias"],"rttpg_featured_image_url":{"full":["https:\/\/goias.gov.br\/detran\/wp-content\/uploads\/sites\/8\/2024\/04\/arraste-para-o-lado-1.png",1080,1080,false],"landscape":["https:\/\/goias.gov.br\/detran\/wp-content\/uploads\/sites\/8\/2024\/04\/arraste-para-o-lado-1.png",1080,1080,false],"portraits":["https:\/\/goias.gov.br\/detran\/wp-content\/uploads\/sites\/8\/2024\/04\/arraste-para-o-lado-1.png",1080,1080,false],"thumbnail":["https:\/\/goias.gov.br\/detran\/wp-content\/uploads\/sites\/8\/2024\/04\/arraste-para-o-lado-1.png",150,150,false],"medium":["https:\/\/goias.gov.br\/detran\/wp-content\/uploads\/sites\/8\/2024\/04\/arraste-para-o-lado-1.png",300,300,false],"large":["https:\/\/goias.gov.br\/detran\/wp-content\/uploads\/sites\/8\/2024\/04\/arraste-para-o-lado-1.png",1024,1024,false],"1536x1536":["https:\/\/goias.gov.br\/detran\/wp-content\/uploads\/sites\/8\/2024\/04\/arraste-para-o-lado-1.png",1080,1080,false],"2048x2048":["https:\/\/goias.gov.br\/detran\/wp-content\/uploads\/sites\/8\/2024\/04\/arraste-para-o-lado-1.png",1080,1080,false]},"rttpg_author":{"display_name":"barbaracb","author_link":"https:\/\/goias.gov.br\/detran\/author\/barbaracb\/"},"rttpg_comment":0,"rttpg_category":"<a href=\"https:\/\/goias.gov.br\/detran\/categoria\/noticias\/\" rel=\"category tag\">Not\u00edcias<\/a>","rttpg_excerpt":"O Detran-GO informa que os pagamentos de Documento \u00danico de Arrecada\u00e7\u00e3o (DUA) feitos pelos usu\u00e1rios \u00e0 Caixa Econ\u00f4mica Federal nesta segunda-feira s\u00f3 devem ser compensados amanh\u00e3, dia (23). A falta de confirma\u00e7\u00e3o dos pagamentos impede o andamento dos servi\u00e7os de ve\u00edculos e habilita\u00e7\u00e3o. O Detran-GO j\u00e1 acionou a Caixa que confirmou o problema e afirmou&hellip;","_links":{"self":[{"href":"https:\/\/goias.gov.br\/detran\/wp-json\/wp\/v2\/posts\/210082","targetHints":{"allow":["GET"]}}],"collection":[{"href":"https:\/\/goias.gov.br\/detran\/wp-json\/wp\/v2\/posts"}],"about":[{"href":"https:\/\/goias.gov.br\/detran\/wp-json\/wp\/v2\/types\/post"}],"author":[{"embeddable":true,"href":"https:\/\/goias.gov.br\/detran\/wp-json\/wp\/v2\/users\/49"}],"replies":[{"embeddable":true,"href":"https:\/\/goias.gov.br\/detran\/wp-json\/wp\/v2\/comments?post=210082"}],"version-history":[{"count":2,"href":"https:\/\/goias.gov.br\/detran\/wp-json\/wp\/v2\/posts\/210082\/revisions"}],"predecessor-version":[{"id":210085,"href":"https:\/\/goias.gov.br\/detran\/wp-json\/wp\/v2\/posts\/210082\/revisions\/210085"}],"wp:featuredmedia":[{"embeddable":true,"href":"https:\/\/goias.gov.br\/detran\/wp-json\/wp\/v2\/media\/210083"}],"wp:attachment":[{"href":"https:\/\/goias.gov.br\/detran\/wp-json\/wp\/v2\/media?parent=210082"}],"wp:term":[{"taxonomy":"category","embeddable":true,"href":"https:\/\/goias.gov.br\/detran\/wp-json\/wp\/v2\/categories?post=210082"},{"taxonomy":"post_tag","embeddable":true,"href":"https:\/\/goias.gov.br\/detran\/wp-json\/wp\/v2\/tags?post=210082"}],"curies":[{"name":"wp","href":"https:\/\/api.w.org\/{rel}","templated":true}]}}