

{"id":2100,"date":"2021-04-09T12:04:00","date_gmt":"2021-04-09T12:04:00","guid":{"rendered":"https:\/\/wwwhomolog.detran.go.gov.br\/?p=2100"},"modified":"-0001-11-30T00:00:00","modified_gmt":"-0001-11-30T03:00:00","slug":"2100","status":"publish","type":"post","link":"https:\/\/goias.gov.br\/detran\/2100\/","title":{"rendered":"Programa CNH Social realiza sonho de aposentado que lutava por Carteira de Habilita\u00e7\u00e3o Especial"},"content":{"rendered":"<div>A batalha do aposentado Valdenor Rodrigues Chaves, de 62 anos, para tirar a Carteira de Habilita\u00e7\u00e3o Especial terminou com final feliz nesta sexta-feira (09\/04). Ele foi a segunda pessoa com defici\u00eancia (PCD) a ser contemplada pelo programa CNH Social, realizado pelo Governo de Goi\u00e1s por meio do Departamento Estadual de Tr\u00e2nsito de Goi\u00e1s (Detran-GO).<\/div>\n<div><\/div>\n<div>O programa beneficia pessoas de baixa renda que querem obter, adicionar ou mudar a categoria da habilita\u00e7\u00e3o gratuitamente. Valdenor conta que sempre sonhou em tirar a sua Carteira de Habilita\u00e7\u00e3o Especial, participou do processo algumas vezes, mas foi reprovado. O seu filho mais novo, Marcelo Moraes, quis ent\u00e3o presentear o pai e o inscreveu no programa CNH Social.&nbsp;<\/div>\n<div><\/div>\n<div>Marcelo preferiu n\u00e3o contar da inscri\u00e7\u00e3o. A ideia era surpreender o pai caso o mesmo fosse selecionado, o que acabou acontecendo. \u201cMeu filho veio correndo me abra\u00e7ar e falar que eu tinha sido selecionado, eu n\u00e3o entendi nada. At\u00e9 que ele me contou que havia me inscrito no programa da CNH Social e que eu havia sido contemplado pelo projeto\u201d, relata.&nbsp;<\/div>\n<div><\/div>\n<div>Com isso, todo o processo de habilita\u00e7\u00e3o do aposentado foi gratuito. Os beneficiados com a CNH Social recebem isen\u00e7\u00e3o de taxas como inclus\u00e3o no Renach, Licen\u00e7a de Aprendizagem de Dire\u00e7\u00e3o Veicular, agendamento de prova te\u00f3rica, agendamento de exame pr\u00e1tico, exame m\u00e9dico e psicol\u00f3gico. O candidato classificado dentro do n\u00famero de vagas para PCD tamb\u00e9m se abst\u00e9m de pagar pela junta m\u00e9dica. Por meio de parcerias com os Centros de Forma\u00e7\u00e3o de Condutores (CFCs), s\u00e3o oferecidos ainda o curso te\u00f3rico de legisla\u00e7\u00e3o de tr\u00e2nsito, as aulas pr\u00e1ticas de dire\u00e7\u00e3o e at\u00e9 tr\u00eas retestes gratuitos.<\/div>\n<div><\/div>\n<div><b>Supera\u00e7\u00e3o<\/b><\/div>\n<div>Por conta das reprova\u00e7\u00f5es passadas, Valdenor estava com as expectativas baixas e n\u00e3o conseguia acreditar que poderia enfim ter sua habilita\u00e7\u00e3o. \u201cNa hora que Marcelo me contou, um filme passou pela minha cabe\u00e7a. Eu estava com medo de ser reprovado novamente. Mas, assim que eu cheguei para abrir o processo foi tudo diferente, fui muito bem tratado em todas as etapas\u201d, lembra.<\/div>\n<div><\/div>\n<div>Valdenor ressalta o quanto foi importante realizar suas aulas pr\u00e1ticas com um bom instrutor.&nbsp; Para ele, a dedica\u00e7\u00e3o de seu professor de dire\u00e7\u00e3o, Jos\u00e9 Humberto, foi fundamental para sua aprendizagem e aprova\u00e7\u00e3o. Suas aulas e prova pr\u00e1tica foram realizadas em um carro adaptado autom\u00e1tico com dire\u00e7\u00e3o el\u00e9trica.&nbsp;<\/div>\n<div><\/div>\n<div>Em fevereiro, Valdenor fez sua primeira prova pr\u00e1tica e foi reprovado. Mas persistiu e foi aprovado no reteste. Rec\u00e9m-habilitado, Valdenor declara: \u201cN\u00e3o vejo a hora de poder dirigir por a\u00ed, vai ser mais uma supera\u00e7\u00e3o na minha vida\u201d.<\/div>\n<div><\/div>\n<div><b>Trabalho volunt\u00e1rio<\/b><\/div>\n<div>Valdenor trabalhava na Celg como soldador em 1987 quando sofreu um acidente de trabalho. Foi eletrocutado por uma alta descarga el\u00e9trica e, em consequ\u00eancia disso, perdeu os membros superiores. \u201cDesde ent\u00e3o, sou pessoa com defici\u00eancia e me aposentei por invalidez. Mas isso nunca me desanimou, minha palavra de ordem \u00e9 supera\u00e7\u00e3o\u201d, garante Valdenor.&nbsp;<\/div>\n<div><\/div>\n<div>Prova disso \u00e9 que realiza, junto com a esposa Sandra do Socorro Reis Moraes, um trabalho volunt\u00e1rio em escolas estaduais e municipais em Goi\u00e2nia. O projeto consiste em palestras motivacionais para jovens e adolescentes.&nbsp;<\/div>\n<div><\/div>\n<div>\u201cEu e Sandra achamos muito importante fazer esse trabalho social, ainda mais do jeito que a sociedade vai indo, muitos jovens ficam sem motiva\u00e7\u00e3o. Nos encontros conversamos com eles sobre supera\u00e7\u00e3o, levamos palavras motivacionais e usamos instrumentos musicais. Eu uso uma pr\u00f3tese e toco bateria. Os jovens ficam impressionados ao descobrirem que eu sou PCD e que toco bateria\u201d, relata.<\/div>\n","protected":false},"excerpt":{"rendered":"<p>A batalha do aposentado Valdenor Rodrigues Chaves, de 62 anos, para tirar a Carteira de Habilita\u00e7\u00e3o Especial terminou com final feliz nesta sexta-feira (09\/04). Ele foi a segunda pessoa com defici\u00eancia (PCD) a ser contemplada pelo programa CNH Social, realizado pelo Governo de Goi\u00e1s por meio do Departamento Estadual de Tr\u00e2nsito de Goi\u00e1s (Detran-GO). O [&hellip;]<\/p>\n","protected":false},"author":1,"featured_media":4530,"comment_status":"closed","ping_status":"open","sticky":false,"template":"","format":"standard","meta":{"footnotes":"","_links_to":"","_links_to_target":""},"categories":[10],"tags":[],"class_list":["post-2100","post","type-post","status-publish","format-standard","has-post-thumbnail","hentry","category-noticias"],"rttpg_featured_image_url":{"full":["https:\/\/goias.gov.br\/detran\/wp-content\/uploads\/sites\/8\/2023\/05\/2100.jpg",0,0,false],"landscape":["https:\/\/goias.gov.br\/detran\/wp-content\/uploads\/sites\/8\/2023\/05\/2100.jpg",0,0,false],"portraits":["https:\/\/goias.gov.br\/detran\/wp-content\/uploads\/sites\/8\/2023\/05\/2100.jpg",0,0,false],"thumbnail":["https:\/\/goias.gov.br\/detran\/wp-content\/uploads\/sites\/8\/2023\/05\/2100.jpg",1,1,false],"medium":["https:\/\/goias.gov.br\/detran\/wp-content\/uploads\/sites\/8\/2023\/05\/2100.jpg",1,1,false],"large":["https:\/\/goias.gov.br\/detran\/wp-content\/uploads\/sites\/8\/2023\/05\/2100.jpg",1,1,false],"1536x1536":["https:\/\/goias.gov.br\/detran\/wp-content\/uploads\/sites\/8\/2023\/05\/2100.jpg",1,1,false],"2048x2048":["https:\/\/goias.gov.br\/detran\/wp-content\/uploads\/sites\/8\/2023\/05\/2100.jpg",1,1,false]},"rttpg_author":{"display_name":"wagner.viana","author_link":"https:\/\/goias.gov.br\/detran\/author\/wagner-viana\/"},"rttpg_comment":0,"rttpg_category":"<a href=\"https:\/\/goias.gov.br\/detran\/categoria\/noticias\/\" rel=\"category tag\">Not\u00edcias<\/a>","rttpg_excerpt":"A batalha do aposentado Valdenor Rodrigues Chaves, de 62 anos, para tirar a Carteira de Habilita\u00e7\u00e3o Especial terminou com final feliz nesta sexta-feira (09\/04). Ele foi a segunda pessoa com defici\u00eancia (PCD) a ser contemplada pelo programa CNH Social, realizado pelo Governo de Goi\u00e1s por meio do Departamento Estadual de Tr\u00e2nsito de Goi\u00e1s (Detran-GO). O&hellip;","_links":{"self":[{"href":"https:\/\/goias.gov.br\/detran\/wp-json\/wp\/v2\/posts\/2100","targetHints":{"allow":["GET"]}}],"collection":[{"href":"https:\/\/goias.gov.br\/detran\/wp-json\/wp\/v2\/posts"}],"about":[{"href":"https:\/\/goias.gov.br\/detran\/wp-json\/wp\/v2\/types\/post"}],"author":[{"embeddable":true,"href":"https:\/\/goias.gov.br\/detran\/wp-json\/wp\/v2\/users\/1"}],"replies":[{"embeddable":true,"href":"https:\/\/goias.gov.br\/detran\/wp-json\/wp\/v2\/comments?post=2100"}],"version-history":[{"count":0,"href":"https:\/\/goias.gov.br\/detran\/wp-json\/wp\/v2\/posts\/2100\/revisions"}],"wp:featuredmedia":[{"embeddable":true,"href":"https:\/\/goias.gov.br\/detran\/wp-json\/wp\/v2\/media\/4530"}],"wp:attachment":[{"href":"https:\/\/goias.gov.br\/detran\/wp-json\/wp\/v2\/media?parent=2100"}],"wp:term":[{"taxonomy":"category","embeddable":true,"href":"https:\/\/goias.gov.br\/detran\/wp-json\/wp\/v2\/categories?post=2100"},{"taxonomy":"post_tag","embeddable":true,"href":"https:\/\/goias.gov.br\/detran\/wp-json\/wp\/v2\/tags?post=2100"}],"curies":[{"name":"wp","href":"https:\/\/api.w.org\/{rel}","templated":true}]}}