

{"id":209065,"date":"2023-12-27T08:20:28","date_gmt":"2023-12-27T11:20:28","guid":{"rendered":"https:\/\/goias.gov.br\/detran\/?p=209065"},"modified":"2023-12-27T08:20:28","modified_gmt":"2023-12-27T11:20:28","slug":"prorrogada-ate-final-de-2024-a-validade-de-processos-de-habilitacao","status":"publish","type":"post","link":"https:\/\/goias.gov.br\/detran\/prorrogada-ate-final-de-2024-a-validade-de-processos-de-habilitacao\/","title":{"rendered":"Prorrogada at\u00e9 final de 2024 a validade de processos de habilita\u00e7\u00e3o"},"content":{"rendered":"\n<p>O Conselho Nacional de Tr\u00e2nsito (Contran) prorrogou os prazos dos processos de forma\u00e7\u00e3o de condutores de ve\u00edculos que venceriam neste final de ano. De acordo com a resolu\u00e7\u00e3o publicada na ter\u00e7a-feira (26\/12), os condutores em forma\u00e7\u00e3o ter\u00e3o at\u00e9 31 de dezembro de 2024 para finalizarem os seus processos junto ao Departamento Estadual de Tr\u00e2nsito (Detran).<\/p>\n\n\n\n<p>De acordo com o Contran, o novo prazo \u00e9 v\u00e1lido para todos os processos de habilita\u00e7\u00e3o ativos no \u00f3rg\u00e3o. &#8220;Os candidatos \u00e0 primeira CNH ter\u00e3o agora um prazo maior para agendar suas provas e concluir seus processos&#8221;, pontuou o presidente do Detran-GO, Delegado Waldir. A medida ir\u00e1 beneficiar cerca de 86 mil candidatos \u00e0 habilita\u00e7\u00e3o em Goi\u00e1s.<\/p>\n","protected":false},"excerpt":{"rendered":"<p>O Conselho Nacional de Tr\u00e2nsito (Contran) prorrogou os prazos dos processos de forma\u00e7\u00e3o de condutores de ve\u00edculos que venceriam neste final de ano. De acordo com a resolu\u00e7\u00e3o publicada na ter\u00e7a-feira (26\/12), os condutores em forma\u00e7\u00e3o ter\u00e3o at\u00e9 31 de dezembro de 2024 para finalizarem os seus processos junto ao Departamento Estadual de Tr\u00e2nsito (Detran). [&hellip;]<\/p>\n","protected":false},"author":46,"featured_media":209066,"comment_status":"closed","ping_status":"open","sticky":false,"template":"","format":"standard","meta":{"footnotes":"","_links_to":"","_links_to_target":""},"categories":[10],"tags":[],"class_list":["post-209065","post","type-post","status-publish","format-standard","has-post-thumbnail","hentry","category-noticias"],"rttpg_featured_image_url":{"full":["https:\/\/goias.gov.br\/detran\/wp-content\/uploads\/sites\/8\/2023\/12\/Texto_do_seu_paragrafo_23.jpg",1080,1080,false],"landscape":["https:\/\/goias.gov.br\/detran\/wp-content\/uploads\/sites\/8\/2023\/12\/Texto_do_seu_paragrafo_23.jpg",1080,1080,false],"portraits":["https:\/\/goias.gov.br\/detran\/wp-content\/uploads\/sites\/8\/2023\/12\/Texto_do_seu_paragrafo_23.jpg",1080,1080,false],"thumbnail":["https:\/\/goias.gov.br\/detran\/wp-content\/uploads\/sites\/8\/2023\/12\/Texto_do_seu_paragrafo_23.jpg",150,150,false],"medium":["https:\/\/goias.gov.br\/detran\/wp-content\/uploads\/sites\/8\/2023\/12\/Texto_do_seu_paragrafo_23.jpg",300,300,false],"large":["https:\/\/goias.gov.br\/detran\/wp-content\/uploads\/sites\/8\/2023\/12\/Texto_do_seu_paragrafo_23.jpg",1024,1024,false],"1536x1536":["https:\/\/goias.gov.br\/detran\/wp-content\/uploads\/sites\/8\/2023\/12\/Texto_do_seu_paragrafo_23.jpg",1080,1080,false],"2048x2048":["https:\/\/goias.gov.br\/detran\/wp-content\/uploads\/sites\/8\/2023\/12\/Texto_do_seu_paragrafo_23.jpg",1080,1080,false]},"rttpg_author":{"display_name":"cleybetsls","author_link":"https:\/\/goias.gov.br\/detran\/author\/cleybetsls\/"},"rttpg_comment":0,"rttpg_category":"<a href=\"https:\/\/goias.gov.br\/detran\/categoria\/noticias\/\" rel=\"category tag\">Not\u00edcias<\/a>","rttpg_excerpt":"O Conselho Nacional de Tr\u00e2nsito (Contran) prorrogou os prazos dos processos de forma\u00e7\u00e3o de condutores de ve\u00edculos que venceriam neste final de ano. De acordo com a resolu\u00e7\u00e3o publicada na ter\u00e7a-feira (26\/12), os condutores em forma\u00e7\u00e3o ter\u00e3o at\u00e9 31 de dezembro de 2024 para finalizarem os seus processos junto ao Departamento Estadual de Tr\u00e2nsito (Detran).&hellip;","_links":{"self":[{"href":"https:\/\/goias.gov.br\/detran\/wp-json\/wp\/v2\/posts\/209065","targetHints":{"allow":["GET"]}}],"collection":[{"href":"https:\/\/goias.gov.br\/detran\/wp-json\/wp\/v2\/posts"}],"about":[{"href":"https:\/\/goias.gov.br\/detran\/wp-json\/wp\/v2\/types\/post"}],"author":[{"embeddable":true,"href":"https:\/\/goias.gov.br\/detran\/wp-json\/wp\/v2\/users\/46"}],"replies":[{"embeddable":true,"href":"https:\/\/goias.gov.br\/detran\/wp-json\/wp\/v2\/comments?post=209065"}],"version-history":[{"count":1,"href":"https:\/\/goias.gov.br\/detran\/wp-json\/wp\/v2\/posts\/209065\/revisions"}],"predecessor-version":[{"id":209067,"href":"https:\/\/goias.gov.br\/detran\/wp-json\/wp\/v2\/posts\/209065\/revisions\/209067"}],"wp:featuredmedia":[{"embeddable":true,"href":"https:\/\/goias.gov.br\/detran\/wp-json\/wp\/v2\/media\/209066"}],"wp:attachment":[{"href":"https:\/\/goias.gov.br\/detran\/wp-json\/wp\/v2\/media?parent=209065"}],"wp:term":[{"taxonomy":"category","embeddable":true,"href":"https:\/\/goias.gov.br\/detran\/wp-json\/wp\/v2\/categories?post=209065"},{"taxonomy":"post_tag","embeddable":true,"href":"https:\/\/goias.gov.br\/detran\/wp-json\/wp\/v2\/tags?post=209065"}],"curies":[{"name":"wp","href":"https:\/\/api.w.org\/{rel}","templated":true}]}}